{"id":118264,"date":"2025-12-20T15:22:11","date_gmt":"2025-12-20T15:22:11","guid":{"rendered":"https:\/\/www.europesays.com\/no\/118264\/"},"modified":"2025-12-20T15:22:11","modified_gmt":"2025-12-20T15:22:11","slug":"vaer-finvaer-endelig-sol-det-er-fantastisk","status":"publish","type":"post","link":"https:\/\/www.europesays.com\/no\/118264\/","title":{"rendered":"V\u00e6r, Finv\u00e6r | Endelig sol: \u2013 Det er fantastisk!"},"content":{"rendered":"\n<p>\u2013 N\u00e5 har solen tittet frem over Bergen, det er helt fantastisk!<\/p>\n<p>Ting kan tyde p\u00e5 at ogs\u00e5 meteorolog Ingrid Opheim Bekkelund har blitt lei av det evinnelige regnet vi har hatt de siste ukene.<\/p>\n<p>Selv for Bergen \u00e5 v\u00e6re har det v\u00e6rt skikkelig v\u00e5tt.<\/p>\n<p>\u2013 Desember har s\u00e5 langt v\u00e6rt preget av lavtrykk som har kommet p\u00e5 rekke og rad, bekrefter Bekkelund.<\/p>\n<p>Men, n\u00e5 har hun gode nyheter \u00e5 komme med:<\/p>\n<p><b>\u2013 Det har endelig bygget seg opp et h\u00f8ytrykk over oss her i S\u00f8r-Norge, som gir lite vind og oppholdsv\u00e6r. Og det ser ut til \u00e5 vare frem mot neste helg.<\/b><\/p>\n<p>\u2013 Skal ned p\u00e5 gradestokken<\/p>\n<p>Det skal sies at l\u00f8rdag fortsatt kan by p\u00e5 enkelte byger, men utover kvelden skal det klarne opp.<\/p>\n<p>\u2013 Det er mulighet for enkelte lettere byger utover ettermiddagen l\u00f8rdag, det er litt v\u00e6r som fortsatt ligger ute i havet som kommer inn. Men utover kvelden skal bygene gi seg, forteller Bekkelund.<\/p>\n<p>Med oppholdsv\u00e6r kommer litt kj\u00f8ligere temperaturer.<\/p>\n<p>\u2013 Vi skal litt ned p\u00e5 gradestokken, og temperaturene vil variere mellom to og fem grader.<\/p>\n<p>Klar natt julaften<\/p>\n<p>Noe h\u00e5p om sn\u00f8 og hvit jul er det absolutt ikke.<\/p>\n<p><b>\u2013 Julaften f\u00e5r vi en klar natt, hvor vi kan f\u00e5 ned mot null grader om natten. Det kan v\u00e6re man v\u00e5kner til litt morgenfrost og rim p\u00e5 bakken, men det er nok det eneste hvite vi f\u00e5r.<\/b><\/p>\n<p>Tr\u00f8sten f\u00e5r v\u00e6re at man i det minste kan pakke vekk paraplyen for en stund.<\/p>\n<p>\u2013 Det er nok bedre \u00e5 finne frem mer vinterlige kl\u00e6r.<\/p>\n<p>Med hele 11 dager til nytt\u00e5rsaften er det h\u00f8y usikkerhet om vi f\u00e5r godt fyrverkeri-v\u00e6r p\u00e5 \u00e5rets siste dag.<\/p>\n<p>\u2013 Det er store variasjoner i prognosene, s\u00e5 vi m\u00e5 nesten bare vente og se.<\/p>\n","protected":false},"excerpt":{"rendered":"\u2013 N\u00e5 har solen tittet frem over Bergen, det er helt fantastisk! Ting kan tyde p\u00e5 at ogs\u00e5&hellip;\n","protected":false},"author":2,"featured_media":118265,"comment_status":"","ping_status":"","sticky":false,"template":"","format":"standard","meta":{"footnotes":""},"categories":[10],"tags":[36,20,21,6645,24,25,14198,15,5593,22,23,4615,13,30,28,29,14,16,1510,26,27,553],"class_list":{"0":"post-118264","1":"post","2":"type-post","3":"status-publish","4":"format-standard","5":"has-post-thumbnail","7":"category-norge","8":"tag-art","9":"tag-breaking-news","10":"tag-breakingnews","11":"tag-desember","12":"tag-featured-news","13":"tag-featurednews","14":"tag-finvaer","15":"tag-headlines","16":"tag-jul","17":"tag-latest-news","18":"tag-latestnews","19":"tag-meteorologen","20":"tag-news","21":"tag-no","22":"tag-norge","23":"tag-norway","24":"tag-nyheter","25":"tag-overskrifter","26":"tag-story","27":"tag-top-stories","28":"tag-topstories","29":"tag-vaer"},"share_on_mastodon":{"url":"https:\/\/pubeurope.com\/@no\/115752583103146791","error":""},"_links":{"self":[{"href":"https:\/\/www.europesays.com\/no\/wp-json\/wp\/v2\/posts\/118264","targetHints":{"allow":["GET"]}}],"collection":[{"href":"https:\/\/www.europesays.com\/no\/wp-json\/wp\/v2\/posts"}],"about":[{"href":"https:\/\/www.europesays.com\/no\/wp-json\/wp\/v2\/types\/post"}],"author":[{"embeddable":true,"href":"https:\/\/www.europesays.com\/no\/wp-json\/wp\/v2\/users\/2"}],"replies":[{"embeddable":true,"href":"https:\/\/www.europesays.com\/no\/wp-json\/wp\/v2\/comments?post=118264"}],"version-history":[{"count":0,"href":"https:\/\/www.europesays.com\/no\/wp-json\/wp\/v2\/posts\/118264\/revisions"}],"wp:featuredmedia":[{"embeddable":true,"href":"https:\/\/www.europesays.com\/no\/wp-json\/wp\/v2\/media\/118265"}],"wp:attachment":[{"href":"https:\/\/www.europesays.com\/no\/wp-json\/wp\/v2\/media?parent=118264"}],"wp:term":[{"taxonomy":"category","embeddable":true,"href":"https:\/\/www.europesays.com\/no\/wp-json\/wp\/v2\/categories?post=118264"},{"taxonomy":"post_tag","embeddable":true,"href":"https:\/\/www.europesays.com\/no\/wp-json\/wp\/v2\/tags?post=118264"}],"curies":[{"name":"wp","href":"https:\/\/api.w.org\/{rel}","templated":true}]}}