{"id":118266,"date":"2025-12-20T15:23:14","date_gmt":"2025-12-20T15:23:14","guid":{"rendered":"https:\/\/www.europesays.com\/no\/118266\/"},"modified":"2025-12-20T15:23:14","modified_gmt":"2025-12-20T15:23:14","slug":"aleksander-aamodt-kilde-star-over-utforen-i-val-gardena","status":"publish","type":"post","link":"https:\/\/www.europesays.com\/no\/118266\/","title":{"rendered":"Aleksander Aamodt Kilde st\u00e5r over utforen i Val Gardena"},"content":{"rendered":"\n<p class=\"_lead_o9xde_2 _lead_xtcu6_50 layout-component text-serif-m layout-normal text-serif-l layout-component layout-wide layout-padded _wide_17hqh_1 layout-padded\">Aleksander Aamodt Kilde (33) f\u00f8ler seg ikke forberedt p\u00e5 \u00e5 stille til start i den krevende l\u00f8ypa i Italia.<\/p>\n<p> <img class=\"_image_qp4xg_65 layout-component layout-wide\" data-fullscreen- data-track-element-type=\"Article image fullscreen\" data-track-name=\"ImageFullscreen\" fetchpriority=\"high\" decoding=\"sync\" loading=\"eager\" height=\"102\" itemprop=\"image\"  src=\"https:\/\/www.europesays.com\/no\/wp-content\/uploads\/2025\/12\/0f2e3219ef1cae8c1c6c4eee83f44e34.jpg\"  style=\"object-position:50% 50%;aspect-ratio:1.75;height:auto;object-fit:cover;width:100%\" width=\"102\"\/>  <\/p>\n<ul aria-hidden=\"true\" class=\"_images_ntbth_112\">\n<li><a class=\"_link_ntbth_117\" href=\"https:\/\/www.vg.no\/forfatter\/sindre-espe\" style=\"z-index:1\" title=\"Sindre Espe\" rel=\"nofollow noopener\" target=\"_blank\"><img alt=\"Bilde av Sindre Espe\" class=\"_image_ntbth_93\" fetchpriority=\"low\" loading=\"lazy\" decoding=\"async\" itemprop=\"image\"  src=\"https:\/\/www.europesays.com\/no\/wp-content\/uploads\/2025\/12\/1766244194_533_5d41d29b-af5f-421d-80e6-42e6d80fe76e\"  width=\"480\"\/><\/a><\/li>\n<\/ul>\n<p> Oppdatert l\u00f8rdag 20. desember kl. 14:05    <\/p>\n<ul class=\"_list_o9xde_3 _list_64s2r_85 _unordered_o9xde_106 text-sans-m\">\n<li class=\"_item_o9xde_30\">Aleksander Aamodt Kilde st\u00e5r over l\u00f8rdagens utforrenn i Italia. <\/li>\n<li class=\"_item_o9xde_30\">Adrian Smiseth Sejersted er Norges h\u00e5p i rennet.<\/li>\n<\/ul>\n<p>Vis mer <\/p>\n<p class=\"_paragraph_o9xde_4 _paragraph_xtcu6_10 layout-component text-serif-m layout-normal text-serif-m layout-padded\">\u2013 Jeg v\u00e5knet i morges og kjente at jeg ikke hadde den f\u00f8lelsen jeg \u00f8nsket, sier han i et intervju med Viaplay.<\/p>\n<p class=\"_paragraph_o9xde_4 _paragraph_xtcu6_10 layout-component text-serif-m layout-normal text-serif-m layout-padded\">Egentlig skulle han ha st\u00e5tt p\u00e5 startstreken i utforrennet i italienske Val Gardena, men i morgentimene valgte han \u00e5 st\u00e5 over.<\/p>\n<p class=\"_paragraph_o9xde_4 _paragraph_xtcu6_10 layout-component text-serif-m layout-normal text-serif-m layout-padded\">\u2013 Jeg er ikke p\u00e5 et sted hvor jeg \u00f8nsker \u00e5 ta en risiko, rett og slett.<\/p>\n<ul class=\"_list_o9xde_3 _list_xtcu6_9 _unordered_o9xde_106 layout-component text-serif-m layout-normal text-serif-m layout-padded\">\n<li class=\"_item_o9xde_30\">Det ble <a href=\"https:\/\/www.vg.no\/sport\/i\/q6LRGL\/mot-sveitsisk-dobbeltseier-i-val-gardena-utforen\" data-track-element-type=\"Link\" data-track-id=\"link:q6LRGL\" class=\"_link_o9xde_39\" rel=\"nofollow noopener\" target=\"_blank\">dobbelt sveitsisk<\/a> i utforen. <\/li>\n<\/ul>\n<p class=\"_paragraph_o9xde_4 _paragraph_xtcu6_10 layout-component text-serif-m layout-normal text-serif-m layout-padded\">Alpinstjernen gjorde i slutten av november comeback etter 684 dager ute etter skrekkfallet i\u00a0<a href=\"https:\/\/www.vg.no\/sport\/i\/zEmpjK\/kilde-falt-rett-foer-maal-i-wengen\" data-track-element-type=\"Link\" data-track-id=\"link:zEmpjK\" class=\"_link_o9xde_39\" rel=\"nofollow noopener\" target=\"_blank\">Wengen 13. januar 2024<\/a>. Der skadet han b\u00e5de armen og leggen stygt, og fikk deretter store problemer med infeksjoner.<\/p>\n<p class=\"_paragraph_o9xde_4 _paragraph_xtcu6_10 layout-component text-serif-m layout-normal text-serif-m layout-padded\">\u2013 Du m\u00e5 v\u00e6re ordentlig klar, og det er jeg ikke. Jeg har ikke f\u00e5tt nok kilometer med lange ski p\u00e5 beina. Da velger jeg \u00e5 ta en smart avgj\u00f8relse denne gangen, forklarer han. <\/p>\n<p class=\"_paragraph_o9xde_4 _paragraph_xtcu6_10 layout-component text-serif-m layout-normal text-serif-m layout-padded\">Kilde reflekterer over hvordan fallet har p\u00e5virket konkurranseperspektivet hans. <\/p>\n<p class=\"_paragraph_o9xde_4 _paragraph_xtcu6_10 layout-component text-serif-m layout-normal text-serif-m layout-padded\">\u2013 For to \u00e5r siden, f\u00f8r jeg skadet meg, hadde dette v\u00e6rt en perfekt dag. Jeg hadde v\u00e6rt klar og hadde kj\u00f8rt om seier. N\u00e5 har ting endret seg litt. <\/p>\n<p class=\"_paragraph_o9xde_4 _paragraph_xtcu6_10 layout-component text-serif-m layout-normal text-serif-m layout-padded\">Dette er tredje dag p\u00e5 rad med fartsrenn i Val Gardena. Kilde ble nummer 42 i utforen torsdag, og nummer 27 i Super-G fredag. <\/p>\n<p class=\"_paragraph_o9xde_4 _paragraph_xtcu6_10 layout-component text-serif-m layout-normal text-serif-m layout-padded\">\u2013 Jeg vet jeg er en annen Aleksander akkurat n\u00e5. M\u00e5let er \u00e5 komme tilbake til der jeg var f\u00f8r jeg falt, men det har ikke g\u00e5tt helt veien med tanke p\u00e5 trening og det \u00e5 v\u00e6re forberedt for noe som dette.<\/p>\n<p class=\"_paragraph_o9xde_4 _paragraph_xtcu6_10 layout-component text-serif-m layout-normal text-serif-m layout-padded\">\u2013 Jeg er ikke villig til \u00e5 ta den risikoen, sier han. <\/p>\n","protected":false},"excerpt":{"rendered":"Aleksander Aamodt Kilde (33) f\u00f8ler seg ikke forberedt p\u00e5 \u00e5 stille til start i den krevende l\u00f8ypa i&hellip;\n","protected":false},"author":2,"featured_media":118267,"comment_status":"","ping_status":"","sticky":false,"template":"","format":"standard","meta":{"footnotes":""},"categories":[5],"tags":[13113,2347,249,20,21,24,25,15,19,22,23,17,18,13,30,28,29,14,16,26,27],"class_list":{"0":"post-118266","1":"post","2":"type-post","3":"status-publish","4":"format-standard","5":"has-post-thumbnail","7":"category-overskrifter","8":"tag-adrian-smiseth-sejersted","9":"tag-aleksander-aamodt-kilde","10":"tag-alpint","11":"tag-breaking-news","12":"tag-breakingnews","13":"tag-featured-news","14":"tag-featurednews","15":"tag-headlines","16":"tag-hovedoppslag","17":"tag-latest-news","18":"tag-latestnews","19":"tag-main-news","20":"tag-mainnews","21":"tag-news","22":"tag-no","23":"tag-norge","24":"tag-norway","25":"tag-nyheter","26":"tag-overskrifter","27":"tag-top-stories","28":"tag-topstories"},"share_on_mastodon":{"url":"https:\/\/pubeurope.com\/@no\/115752586817346225","error":""},"_links":{"self":[{"href":"https:\/\/www.europesays.com\/no\/wp-json\/wp\/v2\/posts\/118266","targetHints":{"allow":["GET"]}}],"collection":[{"href":"https:\/\/www.europesays.com\/no\/wp-json\/wp\/v2\/posts"}],"about":[{"href":"https:\/\/www.europesays.com\/no\/wp-json\/wp\/v2\/types\/post"}],"author":[{"embeddable":true,"href":"https:\/\/www.europesays.com\/no\/wp-json\/wp\/v2\/users\/2"}],"replies":[{"embeddable":true,"href":"https:\/\/www.europesays.com\/no\/wp-json\/wp\/v2\/comments?post=118266"}],"version-history":[{"count":0,"href":"https:\/\/www.europesays.com\/no\/wp-json\/wp\/v2\/posts\/118266\/revisions"}],"wp:featuredmedia":[{"embeddable":true,"href":"https:\/\/www.europesays.com\/no\/wp-json\/wp\/v2\/media\/118267"}],"wp:attachment":[{"href":"https:\/\/www.europesays.com\/no\/wp-json\/wp\/v2\/media?parent=118266"}],"wp:term":[{"taxonomy":"category","embeddable":true,"href":"https:\/\/www.europesays.com\/no\/wp-json\/wp\/v2\/categories?post=118266"},{"taxonomy":"post_tag","embeddable":true,"href":"https:\/\/www.europesays.com\/no\/wp-json\/wp\/v2\/tags?post=118266"}],"curies":[{"name":"wp","href":"https:\/\/api.w.org\/{rel}","templated":true}]}}