{"id":118268,"date":"2025-12-20T15:28:21","date_gmt":"2025-12-20T15:28:21","guid":{"rendered":"https:\/\/www.europesays.com\/no\/118268\/"},"modified":"2025-12-20T15:28:21","modified_gmt":"2025-12-20T15:28:21","slug":"fridde-foran-putin","status":"publish","type":"post","link":"https:\/\/www.europesays.com\/no\/118268\/","title":{"rendered":"Fridde foran Putin"},"content":{"rendered":"<p class=\"kicker text-red color_mobile_text-red\" style=\"\">Russisk journalist:<\/p>\n<p>  En russisk journalist benyttet president Vladimir Putins \u00e5rlige pressekonferanse fredag til \u00e5 fri til kj\u00e6resten sin. Han fikk ja.<\/p>\n<p>\n    Under Vladimir Putins faste \u00e5rlige mediesamling holdt Kirill Bazhanov opp et skilt der han ba kj\u00e6resten sin om \u00e5 gifte seg med ham. Han fikk ja. Foto: Gavriil Grigorov \/ Sputnik \/ Pool via AP \/ NTB\n  <\/p>\n<p>Journalisten Kirill Bazhanov reiste seg under pressekonferansen og holdt opp et skilt der det sto at han ville gifte seg. Hovedsp\u00f8rsm\u00e5let hans var ikke rettet mot Putin, men til kj\u00e6resten Olga, melder nyhetsbyr\u00e5et AP.<\/p>\n<p>Putin roste Bazhanov for den flotte sl\u00f8yfen han hadde p\u00e5 seg, og sa if\u00f8lge AP:<\/p>\n<p>\u2013 Du er klar for \u00e5 dra til tinglysningskontoret.<\/p>\n<p>        <img loading=\"lazy\" decoding=\"async\" src=\"https:\/\/www.europesays.com\/no\/wp-content\/uploads\/2025\/12\/84012747.webp\" width=\"667\" height=\"454\" title=\"Russlands president Vladimir Putin holdt sin faste \u00e5rlige pressekonferanse i Moskva fredag. Foto: Alexander Kazakov \/ Sputnik \/ Pool via AP \/ NTB\" alt=\"\" class=\"\" style=\"--aspect-ratio-image: 1.47; \"\/><\/p>\n<p>\n        Russlands president Vladimir Putin holdt sin faste \u00e5rlige pressekonferanse i Moskva fredag. Foto: Alexander Kazakov \/ Sputnik \/ Pool via AP \/ NTB\n    <\/p>\n<p>Bazhanov hadde ogs\u00e5 et sp\u00f8rsm\u00e5l til Putin om st\u00f8rre st\u00f8tte til unge familier. Senere i den fire og en halv time lange pressekonferansen fikk han beskjed om at kj\u00e6resten hadde sagt ja. Putin kom raskt med en sp\u00f8k om \u00e5 samle inn penger til bryllupet.<\/p>\n<p>Den russiske lederens \u00e5rlige mediesamling er strengt regissert, og brukes av Putin til \u00e5 polere sitt image som en faderlig skikkelse som tar opp bekymringene til vanlige russere, som sender inn sp\u00f8rsm\u00e5l p\u00e5 forh\u00e5nd.<\/p>\n<p>Den russiske presidenten fikk ogs\u00e5 sp\u00f8rsm\u00e5l av mer alvorlig art som blant annet om forsinkede pensjonsutbetalinger, mislykkede byggeprosjekter og kampene i Ukraina. Men hva han svarte p\u00e5 disse sp\u00f8rsm\u00e5lene under den lange seansen, er ikke kjent.<\/p>\n","protected":false},"excerpt":{"rendered":"Russisk journalist: En russisk journalist benyttet president Vladimir Putins \u00e5rlige pressekonferanse fredag til \u00e5 fri til kj\u00e6resten sin.&hellip;\n","protected":false},"author":2,"featured_media":118269,"comment_status":"","ping_status":"","sticky":false,"template":"","format":"standard","meta":{"footnotes":""},"categories":[12],"tags":[20,21,24,25,9351,15,22,23,13,30,28,29,14,16,188,26,27,42,186,43,44,45],"class_list":{"0":"post-118268","1":"post","2":"type-post","3":"status-publish","4":"format-standard","5":"has-post-thumbnail","7":"category-verden","8":"tag-breaking-news","9":"tag-breakingnews","10":"tag-featured-news","11":"tag-featurednews","12":"tag-frieri","13":"tag-headlines","14":"tag-latest-news","15":"tag-latestnews","16":"tag-news","17":"tag-no","18":"tag-norge","19":"tag-norway","20":"tag-nyheter","21":"tag-overskrifter","22":"tag-russland","23":"tag-top-stories","24":"tag-topstories","25":"tag-verden","26":"tag-vladimir-putin","27":"tag-world","28":"tag-world-news","29":"tag-worldnews"},"share_on_mastodon":{"url":"https:\/\/pubeurope.com\/@no\/115752606771827975","error":""},"_links":{"self":[{"href":"https:\/\/www.europesays.com\/no\/wp-json\/wp\/v2\/posts\/118268","targetHints":{"allow":["GET"]}}],"collection":[{"href":"https:\/\/www.europesays.com\/no\/wp-json\/wp\/v2\/posts"}],"about":[{"href":"https:\/\/www.europesays.com\/no\/wp-json\/wp\/v2\/types\/post"}],"author":[{"embeddable":true,"href":"https:\/\/www.europesays.com\/no\/wp-json\/wp\/v2\/users\/2"}],"replies":[{"embeddable":true,"href":"https:\/\/www.europesays.com\/no\/wp-json\/wp\/v2\/comments?post=118268"}],"version-history":[{"count":0,"href":"https:\/\/www.europesays.com\/no\/wp-json\/wp\/v2\/posts\/118268\/revisions"}],"wp:featuredmedia":[{"embeddable":true,"href":"https:\/\/www.europesays.com\/no\/wp-json\/wp\/v2\/media\/118269"}],"wp:attachment":[{"href":"https:\/\/www.europesays.com\/no\/wp-json\/wp\/v2\/media?parent=118268"}],"wp:term":[{"taxonomy":"category","embeddable":true,"href":"https:\/\/www.europesays.com\/no\/wp-json\/wp\/v2\/categories?post=118268"},{"taxonomy":"post_tag","embeddable":true,"href":"https:\/\/www.europesays.com\/no\/wp-json\/wp\/v2\/tags?post=118268"}],"curies":[{"name":"wp","href":"https:\/\/api.w.org\/{rel}","templated":true}]}}