{"id":118270,"date":"2025-12-20T15:29:15","date_gmt":"2025-12-20T15:29:15","guid":{"rendered":"https:\/\/www.europesays.com\/no\/118270\/"},"modified":"2025-12-20T15:29:15","modified_gmt":"2025-12-20T15:29:15","slug":"jonas-og-ine-trenger-hverandre","status":"publish","type":"post","link":"https:\/\/www.europesays.com\/no\/118270\/","title":{"rendered":"Jonas og Ine trenger hverandre"},"content":{"rendered":"\n<p class=\"_paragraph_o9xde_4 _paragraph_xtcu6_10 layout-component text-serif-m layout-normal text-serif-m layout-padded\">Under valgkampen tjente b\u00e5de Ap og Frp p\u00e5 \u00e5 fremstille Listhaug som den viktigste utfordreren til Jonas Gahr St\u00f8res regjering. For Ap ble fortellingen om Listhaug som en mulig statsminister et skremmebilde for de aller fleste velgerne til venstre for sentrum i norsk politikk.<\/p>\n<p class=\"_paragraph_o9xde_4 _paragraph_xtcu6_10 layout-component text-serif-m layout-normal text-serif-m layout-padded\">Taktikken fungerte. St\u00f8re ble sittende som statsminister.<\/p>\n<p class=\"_paragraph_o9xde_4 _paragraph_xtcu6_10 layout-component text-serif-m layout-normal text-serif-m layout-padded\">Men n\u00e5 er hverdagen her. N\u00e5 skal Norge styres av en mindretallsregjeringmindretallsregjeringEn regjering som ikke har flertall av setene i parlamentet, og derfor m\u00e5 s\u00f8ke st\u00f8tte fra andre partier for \u00e5 f\u00e5 vedtatt politikk. som har et usedvanlig skj\u00f8rt og uoversiktlig grunnlag bak seg i Stortinget. Med et historisk stort Frp i opposisjon. Og et usedvanlig svakt H\u00f8yre.<\/p>\n<p>Listhaug skj\u00f8t ned \u00f8nsket<\/p>\n<p class=\"_paragraph_o9xde_4 _paragraph_xtcu6_10 layout-component text-serif-m layout-normal text-serif-m layout-padded\">Det er ikke godt nytt for Ap. St\u00f8re og hans folk trenger et H\u00f8yre som kan v\u00e6re med p\u00e5 \u00e5 ta t\u00f8ffe valg. Inng\u00e5 vanskelige, men n\u00f8dvendige forlik over midtstreken. For eksempel n\u00e5r det gjelder skatt. Det er her skillet mellom h\u00f8yre- og venstresiden i politikken kanskje er aller tydeligst.<\/p>\n<p class=\"_paragraph_o9xde_4 _paragraph_xtcu6_10 layout-component text-serif-m layout-normal text-serif-m layout-padded\">Finansminister Jens Stoltenberg har \u00f8nsket seg en skattekommisjonskattekommisjonEn gruppe eksperter som settes sammen for \u00e5 vurdere og foresl\u00e5 endringer i skattesystemet. til jul.<a href=\"https:\/\/www.vg.no\/nyheter\/i\/Pd99Op\/her-er-stoltenbergs-skattekommisjon\" data-track-element-type=\"Link\" data-track-id=\"link:Pd99Op\" class=\"_link_o9xde_39\" rel=\"nofollow noopener\" target=\"_blank\"> N\u00e5 f\u00e5r han det<\/a>. Frp er det eneste partiet p\u00e5 Stortinget som har sagt nei til \u00e5 v\u00e6re med.<\/p>\n<p><img alt=\"Finansminister Jens Stoltenberg har lenge \u00f8nsket seg en skattekommisjon. N\u00e5 f\u00e5r han det.  Foto: OLIVIER MATTHYS \/ EPA \/ NTB\" class=\"_image_qp4xg_65 layout-component layout-normal\" data-fullscreen- data-track-element-type=\"Article image fullscreen\" data-track-name=\"ImageFullscreen\" decoding=\"async\" loading=\"lazy\" height=\"2001\" itemprop=\"image\"  src=\"https:\/\/www.europesays.com\/no\/wp-content\/uploads\/2025\/12\/ffa40e23-39d0-473d-b734-84a6ddf1a382\"  style=\"object-position:0% 0%\" width=\"3000\"\/>Finansminister Jens Stoltenberg har lenge \u00f8nsket seg en skattekommisjon. N\u00e5 f\u00e5r han det.  Foto: OLIVIER MATTHYS \/ EPA \/ NTB<\/p>\n<p class=\"_paragraph_o9xde_4 _paragraph_xtcu6_10 layout-component text-serif-m layout-normal text-serif-m layout-padded\">Stoltenberg fors\u00f8kte \u00e5 f\u00e5 til dette allerede i v\u00e5res. Underh\u00e5nden, i fortrolighet, unders\u00f8kte han om det var mulig \u00e5 f\u00e5 flertall for \u00e5 sette ned en slik kommisjon. Men etter at <a href=\"https:\/\/www.vg.no\/nyheter\/i\/Jb2kq7\/jens-falt-for-sylvi-sitt-grep\" data-track-element-type=\"Link\" data-track-id=\"link:Jb2kq7\" class=\"_link_o9xde_39\" rel=\"nofollow noopener\" target=\"_blank\">Frp-leder Sylvi Listhaug gikk ut offentlig og skj\u00f8t ned Stoltenbergs \u00f8nske om et bredt skatteforlik<\/a>, sa ogs\u00e5 H\u00f8yre nei til \u00e5 v\u00e6re med.<\/p>\n<p class=\"_paragraph_o9xde_4 _paragraph_xtcu6_10 layout-component text-serif-m layout-normal text-serif-m layout-padded\">Erna Solberg og hennes folk lot seg \u00e5penbart skremme av et Frp som l\u00e5 langt over dem p\u00e5 meningsm\u00e5lingene, p\u00e5 vei inn i en valgkamp der skatt l\u00e5 an til \u00e5 bli et hovedtema.<\/p>\n<p class=\"_paragraph_o9xde_4 _paragraph_xtcu6_10 layout-component text-serif-m layout-normal text-serif-m layout-padded\">N\u00e5 sier H\u00f8yre ja til en skattekommisjon. Det ligger i partiets sjel \u00e5 v\u00e6re med p\u00e5 \u00e5 ta ansvar, ogs\u00e5 n\u00e5r det inneb\u00e6rer forlik p\u00e5 tvers.<\/p>\n<p>Forlikets natur<\/p>\n<p class=\"_paragraph_o9xde_4 _paragraph_xtcu6_10 layout-component text-serif-m layout-normal text-serif-m layout-padded\">Men det er ikke lett for H\u00f8yre, dette. Frp mangler bare eneste en representant for \u00e5 v\u00e6re dobbelt s\u00e5 stort som H\u00f8yre p\u00e5 Stortinget. Og Listhaug og hennes folk er mer opptatt av \u00e5 fremst\u00e5 med harde og tydelige budskap, enn av \u00e5 inng\u00e5 forpliktende avtaler som kan fremst\u00e5 gr\u00e5 og utydelige.<\/p>\n<p><img alt=\"Trolig - nei ganske sikkert - H\u00f8yres nye ledertrio etter landsm\u00f8tet i februar. Ine Eriksen S\u00f8reide, Henrik Asheim og Ola Svenneby, her p\u00e5 vei inn til julebord torsdag i forrige uke.    Foto: Cornelius Poppe \/ NTB\" class=\"_image_qp4xg_65 layout-component layout-normal\" data-fullscreen- data-track-element-type=\"Article image fullscreen\" data-track-name=\"ImageFullscreen\" decoding=\"async\" loading=\"lazy\" height=\"5760\" itemprop=\"image\"  src=\"https:\/\/www.europesays.com\/no\/wp-content\/uploads\/2025\/12\/bec17fcb-d905-4bb7-905d-84580f1f5eb4\"  style=\"object-position:0% 0%\" width=\"8640\"\/>Trolig &#8211; nei ganske sikkert &#8211; H\u00f8yres nye ledertrio etter landsm\u00f8tet i februar. Ine Eriksen S\u00f8reide, Henrik Asheim og Ola Svenneby, her p\u00e5 vei inn til julebord torsdag i forrige uke.    Foto: Cornelius Poppe \/ NTB<\/p>\n<p class=\"_paragraph_o9xde_4 _paragraph_xtcu6_10 layout-component text-serif-m layout-normal text-serif-m layout-padded\">Dersom Stoltenbergs skattekommisjon virkelig ender med et bredt skatteforlik, s\u00e5 er det fordi alle parter har gitt noe for \u00e5 f\u00e5 noe. Det ligger i forlikets natur. Det krever b\u00e5de styrke og mot \u00e5 inng\u00e5 gr\u00e5 kompromisser som ingen egentlig er helt forn\u00f8yd med.<\/p>\n<p class=\"_paragraph_o9xde_4 _paragraph_xtcu6_10 layout-component text-serif-m layout-normal text-serif-m layout-padded\">Sp\u00f8rsm\u00e5let er om et sterkt svekket H\u00f8yre har den styrken og det motet som skal til. Kanskje vil den nye partiledelsen, som ser ut til \u00e5 bli Ine Eriksen S\u00f8reide som leder, og Ola Svenneby og Henrik Asheim som nestledere, gi H\u00f8yre den selvtilliten som trengs.<\/p>\n<p class=\"_paragraph_o9xde_4 _paragraph_xtcu6_10 layout-component text-serif-m layout-normal text-serif-m layout-padded\">De tre representerer en bredde som p\u00e5 sitt beste kan trekke til seg velgere fra b\u00e5de Frp og Ap. Svenneby sl\u00e5r an hos mange Frp-velgere, mens S\u00f8reide regnes som mer pragmatiskpragmatiskEn praktisk tiln\u00e6rming til problemer og situasjoner, der man er villig til \u00e5 inng\u00e5 kompromisser for \u00e5 oppn\u00e5 resultater.. Hun n\u00e5r trolig flere velgere inn mot sentrum, de s\u00e5kalte \u201clillavelgerne\u201d som ofte vaker mellom H\u00f8yre og Ap.<\/p>\n<p>Rene og ranke<\/p>\n<p class=\"_paragraph_o9xde_4 _paragraph_xtcu6_10 layout-component text-serif-m layout-normal text-serif-m layout-padded\">Det kan sl\u00e5 begge veier for H\u00f8yre \u00e5 bli med p\u00e5 et skatteforlik. N\u00e6ringslivet roper etter forutsigbarhet og stabilitet. H\u00f8yre kan bel\u00f8nnes for \u00e5 vise ansvarlighet, dersom forliket m\u00f8ter noen av n\u00e6ringslivets innvendinger mot dagens skattesystem.<\/p>\n<p class=\"_paragraph_o9xde_4 _paragraph_xtcu6_10 layout-component text-serif-m layout-normal text-serif-m layout-padded\">Samtidig vil ikke et forlik gi n\u00e6ringslivet alt de vil ha. Dermed kan Frp fortsatt st\u00e5 rene og ranke med sine skattel\u00f8fter, mens H\u00f8yre vil v\u00e6re bundet av et stort kompromiss.<\/p>\n<p><img alt=\"NHO-sjel Ole Erik Almlid var positiv til Stoltenbergs forslag om skattekommisjon allerede da han foreslo det i mars i \u00e5r  Foto: Espen Sj\u00f8lingstad Hoen \/ VG\" class=\"_image_qp4xg_65 layout-component layout-normal\" data-fullscreen- data-track-element-type=\"Article image fullscreen\" data-track-name=\"ImageFullscreen\" decoding=\"async\" loading=\"lazy\" height=\"5464\" itemprop=\"image\"  src=\"https:\/\/www.europesays.com\/no\/wp-content\/uploads\/2025\/12\/73cdc195-df31-46d9-b285-072e52097554\"  style=\"object-position:0% 0%\" width=\"8192\"\/>NHO-sjel Ole Erik Almlid var positiv til Stoltenbergs forslag om skattekommisjon allerede da han foreslo det i mars i \u00e5r  Foto: Espen Sj\u00f8lingstad Hoen \/ VG<\/p>\n<p class=\"_paragraph_o9xde_4 _paragraph_xtcu6_10 layout-component text-serif-m layout-normal text-serif-m layout-padded\">Trolig er det viktigere for Ap \u00e5 f\u00e5 med H\u00f8yre p\u00e5 et forlik enn \u00e5 f\u00e5 med alle sine st\u00f8ttespillere p\u00e5 venstresiden. Det er H\u00f8yre og Ap, sammen med sentrumspartiene, Sp, KrF og Venstre, som ofte har sikret at brede kompromisser har holdt seg gjennom skiftende regjeringer.<\/p>\n<p class=\"_paragraph_o9xde_4 _paragraph_xtcu6_10 layout-component text-serif-m layout-normal text-serif-m layout-padded\">Stoltenberg vet mer enn noen at store forlik m\u00e5 g\u00e5 over midtstreken for \u00e5 vare. Derfor er det grunn til \u00e5 tro at et ferdigforhandlet skatteforlik vil strekke seg lenger mot H\u00f8yre enn det R\u00f8dt og SV kan v\u00e6re med p\u00e5. De to partiene vil ha \u00f8kt skatt p\u00e5 de rike, ikke mindre.<\/p>\n<p class=\"_paragraph_o9xde_4 _paragraph_xtcu6_10 layout-component text-serif-m layout-normal text-serif-m layout-padded\">Men det er lite \u00e5 hente med et forlik bare p\u00e5 venstresiden. Da kan alt endres med et pennestr\u00f8k den dagen det kommer en regjering fra h\u00f8yresiden.<\/p>\n<p>Frps uklarhet om E\u00d8S<\/p>\n<p class=\"_paragraph_o9xde_4 _paragraph_xtcu6_10 layout-component text-serif-m layout-normal text-serif-m layout-padded\">Aksen mellom H\u00f8yre og Ap er ogs\u00e5 sv\u00e6rt viktig i utenrikspolitikken. S\u00e6rlig n\u00e5r det gjelder v\u00e5rt forhold til Europa. Det var Ap og H\u00f8yre som gjennom 1990-tallet p\u00e5 hver sin vakt fikk knyttet Norge til EU gjennom E\u00d8S-avtalen.E\u00d8S-avtalen.En avtale som gir Norge og andre land i Det europeiske \u00f8konomiske samarbeidsomr\u00e5de (E\u00d8S) tilgang til EUs indre marked, samtidig som de ikke er medlemmer av EU.<\/p>\n<p class=\"_paragraph_o9xde_4 _paragraph_xtcu6_10 layout-component text-serif-m layout-normal text-serif-m layout-padded\">N\u00e5 er de to partiene de fremste garantistene for at denne avtalen respekteres og overholdes. Mens Frp<a href=\"https:\/\/e24.no\/naeringsliv\/i\/8qAXkA\/frp-oensker-hardere-linje-mot-eu\" class=\"_link_o9xde_39\" rel=\"nofollow noopener\" target=\"_blank\"> har blitt langt mer uklare <\/a>i sin st\u00f8tte til avtalen. Det er urovekkende.<\/p>\n<p><img alt=\"Frp-leder Sylvi Listhaug leder en historisk stor gruppe partifeller p\u00e5 Stortinget. Her fra fremleggelsen av Ap-regjeringens forslag til statsbudsjett i h\u00f8st.  Foto: G\u00f8ran Bohlin \/ VG\" class=\"_image_qp4xg_65 layout-component layout-normal\" data-fullscreen- data-track-element-type=\"Article image fullscreen\" data-track-name=\"ImageFullscreen\" decoding=\"async\" loading=\"lazy\" height=\"5504\" itemprop=\"image\"  src=\"https:\/\/www.europesays.com\/no\/wp-content\/uploads\/2025\/12\/1d9aba99-a87e-407d-b487-c2d3d6393a50\"  style=\"object-position:0% 0%\" width=\"8256\"\/>Frp-leder Sylvi Listhaug leder en historisk stor gruppe partifeller p\u00e5 Stortinget. Her fra fremleggelsen av Ap-regjeringens forslag til statsbudsjett i h\u00f8st.  Foto: G\u00f8ran Bohlin \/ VG<\/p>\n<p class=\"_paragraph_o9xde_4 _paragraph_xtcu6_10 layout-component text-serif-m layout-normal text-serif-m layout-padded\">Frp har v\u00e6rt det st\u00f8rste opposisjonspartietopposisjonspartietEt politisk parti som ikke er en del av regjeringen og som ofte kritiserer og utfordrer regjeringens politikk. p\u00e5 Stortinget f\u00f8r &#8211; langt st\u00f8rre enn H\u00f8yre. Men partiet har sjelden klart \u00e5 veksle denne styrken inn i konkrete politiske resultater.<\/p>\n<p class=\"_paragraph_o9xde_4 _paragraph_xtcu6_10 layout-component text-serif-m layout-normal text-serif-m layout-padded\">Nettopp fordi forhandlinger og kompromisser ikke er det viktigste for partiet. Frps nei til \u00e5 v\u00e6re med i skattekommisjonen er et eksempel p\u00e5 det.<\/p>\n<p>Kommer H\u00f8yre tilbake?<\/p>\n<p class=\"_paragraph_o9xde_4 _paragraph_xtcu6_10 layout-component text-serif-m layout-normal text-serif-m layout-padded\">Noe av det mest interessante politisk gjennom de neste \u00e5rene er hvordan styrkeforholdet mellom Frp og H\u00f8yre utvikler seg. Om Frp etablerer seg som det brede folkepartiet p\u00e5 h\u00f8yresiden. Eller om H\u00f8yre med en ny ledelse klarer \u00e5 komme tilbake som det store, styringsdyktige partiet p\u00e5 den siden av midtstreken.<\/p>\n<p class=\"_paragraph_o9xde_4 _paragraph_xtcu6_10 layout-component text-serif-m layout-normal text-serif-m layout-padded\">Jeg tror mange i Ap inni seg heier p\u00e5 et sterkt H\u00f8yre &#8211; p\u00e5 bekostning av Frp. Selv om de vil fortsette \u00e5 kj\u00f8re frem <a href=\"https:\/\/www.vg.no\/tag\/sylvi-listhaug?utm_source=vg-article&amp;utm_medium=auto-tagger&amp;utm_campaign=QJom7x\" class=\"_link_o9xde_39\" rel=\"nofollow noopener\" target=\"_blank\">Sylvi Listhaug<\/a> som sin hovedmotstander s\u00e5 lenge det tjener dem i valg. P\u00e5 tross av at et sterkt Frp og et svakt H\u00f8yre gj\u00f8r det vanskeligere \u00e5 styre Norge.<\/p>\n<p>    Dette er en kommentar. Kommentaren gir uttrykk for skribentens holdning. <\/p>\n","protected":false},"excerpt":{"rendered":"Under valgkampen tjente b\u00e5de Ap og Frp p\u00e5 \u00e5 fremstille Listhaug som den viktigste utfordreren til Jonas Gahr&hellip;\n","protected":false},"author":2,"featured_media":118271,"comment_status":"","ping_status":"","sticky":false,"template":"","format":"standard","meta":{"footnotes":""},"categories":[10],"tags":[20,21,24,25,15,2218,201,22,23,13,30,28,29,14,16,200,26,27,103],"class_list":{"0":"post-118270","1":"post","2":"type-post","3":"status-publish","4":"format-standard","5":"has-post-thumbnail","7":"category-norge","8":"tag-breaking-news","9":"tag-breakingnews","10":"tag-featured-news","11":"tag-featurednews","12":"tag-headlines","13":"tag-ine-eriksen-soreide","14":"tag-jonas-gahr-store","15":"tag-latest-news","16":"tag-latestnews","17":"tag-news","18":"tag-no","19":"tag-norge","20":"tag-norway","21":"tag-nyheter","22":"tag-overskrifter","23":"tag-sylvi-listhaug","24":"tag-top-stories","25":"tag-topstories","26":"tag-vgmeninger"},"share_on_mastodon":{"url":"https:\/\/pubeurope.com\/@no\/115752610593843521","error":""},"_links":{"self":[{"href":"https:\/\/www.europesays.com\/no\/wp-json\/wp\/v2\/posts\/118270","targetHints":{"allow":["GET"]}}],"collection":[{"href":"https:\/\/www.europesays.com\/no\/wp-json\/wp\/v2\/posts"}],"about":[{"href":"https:\/\/www.europesays.com\/no\/wp-json\/wp\/v2\/types\/post"}],"author":[{"embeddable":true,"href":"https:\/\/www.europesays.com\/no\/wp-json\/wp\/v2\/users\/2"}],"replies":[{"embeddable":true,"href":"https:\/\/www.europesays.com\/no\/wp-json\/wp\/v2\/comments?post=118270"}],"version-history":[{"count":0,"href":"https:\/\/www.europesays.com\/no\/wp-json\/wp\/v2\/posts\/118270\/revisions"}],"wp:featuredmedia":[{"embeddable":true,"href":"https:\/\/www.europesays.com\/no\/wp-json\/wp\/v2\/media\/118271"}],"wp:attachment":[{"href":"https:\/\/www.europesays.com\/no\/wp-json\/wp\/v2\/media?parent=118270"}],"wp:term":[{"taxonomy":"category","embeddable":true,"href":"https:\/\/www.europesays.com\/no\/wp-json\/wp\/v2\/categories?post=118270"},{"taxonomy":"post_tag","embeddable":true,"href":"https:\/\/www.europesays.com\/no\/wp-json\/wp\/v2\/tags?post=118270"}],"curies":[{"name":"wp","href":"https:\/\/api.w.org\/{rel}","templated":true}]}}