{"id":118272,"date":"2025-12-20T15:31:12","date_gmt":"2025-12-20T15:31:12","guid":{"rendered":"https:\/\/www.europesays.com\/no\/118272\/"},"modified":"2025-12-20T15:31:12","modified_gmt":"2025-12-20T15:31:12","slug":"de-mest-populaere-julegavene","status":"publish","type":"post","link":"https:\/\/www.europesays.com\/no\/118272\/","title":{"rendered":"De mest popul\u00e6re julegavene"},"content":{"rendered":"<p>    Kort fortalt<\/p>\n<p lang=\"nb-NO\">Julehandelen er i full gang p\u00e5 Str\u00f8mmen storsenter, et av Norges st\u00f8rste kj\u00f8pesentre.<\/p>\n<p lang=\"nb-NO\">Senterleder Per Kristian Tr\u00f8en merker et \u00f8kt trykk av kunder, til tross for \u00f8kende netthandel.<\/p>\n<p lang=\"nb-NO\">Prognoser viser at nordmenn vil bruke n\u00e6r 150 milliarder kroner p\u00e5 julehandel i \u00e5r.<\/p>\n<p lang=\"nb-NO\">Sosiale medier p\u00e5virker gave\u00f8nsker, der popul\u00e6re merkevarer trender.<\/p>\n<p class=\"italic ai-disclaimer\" data-lab-italic=\"italic\">Sammendraget er laget av ChatGPT og godkjent av DinSide.<\/p>\n<p>      Vis mer<br \/>\n      Vis mindre<\/p>\n<p>STR\u00d8MMEN (Dagbladet):\u00a0Selv om desemberv\u00e6ret i store deler av landet ikke er egnet til \u00e5 skape julestemning, er det liten tvil om at jula n\u00e6rmer seg.\u00a0<\/p>\n<p>Allerede i morgentimene p\u00e5 Str\u00f8mmen storsenter, merkes det godt. Folk str\u00f8mmer p\u00e5 i gangene, som er kledd i lyse og r\u00f8de dekorasjoner &#8211; alt for \u00e5 sette stemningen og f\u00e5 kundene i handlemodus.<\/p>\n<p>Med 190 butikker under samme tak er senteret et av landets st\u00f8rste kj\u00f8pesentre.\u00a0<\/p>\n<p>    <a itemprop=\"url\" href=\"https:\/\/dinside.dagbladet.no\/fritid\/ser-at-folk-er-lei\/83975469\" rel=\"nofollow noopener\" target=\"_blank\"><\/p>\n<p>        <img loading=\"lazy\" decoding=\"async\" src=\"https:\/\/www.europesays.com\/no\/wp-content\/uploads\/2025\/12\/83976506.webp\" width=\"980\" height=\"441\" title=\"- Ser at folk er lei\" alt=\"\" class=\"lazyload\" style=\"--aspect-ratio-image: 2.22; \"\/><\/p>\n<p>        &#8211; Ser at folk er lei<\/p>\n<p>    <\/a><\/p>\n<p>Som de aller fleste andre handelssteder her i landet, g\u00e5r de noen hektiske dager i m\u00f8te &#8211; den siste innspurten der\u00a0\u00aballe\u00bb skal f\u00e5 de siste julegavene p\u00e5 plass.\u00a0<\/p>\n<p>&#8211; Det er klart at uka vi er inne i n\u00e5, er den travleste uka, sier senterleder Per Kristian Tr\u00f8en.\u00a0<\/p>\n<p>        <img loading=\"lazy\" decoding=\"async\" src=\"https:\/\/www.europesays.com\/no\/wp-content\/uploads\/2025\/12\/83994608.webp\" width=\"980\" height=\"559\" title=\"TRAVELT: L\u00f8rdag i den tredje adventshelga i desember var det rundt 38 000 kunder innom Str\u00f8mmen storsenter, if\u00f8lge senterleder Per Kristian Tr\u00f8en. Foto: John T. Pedersen \/ Dagbladet\" alt=\"\" class=\"\" style=\"--aspect-ratio-image: 1.75; \"\/><\/p>\n<p>\n        TRAVELT: L\u00f8rdag i den tredje adventshelga i desember var det rundt 38 000 kunder innom Str\u00f8mmen storsenter, if\u00f8lge senterleder Per Kristian Tr\u00f8en. Foto: John T. Pedersen \/ Dagbladet\n    <\/p>\n<p>Selv er han en slags\u00a0\u00abjulehandel-guru\u00bb, med 30 \u00e5rs erfaring fra senteret som ligger en liten kj\u00f8retur utenfor hovedstaden.\u00a0<\/p>\n<p>    <a itemprop=\"url\" href=\"https:\/\/dinside.dagbladet.no\/okonomi\/kraftige-prisokninger\/83986029\" rel=\"nofollow noopener\" target=\"_blank\"><\/p>\n<p>        <img loading=\"lazy\" decoding=\"async\" src=\"https:\/\/www.europesays.com\/no\/wp-content\/uploads\/2025\/12\/1766244619_908_83986762.webp\" width=\"980\" height=\"441\" title=\"- Dessverre\" alt=\"\" class=\"lazyload\" style=\"--aspect-ratio-image: 2.22; \"\/><\/p>\n<p>        &#8211; Dessverre<\/p>\n<p>    <\/a><\/p>\n<p>Til tross for at netthandelen har \u00f8kt, opplever de fysiske butikkene fremdeles et ekstra tr\u00f8kk av kunder mot slutten av \u00e5ret, preget av b\u00e5de julestress og juleglede.\u00a0<\/p>\n<p>&#8211; Det begynner ogs\u00e5 tidligere enn f\u00f8r. Fra midten av november fram til nytt\u00e5r er det rundt en million mennesker innom her, sier Tr\u00f8en.\u00a0<\/p>\n<p>        <img loading=\"lazy\" decoding=\"async\" src=\"https:\/\/www.europesays.com\/no\/wp-content\/uploads\/2025\/12\/83994605.webp\" width=\"686\" height=\"501\" title=\"\u00abJULEGURU\u00bb: Tr\u00f8en har 30 \u00e5r med julehandling i ermet, og har sett utviklingen blant kundene. Foto: John T. Pedersen \/ Dagbladet\" alt=\"\" class=\"\" style=\"--aspect-ratio-image: 1.37; \"\/><\/p>\n<p>\n        \u00abJULEGURU\u00bb: Tr\u00f8en har 30 \u00e5r med julehandling i ermet, og har sett utviklingen blant kundene. Foto: John T. Pedersen \/ Dagbladet\n    <\/p>\n<p>Selv om viktigheten er fallende, er desember fremdeles \u00e5rets viktigste handlem\u00e5ned for de aller fleste butikker her i landet, viser tall fra hovedorganisasjonen <a href=\"https:\/\/www.virke.no\/analyse\/norsk-detaljhandel\/julehandel\/\" target=\"_blank\" rel=\"nofollow noopener\">Virke<\/a>.\u00a0<\/p>\n<p>    <a itemprop=\"url\" href=\"https:\/\/dinside.dagbladet.no\/reise\/de-beste-pakketriksene\/83955857\" rel=\"nofollow noopener\" target=\"_blank\"><\/p>\n<p>        <img loading=\"lazy\" decoding=\"async\" src=\"https:\/\/www.europesays.com\/no\/wp-content\/uploads\/2025\/12\/83956676.webp\" width=\"980\" height=\"441\" title=\"De beste pakketriksene\" alt=\"\" class=\"lazyload\" style=\"--aspect-ratio-image: 2.22; \"\/><\/p>\n<p>        De beste pakketriksene<\/p>\n<p>    <\/a><\/p>\n<p>Prognoser for \u00e5rets julehandel viser at nordmenn vil bruke n\u00e6r 150 milliarder kroner. Det er en \u00f8kning p\u00e5 5,5 prosent fra i fjor.<\/p>\n<p>&#8211;\u00a0Folk flest har f\u00e5tt mer penger mellom hendene. Kj\u00f8pekraften har \u00f8kt, og det er fordi l\u00f8nnsveksten har v\u00e6rt h\u00f8yere enn prisstigningen, har Marianne Bjarstad, direkt\u00f8r for handel i\u00a0Virke, tidligere uttalt til <a href=\"https:\/\/www.vg.no\/nyheter\/i\/kwq85A\/spaar-tidenes-julehandel-en-del-som-gaar-halvveis-berserk\" target=\"_blank\" rel=\"nofollow noopener\">VG<\/a>.\u00a0<\/p>\n<p>    <a itemprop=\"url\" href=\"https:\/\/dinside.dagbladet.no\/fritid\/oker-kraftig\/83995055\" rel=\"nofollow noopener\" target=\"_blank\"><\/p>\n<p>        <img loading=\"lazy\" decoding=\"async\" src=\"https:\/\/www.europesays.com\/no\/wp-content\/uploads\/2025\/12\/83995074.webp\" width=\"980\" height=\"441\" title=\"\u00d8ker kraftig\" alt=\"\" class=\"lazyload\" style=\"--aspect-ratio-image: 2.22; \"\/><\/p>\n<p>        \u00d8ker kraftig<\/p>\n<p>    <\/a><\/p>\n<p>Senterlederen tar DinSide med en runde i noen av butikkene for \u00e5 vise hva de ser s\u00e6rlig interesse for, og som muligens ligger under juletreet til mange nordmenn.<\/p>\n<p>Flere av butikkene ser nemlig en utvikling der spesifikke gaver skiller seg ut og trender blant et st\u00f8rre spekter av kundene.<\/p>\n<p>          <img loading=\"lazy\" decoding=\"async\" src=\"https:\/\/www.europesays.com\/no\/wp-content\/uploads\/2025\/12\/83992530.webp\" width=\"1800\" height=\"936\" title=\"\" alt=\"\" class=\"\" style=\"--aspect-ratio-image: 1.92; \"\/><\/p>\n<p>\n        Str\u00f8mmen 20251215Str\u00f8mmen storsenter.Hvilke julegaver du finner under treet i \u00e5r\/\/hva som &laquo;rives vekk&raquo;. Foto: John T. Pedersen \/ Dagbladet\u2014\u2014\u2014\u2014\u2014\u2014\u2014\u2014\u2014\u2014\u2014\u2014\u2014\u2014\u2014\u2014\u2014\u2014\u2014\u2014\u2014johntp66@gmail.comMob: 90559094@photographer_johntpedersenhttp:\/\/www.johntpedersen.com<br \/>\n        John T. Pedersen\n    <\/p>\n<p>        Blant annet hos kosmetikkbutikken Fredrik og Louisa, tar interessen for s\u00e5kalte \u00abnisjedufter\u00bb av.<\/p>\n<p>        Det gjelder blant annet eksklusive merker som \u00abParfums de Marly\u00bb og \u00abCreed\u00bb.<\/p>\n<p>          <img loading=\"lazy\" decoding=\"async\" src=\"https:\/\/www.europesays.com\/no\/wp-content\/uploads\/2025\/12\/83992526.webp\" width=\"1800\" height=\"828\" title=\"\" alt=\"\" class=\"\" style=\"--aspect-ratio-image: 2.17; \"\/><\/p>\n<p>\n        Str\u00f8mmen 20251215Fredrik og Louisa &#8211; Ambassad\u00f8r for nisjeprodukt &#8211; Ausra Imbrasait\u00e8.Hvilke julegaver du finner under treet i \u00e5r\/\/hva som &laquo;rives vekk&raquo;. Foto: John T. Pedersen \/ Dagbladet\u2014\u2014\u2014\u2014\u2014\u2014\u2014\u2014\u2014\u2014\u2014\u2014\u2014\u2014\u2014\u2014\u2014\u2014\u2014\u2014\u2014johntp66@gmail.comMob: 90559094@photographer_johntpedersenhttp:\/\/www.johntpedersen.com<br \/>\n        John T. Pedersen\n    <\/p>\n<p>        Prislappen p\u00e5 flere av dem ligger p\u00e5 rundt 3000 kroner for 75 milliliter.<\/p>\n<p>          <img loading=\"lazy\" decoding=\"async\" src=\"https:\/\/www.europesays.com\/no\/wp-content\/uploads\/2025\/12\/83992528.webp\" width=\"1800\" height=\"1098\" title=\"\" alt=\"\" class=\"\" style=\"--aspect-ratio-image: 1.64; \"\/><\/p>\n<p>\n        Str\u00f8mmen 20251215Fredrik og Louisa &#8211; Ambassad\u00f8r for nisjeprodukt &#8211; Ausra Imbrasait\u00e8.Hvilke julegaver du finner under treet i \u00e5r\/\/hva som &laquo;rives vekk&raquo;. Foto: John T. Pedersen \/ Dagbladet\u2014\u2014\u2014\u2014\u2014\u2014\u2014\u2014\u2014\u2014\u2014\u2014\u2014\u2014\u2014\u2014\u2014\u2014\u2014\u2014\u2014johntp66@gmail.comMob: 90559094@photographer_johntpedersenhttp:\/\/www.johntpedersen.com<br \/>\n        John T. Pedersen\n    <\/p>\n<p>        &#8211; Folk har endret mentaliteten litt, og velger oftere \u00e5 kj\u00f8pe mer eksklusive produkter, <br \/>sier Ausra Imbrasait\u00e8, ambassad\u00f8r for nisjeprodukter i butikken.<\/p>\n<p>        &#8211; Blant annet fordi det er naturlige ingredienser, holder lenger og ofte er h\u00e5ndlaget.<\/p>\n<p>Hun trekker fram sosiale medier, der emneknaggen \u00ab<a href=\"https:\/\/www.tiktok.com\/tag\/perfumetok\" target=\"_blank\" rel=\"nofollow noopener\">#perfumetok<\/a>\u00bb har trendet p\u00e5 TikTok, som en del av \u00e5rsaken til at flere n\u00e5 \u00f8nsker seg dette.<\/p>\n<p>Det samme peker Kitchen-butikksjef Lene Einlyng p\u00e5, som opplever stor ettersp\u00f8rsel etter kj\u00f8kkenredskaper i tre denne jula.<\/p>\n<p>          <img loading=\"lazy\" decoding=\"async\" src=\"https:\/\/www.europesays.com\/no\/wp-content\/uploads\/2025\/12\/83992539.webp\" width=\"1800\" height=\"1206\" title=\"\" alt=\"\" class=\"\" style=\"--aspect-ratio-image: 1.49; \"\/><\/p>\n<p>\n        Str\u00f8mmen 20251215Kitchen &#8211; butikksjef &#8211; Lene Einlyng.Str\u00f8mmen storsenter.Hvilke julegaver du finner under treet i \u00e5r\/\/hva som &laquo;rives vekk&raquo;. Foto: John T. Pedersen \/ Dagbladet\u2014\u2014\u2014\u2014\u2014\u2014\u2014\u2014\u2014\u2014\u2014\u2014\u2014\u2014\u2014\u2014\u2014\u2014\u2014\u2014\u2014johntp66@gmail.comMob: 90559094@photographer_johntpedersenhttp:\/\/www.johntpedersen.com<br \/>\n        John T. Pedersen\n    <\/p>\n<p>        &#8211; N\u00e5 er plast ut, og alle skal ha treredskaper. <br \/>Det har jo v\u00e6rt i alle \u00e5r, men etter alt fokuset i mediene p\u00e5 hvor mye plast vi f\u00e5r i oss, har dette kommet veldig i vinden.<\/p>\n<p>          <img loading=\"lazy\" decoding=\"async\" src=\"https:\/\/www.europesays.com\/no\/wp-content\/uploads\/2025\/12\/83992906.webp\" width=\"1800\" height=\"1170\" title=\"\" alt=\"\" class=\"\" style=\"--aspect-ratio-image: 1.54; \"\/><\/p>\n<p>\n        Str\u00f8mmen 20251215Kitchen &#8211; butikksjef &#8211; Lene Einlyng.Str\u00f8mmen storsenter.Hvilke julegaver du finner under treet i \u00e5r\/\/hva som &laquo;rives vekk&raquo;. Foto: John T. Pedersen \/ Dagbladet\u2014\u2014\u2014\u2014\u2014\u2014\u2014\u2014\u2014\u2014\u2014\u2014\u2014\u2014\u2014\u2014\u2014\u2014\u2014\u2014\u2014johntp66@gmail.comMob: 90559094@photographer_johntpedersenhttp:\/\/www.johntpedersen.com<br \/>\n        John T. Pedersen\n    <\/p>\n<p>        &#8211; Det gjelder alt fra nyetablerte til pensjonister. Folk er heller ikke s\u00e5 n\u00f8ye p\u00e5 merke, <br \/>men mer opptatt av pris og tresort, forklarer Einlyng.<\/p>\n<p>        Enkelte av treredskapene som kom inn fredag, forsvant allerede i l\u00f8pet av helga. <br \/>Butikksjefen tror det blir f\u00e5 juletr\u00e6r i \u00e5r som ikke har en slik gave under seg.<\/p>\n<p>          <img loading=\"lazy\" decoding=\"async\" src=\"https:\/\/www.europesays.com\/no\/wp-content\/uploads\/2025\/12\/83992907.webp\" width=\"1800\" height=\"1206\" title=\"\" alt=\"\" class=\"\" style=\"--aspect-ratio-image: 1.49; \"\/><\/p>\n<p>\n        Str\u00f8mmen 20251215Kitchen &#8211; butikksjef &#8211; Lene Einlyng.Str\u00f8mmen storsenter.Hvilke julegaver du finner under treet i \u00e5r\/\/hva som &laquo;rives vekk&raquo;. Foto: John T. Pedersen \/ Dagbladet\u2014\u2014\u2014\u2014\u2014\u2014\u2014\u2014\u2014\u2014\u2014\u2014\u2014\u2014\u2014\u2014\u2014\u2014\u2014\u2014\u2014johntp66@gmail.comMob: 90559094@photographer_johntpedersenhttp:\/\/www.johntpedersen.com<br \/>\n        John T. Pedersen\n    <\/p>\n<p>        &#8211; Det er helt vilt. <br \/>Vi klarer nesten ikke \u00e5 fylle p\u00e5 engang.<\/p>\n<p>Blitt mer akseptert\t<\/p>\n<p>Om man bryter desemberhandelen ned p\u00e5 bransjeniv\u00e5, troner lekebutikkene \u00f8verst med mer enn tre og en halv ganger s\u00e5 h\u00f8y omsetning som de andre m\u00e5nedene i \u00e5ret, if\u00f8lge <a href=\"https:\/\/www.virke.no\/analyse\/norsk-detaljhandel\/julehandel\/\" target=\"_blank\" rel=\"nofollow noopener\">Virke<\/a>.\u00a0<\/p>\n<p>Men ogs\u00e5 der opplever de utvikling i hva som peker seg ut som julegaver &#8211; ikke bare til de minste.\u00a0<\/p>\n<p>          <img loading=\"lazy\" decoding=\"async\" src=\"https:\/\/www.europesays.com\/no\/wp-content\/uploads\/2025\/12\/83993161.webp\" width=\"1800\" height=\"1206\" title=\"\" alt=\"\" class=\"\" style=\"--aspect-ratio-image: 1.49; \"\/><\/p>\n<p>\n        Str\u00f8mmen 20251215Leika &#8211; butikkeier &#8211; Tommy Hammerstad.Hvilke julegaver du finner under treet i \u00e5r\/\/hva som &laquo;rives vekk&raquo;. Foto: John T. Pedersen \/ Dagbladet\u2014\u2014\u2014\u2014\u2014\u2014\u2014\u2014\u2014\u2014\u2014\u2014\u2014\u2014\u2014\u2014\u2014\u2014\u2014\u2014\u2014johntp66@gmail.comMob: 90559094@photographer_johntpedersenhttp:\/\/www.johntpedersen.com<br \/>\n        John T. Pedersen\n    <\/p>\n<p>        I \u00e5ra etter pandemien har de nemlig sett en trend der flere voksne kj\u00f8per Lego til seg selv og hverandre.<\/p>\n<p>        &#8211; Blomsterserien er den som har \u00f8kt desidert mest, s\u00e6rlig med rosebuketter som mange kj\u00f8per til partnere, forteller Lekia-eier Tommy Hammerstad.<\/p>\n<p>          <img loading=\"lazy\" decoding=\"async\" src=\"https:\/\/www.europesays.com\/no\/wp-content\/uploads\/2025\/12\/83993162.webp\" width=\"1800\" height=\"1206\" title=\"\" alt=\"\" class=\"\" style=\"--aspect-ratio-image: 1.49; \"\/><\/p>\n<p>\n        Str\u00f8mmen 20251215Leika &#8211; butikkeier &#8211; Tommy Hammerstad.Hvilke julegaver du finner under treet i \u00e5r\/\/hva som &laquo;rives vekk&raquo;. Foto: John T. Pedersen \/ Dagbladet\u2014\u2014\u2014\u2014\u2014\u2014\u2014\u2014\u2014\u2014\u2014\u2014\u2014\u2014\u2014\u2014\u2014\u2014\u2014\u2014\u2014johntp66@gmail.comMob: 90559094@photographer_johntpedersenhttp:\/\/www.johntpedersen.com<br \/>\n        John T. Pedersen\n    <\/p>\n<p>        &#8211; Det \u00f8ker mye mer enn seriene som er ment for barn. <br \/>Ogs\u00e5 Lego av byggninger, kunstverk og st\u00f8rre biler er popul\u00e6rt blant voksne.<\/p>\n<p>          <img loading=\"lazy\" decoding=\"async\" src=\"https:\/\/www.europesays.com\/no\/wp-content\/uploads\/2025\/12\/83993140.webp\" width=\"1800\" height=\"1152\" title=\"\" alt=\"\" class=\"\" style=\"--aspect-ratio-image: 1.56; \"\/><\/p>\n<p>\n        Str\u00f8mmen 20251215Leika &#8211; butikkeier &#8211; Tommy Hammerstad.Hvilke julegaver du finner under treet i \u00e5r\/\/hva som &laquo;rives vekk&raquo;. Foto: John T. Pedersen \/ Dagbladet\u2014\u2014\u2014\u2014\u2014\u2014\u2014\u2014\u2014\u2014\u2014\u2014\u2014\u2014\u2014\u2014\u2014\u2014\u2014\u2014\u2014johntp66@gmail.comMob: 90559094@photographer_johntpedersenhttp:\/\/www.johntpedersen.com<br \/>\n        John T. Pedersen\n    <\/p>\n<p>        Enkelte av settene koster flere tusen kroner. <br \/>Det er den kommende uka inn mot jul at lekebutikken selger flest av disse.<\/p>\n<p>          <img loading=\"lazy\" decoding=\"async\" src=\"https:\/\/www.europesays.com\/no\/wp-content\/uploads\/2025\/12\/83993139.webp\" width=\"1800\" height=\"1206\" title=\"\" alt=\"\" class=\"\" style=\"--aspect-ratio-image: 1.49; \"\/><\/p>\n<p>\n        Str\u00f8mmen 20251215Leika &#8211; butikkeier &#8211; Tommy Hammerstad.Hvilke julegaver du finner under treet i \u00e5r\/\/hva som &laquo;rives vekk&raquo;. Foto: John T. Pedersen \/ Dagbladet\u2014\u2014\u2014\u2014\u2014\u2014\u2014\u2014\u2014\u2014\u2014\u2014\u2014\u2014\u2014\u2014\u2014\u2014\u2014\u2014\u2014johntp66@gmail.comMob: 90559094@photographer_johntpedersenhttp:\/\/www.johntpedersen.com<br \/>\n        John T. Pedersen\n    <\/p>\n<p>        &#8211; Alle likte jo Lego da de var sm\u00e5. N\u00e5 har det blitt mer akseptert at man kan bygge n\u00e5r man er voksen ogs\u00e5.<\/p>\n<p>Ogs\u00e5 for bokhandlere er julehandelen s\u00e6rlig viktig. Handelen er i snitt 2,4 ganger h\u00f8yere enn resten av \u00e5ret, oppgir Virke.<\/p>\n<p>Denne jula er det rift om s\u00e6rlig \u00e9n spesifikk bok i\u00a0<a href=\"https:\/\/www.dagbladet.no\/bok\/ettersporselen-har-vaert-massiv\/83555254\" target=\"_blank\" rel=\"nofollow noopener\">flere av landets bokbutikker<\/a>\u00a0&#8211; Eyvind Hellstr\u00f8ms kokebok\u00a0\u00abGrunnboka\u00bb.\u00a0<\/p>\n<p>          <img loading=\"lazy\" decoding=\"async\" src=\"https:\/\/www.europesays.com\/no\/wp-content\/uploads\/2025\/12\/83992527.webp\" width=\"1800\" height=\"1206\" title=\"\" alt=\"\" class=\"\" style=\"--aspect-ratio-image: 1.49; \"\/><\/p>\n<p>\n        Str\u00f8mmen 20251215Str\u00f8mmen storsenter.Hvilke julegaver du finner under treet i \u00e5r\/\/hva som &laquo;rives vekk&raquo;. Foto: John T. Pedersen \/ Dagbladet\u2014\u2014\u2014\u2014\u2014\u2014\u2014\u2014\u2014\u2014\u2014\u2014\u2014\u2014\u2014\u2014\u2014\u2014\u2014\u2014\u2014johntp66@gmail.comMob: 90559094@photographer_johntpedersenhttp:\/\/www.johntpedersen.com<br \/>\n        John T. Pedersen\n    <\/p>\n<p>        Bare i forrige uke gikk det over 390 eksemplarer av kjendiskokkens bok hos Ark-butikken p\u00e5 storsenteret.<\/p>\n<p>          <img loading=\"lazy\" decoding=\"async\" src=\"https:\/\/www.europesays.com\/no\/wp-content\/uploads\/2025\/12\/83992531.webp\" width=\"1800\" height=\"1206\" title=\"\" alt=\"\" class=\"\" style=\"--aspect-ratio-image: 1.49; \"\/><\/p>\n<p>\n        Str\u00f8mmen 20251215Str\u00f8mmen storsenter.Hvilke julegaver du finner under treet i \u00e5r\/\/hva som &laquo;rives vekk&raquo;. Foto: John T. Pedersen \/ Dagbladet\u2014\u2014\u2014\u2014\u2014\u2014\u2014\u2014\u2014\u2014\u2014\u2014\u2014\u2014\u2014\u2014\u2014\u2014\u2014\u2014\u2014johntp66@gmail.comMob: 90559094@photographer_johntpedersenhttp:\/\/www.johntpedersen.com<br \/>\n        John T. Pedersen\n    <\/p>\n<p>        Det gir tomme hyller uka etter.<\/p>\n<p>          <img loading=\"lazy\" decoding=\"async\" src=\"https:\/\/www.europesays.com\/no\/wp-content\/uploads\/2025\/12\/83992529.webp\" width=\"1800\" height=\"1170\" title=\"\" alt=\"\" class=\"\" style=\"--aspect-ratio-image: 1.54; \"\/><\/p>\n<p>\n        Str\u00f8mmen 20251215Str\u00f8mmen storsenter.Hvilke julegaver du finner under treet i \u00e5r\/\/hva som &laquo;rives vekk&raquo;. Foto: John T. Pedersen \/ Dagbladet\u2014\u2014\u2014\u2014\u2014\u2014\u2014\u2014\u2014\u2014\u2014\u2014\u2014\u2014\u2014\u2014\u2014\u2014\u2014\u2014\u2014johntp66@gmail.comMob: 90559094@photographer_johntpedersenhttp:\/\/www.johntpedersen.com<br \/>\n        John T. Pedersen\n    <\/p>\n<p>        &#8211; Det er desidert den alle skal ha n\u00e5. <br \/>Den rives vekk fra hyllene rett og slett, sier butikksjef Anja Kongelf.<\/p>\n<p>          <img loading=\"lazy\" decoding=\"async\" src=\"https:\/\/www.europesays.com\/no\/wp-content\/uploads\/2025\/12\/83992543.webp\" width=\"1800\" height=\"1206\" title=\"\" alt=\"\" class=\"\" style=\"--aspect-ratio-image: 1.49; \"\/><\/p>\n<p>\n        Str\u00f8mmen 20251215Str\u00f8mmen storsenter.Hvilke julegaver du finner under treet i \u00e5r\/\/hva som &laquo;rives vekk&raquo;. Foto: John T. Pedersen \/ Dagbladet\u2014\u2014\u2014\u2014\u2014\u2014\u2014\u2014\u2014\u2014\u2014\u2014\u2014\u2014\u2014\u2014\u2014\u2014\u2014\u2014\u2014johntp66@gmail.comMob: 90559094@photographer_johntpedersenhttp:\/\/www.johntpedersen.com<br \/>\n        John T. Pedersen\n    <\/p>\n<p>        &#8211; Flere kj\u00f8per gjerne fire-fem om gangen ogs\u00e5, s\u00e5 det er nok mange som f\u00e5r den under treet i \u00e5r, fortsetter hun.<\/p>\n<p>Holder seg stabilt\t<\/p>\n<p>Flere av butikkene ser ogs\u00e5 at kjente merkevarer som det i flere \u00e5r har v\u00e6rt h\u00f8y ettersp\u00f8rsel etter i jula, fortsetter \u00e5 best\u00e5 som popul\u00e6re julegave\u00f8nsker.\u00a0<\/p>\n<p>Hos Anton Sport p\u00e5 storsenteret merker de s\u00e6rlig interesse for norsk design.\u00a0<\/p>\n<p>&#8211; F\u00f8r skolestart og n\u00e5 i jula er det alltid ekstra trykk p\u00e5 Db-sekker. De er praktiske og stilrene. De skiller seg ikke s\u00e5 mye ut, noe som jo kanskje er litt klassisk norsk, sier butikksjef\u00a0Adil Nyfeldt.\u00a0<\/p>\n<p>        <img loading=\"lazy\" decoding=\"async\" src=\"https:\/\/www.europesays.com\/no\/wp-content\/uploads\/2025\/12\/83993430.webp\" width=\"667\" height=\"401\" title=\"POPUL\u00c6R: Anton Sport ser s\u00e6rlig stor interesse for Hugger-modellen fra Db, tidligere kalt Douchebag, to ganger i \u00e5ret. Foto: John T. Pedersen \/ Dagbladet\" alt=\"\" class=\"\" style=\"--aspect-ratio-image: 1.66; \"\/><\/p>\n<p>\n        POPUL\u00c6R: Anton Sport ser s\u00e6rlig stor interesse for Hugger-modellen fra Db, tidligere kalt Douchebag, to ganger i \u00e5ret. Foto: John T. Pedersen \/ Dagbladet\n    <\/p>\n<p>Det samme gjelder for kl\u00e6r fra merket Amundsen. Selv om v\u00e6ret i store deler av landet ikke tilsier det, merker butikken ogs\u00e5 i \u00e5r at det er en av de mest popul\u00e6re julegavene.\u00a0<\/p>\n<p>&#8211; Det er litt h\u00f8yere kvalitet p\u00e5 det, og kl\u00e6rne har et design som er noe eget i forhold til mange andre merker. Gammelnorsk uttrykk gjort moderne.\u00a0<\/p>\n<p>        <img loading=\"lazy\" decoding=\"async\" src=\"https:\/\/www.europesays.com\/no\/wp-content\/uploads\/2025\/12\/83993428.webp\" width=\"667\" height=\"381\" title=\"FRILUFT: Amundsen er kjent som et noe dyrere kvalitetsmerke av friluftskl\u00e6r. Det er nordmenn s\u00e6rlig interessert i n\u00e5r det n\u00e6rmer seg jul. Foto: John T. Pedersen \/ Dagbladet\" alt=\"\" class=\"\" style=\"--aspect-ratio-image: 1.75; \"\/><\/p>\n<p>\n        FRILUFT: Amundsen er kjent som et noe dyrere kvalitetsmerke av friluftskl\u00e6r. Det er nordmenn s\u00e6rlig interessert i n\u00e5r det n\u00e6rmer seg jul. Foto: John T. Pedersen \/ Dagbladet\n    <\/p>\n<p>Klesmerket er av den h\u00f8yere prisklassen, og flere av de mest etterspurte produktene ligger p\u00e5 mellom 2000 og 5000 kroner.\u00a0<\/p>\n<p>&#8211; Ullgenseren\u00a0\u00ab5Mila\u00bb med\u00a0\u00abhalf zip\u00bb g\u00e5r det mye av f\u00f8r jul. Det er b\u00e5de gamle og unge som kj\u00f8per. Selv om det ikke er s\u00e5 kaldt, vil folk fremdeles ha disse som er noe tynnere.\u00a0<\/p>\n<p>    <a itemprop=\"url\" href=\"https:\/\/dinside.dagbladet.no\/fritid\/helt-enormt\/83874129\" rel=\"nofollow noopener\" target=\"_blank\"><\/p>\n<p>        <img loading=\"lazy\" decoding=\"async\" src=\"https:\/\/www.europesays.com\/no\/wp-content\/uploads\/2025\/12\/82436682.webp\" width=\"980\" height=\"441\" title=\"- Helt enormt\" alt=\"\" class=\"lazyload\" style=\"--aspect-ratio-image: 2.22; \"\/><\/p>\n<p>        &#8211; Helt enormt<\/p>\n<p>    <\/a><\/p>\n<p>&#8211; Folk stoppes ikke av det\t<\/p>\n<p>Det milde og lite vinterlige v\u00e6ret bremser heller ikke salget av vintersko. Det er imidlertid ikke hvilke som helst &#8211; ogs\u00e5 hos skobutikken Gr\u00e6ndsens Skot\u00f8imagazin ser de en tydelig interesse for noen konkrete merker i forkant av jula.\u00a0<\/p>\n<p>&#8211; Folk stoppes absolutt ikke av \u00e5tte plussgrader. Det g\u00e5r mye Moon Boots, Inuikii og Uggs i julegaver. Det er noe \u00aballe\u00bb vil ha, forteller\u00a0butikkansatt Martine Thoresen.\u00a0<\/p>\n<p>    <a itemprop=\"url\" href=\"https:\/\/dinside.dagbladet.no\/fritid\/harolje-bare-en-far-godkjent\/83975332\" rel=\"nofollow noopener\" target=\"_blank\"><\/p>\n<p>        <img loading=\"lazy\" decoding=\"async\" src=\"https:\/\/www.europesays.com\/no\/wp-content\/uploads\/2025\/12\/83986751.webp\" width=\"980\" height=\"441\" title=\"H\u00e5rolje: - Bare \u00e9n f\u00e5r godkjent\" alt=\"\" class=\"lazyload\" style=\"--aspect-ratio-image: 2.22; \"\/><\/p>\n<p>        H\u00e5rolje: &#8211; Bare \u00e9n f\u00e5r godkjent<\/p>\n<p>    <\/a><\/p>\n<p>Butikken har if\u00f8lge henne v\u00e6rt utsolgt for flere modeller av de ulike merkene f\u00f8r jul.\u00a0<\/p>\n<p>&#8211; Generelt er alle de tre merkene noe av det dyreste vi har, men det er ogs\u00e5 noe av det vi selger oss tom for raskest.\u00a0<\/p>\n<p>        <img loading=\"lazy\" decoding=\"async\" src=\"https:\/\/www.europesays.com\/no\/wp-content\/uploads\/2025\/12\/83994634.webp\" width=\"980\" height=\"559\" title=\"GLANSHYLLA: Vintersko fra merkene Inuikii, Uggs og Moon Boot er noen av de dyreste variantene som f\u00e5s i butikken. Det er ogs\u00e5 noe av det det g\u00e5r mest av i desember, s\u00e6rlig som julegave. Foto: John T. Pedersen \/ Dagbladet\" alt=\"\" class=\"\" style=\"--aspect-ratio-image: 1.75; \"\/><\/p>\n<p>\n        GLANSHYLLA: Vintersko fra merkene Inuikii, Uggs og Moon Boot er noen av de dyreste variantene som f\u00e5s i butikken. Det er ogs\u00e5 noe av det det g\u00e5r mest av i desember, s\u00e6rlig som julegave. Foto: John T. Pedersen \/ Dagbladet\n    <\/p>\n<p>Thoresen peker p\u00e5 at det er et slags press i samfunnet p\u00e5 enkelte merker som vises i julehandelen.\u00a0<\/p>\n<p>&#8211; S\u00e6rlig blant de unge, som gj\u00f8r at folk nesten f\u00f8ler at de m\u00e5 ha det. Vi ser at det er mange foreldre eller besteforeldre som kommer inn med bilde av hvilken spesifikk sko ungene \u00f8nsker seg.\u00a0<\/p>\n<p>    <a itemprop=\"url\" href=\"https:\/\/dinside.dagbladet.no\/fritid\/julebaking-spill-for-galleriet\/83960164\" rel=\"nofollow noopener\" target=\"_blank\"><\/p>\n<p>        <img loading=\"lazy\" decoding=\"async\" src=\"https:\/\/www.europesays.com\/no\/wp-content\/uploads\/2025\/12\/83960879.webp\" width=\"980\" height=\"441\" title=\"- Dropp det\" alt=\"\" class=\"lazyload\" style=\"--aspect-ratio-image: 2.22; \"\/><\/p>\n<p>        &#8211; Dropp det<\/p>\n<p>    <\/a><\/p>\n<p>Med andre ord har \u00f8nskene p\u00e5 \u00f8nskelistene blitt mer konkrete, der det kanskje tidligere sto skrevet vintersko eller turkl\u00e6r generelt.\u00a0<\/p>\n<p>&#8211; Et eksempel p\u00e5 det er at Moon Boots i utgangspunktet er en sn\u00f8sko, men det er veldig mange som bruker den n\u00e5r det er \u00e5tte grader og regn, slik det ofte er her. Det er ikke helt anbefalt, men de fleste er mer opptatt av merket.\u00a0<\/p>\n<p>        <img loading=\"lazy\" decoding=\"async\" src=\"https:\/\/www.europesays.com\/no\/wp-content\/uploads\/2025\/12\/83994633.webp\" width=\"980\" height=\"559\" title=\"- Det er helt vilt\" alt=\"\" class=\"\" style=\"--aspect-ratio-image: 1.75; \"\/><\/p>\n<p>Det samme trekker Antons Sport-butikksjefen fram.\u00a0<\/p>\n<p>&#8211; Det har nok med popularitet \u00e5 gj\u00f8re. Alle vil ha det alle andre vil ha &#8211; det som er popul\u00e6rt p\u00e5 skolen eller arbeidsplassen. Det gjelder nok i hele samfunnet, mener Nyfeldt.\u00a0<\/p>\n<p>&#8211; En klar trend\u00a0\t<\/p>\n<p>Flere av\u00a0de butikkansatte og senterlederen trekker fram at de raskt merker trendene som r\u00f8rer seg p\u00e5 sosiale medier i butikk.\u00a0<\/p>\n<p> Der er de inne p\u00e5 noe, if\u00f8lge professor i markedsf\u00f8ring, Marit Engeset, som trekker fram at betydningen av det er enorm.\u00a0<\/p>\n<p>&#8211; Trender sprer seg raskt til store markeder og p\u00e5virkningen er enorm. Jula er en tid da flesteparten er rause og p\u00e5 jakt etter den spesielle gaven, da er vi enda mer s\u00e5rbare for slik p\u00e5virkning, sier hun til DinSide.\u00a0<\/p>\n<p>Engeset har blant annet forbrukeratferd og hvordan vi som forbrukere lar oss p\u00e5virke som forskningsinteresser.\u00a0<\/p>\n<p>        <img loading=\"lazy\" decoding=\"async\" itemprop=\"image\" src=\"https:\/\/www.europesays.com\/no\/wp-content\/uploads\/2025\/12\/83997240.webp\" width=\"180\" height=\"180\" alt=\"&lt;br&gt;Marit Engeset\"\/><\/p>\n<p>Marit Engeset<br \/>\n            <br \/>Marit<br \/>\n            Engeset        <\/p>\n<p>Professor i markedsf\u00f8ring ved institutt for industriell \u00f8konomi, strategi og statsvitenskap<br \/>\nUSN Handelsh\u00f8yskolen<\/p>\n<p>Hun forklarer at utviklingen der mange av oss \u00f8nsker oss mye av det samme, er en klar trend, som blant annet forsterkes gjennom <a href=\"https:\/\/dinside.dagbladet.no\/fritid\/helt-enormt\/83874129\" target=\"_blank\" rel=\"nofollow noopener\">tilgjengelighet av apper som \u00d8nsk og \u00d8nskeskyen<\/a>, som ogs\u00e5 kommer med forslag basert p\u00e5 brukerens profil.\u00a0<\/p>\n<p>    <a itemprop=\"url\" href=\"https:\/\/dinside.dagbladet.no\/motor\/har-passert-millionen\/83986450\" rel=\"nofollow noopener\" target=\"_blank\"><\/p>\n<p>        <img loading=\"lazy\" decoding=\"async\" src=\"https:\/\/www.europesays.com\/no\/wp-content\/uploads\/2025\/12\/83987228.webp\" width=\"980\" height=\"441\" title=\"- Stor prestasjon\" alt=\"\" class=\"lazyload\" style=\"--aspect-ratio-image: 2.22; \"\/><\/p>\n<p>        &#8211; Stor prestasjon<\/p>\n<p>    <\/a><\/p>\n<p>&#8211; Dette er nok i hovedsak resultat av m\u00e5lrettet merkevarebygging kombinert med sosiale medier der trender kommer raskt ut til store markeder.\u00a0<\/p>\n<p>&#8211; Grunnleggende ved forbrukeratferd er at vi ofte velger basert p\u00e5 sosial p\u00e5virkning, samtidig som vi har lett for \u00e5 velge det som er mest tilgjengelig \u2013 dermed havner gjerne merker som er synlige og popul\u00e6re i referansegruppene vi vil assosiere oss med \u00f8verst p\u00e5 \u00f8nskelista, legger hun til.\u00a0<\/p>\n<p>        KLAR ADVARSEL: Har du vurdert \u00e5 bruke juletreet som ved? I s\u00e5 fall b\u00f8r du tenke deg ekstra om. Video: Embla Hjort-Larsen \/ Storyblocks. <\/p>\n<p>Hun mener utviklingen i julehandelen kan gi flere indikasjoner p\u00e5 forbruksm\u00f8nsteret v\u00e5rt.\u00a0<\/p>\n<p>&#8211; P\u00e5 den ene siden \u00f8nsker vi \u00e5 bevare gamle tradisjoner og vi jakter p\u00e5 den gode f\u00f8lelsen av forventning og glede som vi husker fra vi var sm\u00e5. P\u00e5 den annen side er det generelt en overflod og vi ser ikke behovet for \u00e5 f\u00e5 enda flere \u00abting\u00bb \u00e5 oppbevare i skuffer og skap, sier hun og fortsetter:\u00a0<\/p>\n<p>&#8211; S\u00e5 da fors\u00f8ker vi \u00e5 balansere dette ved \u00e5 konkretisere \u00f8nskene v\u00e5re slik at vi f\u00e5r det vi trenger \u2013 det vi kanskje ellers ville kj\u00f8pt selv i januar.\u00a0<\/p>\n<p>I tillegg gir jula en mulighet til \u00e5 \u00f8nske seg noe dyrere varianter av produkter som en selv ellers ikke tar seg r\u00e5d til, if\u00f8lge henne.\u00a0<\/p>\n<p>&#8211; Bruk hele \u00e5pningstida\t<\/p>\n<p>Det er uansett ikke tvil om at dagene blir travle b\u00e5de framfor og bak kassene i butikker rundt om i landet de kommende dagene.\u00a0<\/p>\n<p>&#8211; Jeg tror jeg kan sp\u00e5 at mandag 22. desember blir den travleste for de aller fleste, sier senterleder Per Kristian Tr\u00f8en.<\/p>\n<p>    <a itemprop=\"url\" href=\"https:\/\/dinside.dagbladet.no\/fritid\/julebrusmysterium-smaker-ganske-likt-1\/83960218\" rel=\"nofollow noopener\" target=\"_blank\"><\/p>\n<p>        <img loading=\"lazy\" decoding=\"async\" src=\"https:\/\/www.europesays.com\/no\/wp-content\/uploads\/2025\/12\/1766244672_423_83960600.webp\" width=\"147\" height=\"98\" title=\"Ryktene svirrer\" alt=\"\" class=\"lazyload\" style=\"--aspect-ratio-image: 1.50; \"\/><\/p>\n<p>        Ryktene svirrer<\/p>\n<p>    <\/a><\/p>\n<p>Derfor har senterlederen et r\u00e5d til alle rundt om i landet som skal sikre seg de siste gavene i l\u00f8pet av den kommende uka, slik at du kan unng\u00e5 det velkjente \u00abjulestresset\u00bb:\u00a0<\/p>\n<p>&#8211; Det kommer til \u00e5 v\u00e6re mye mennesker, s\u00e5 bruk hele \u00e5pningstida. Fra tidlig om morgenen, til seinere p\u00e5 kvelden.\u00a0<\/p>\n<p><script async src=\"\/\/www.tiktok.com\/embed.js\"><\/script><\/p>\n","protected":false},"excerpt":{"rendered":"Kort fortalt Julehandelen er i full gang p\u00e5 Str\u00f8mmen storsenter, et av Norges st\u00f8rste kj\u00f8pesentre. Senterleder Per Kristian&hellip;\n","protected":false},"author":2,"featured_media":118273,"comment_status":"","ping_status":"","sticky":false,"template":"","format":"standard","meta":{"footnotes":""},"categories":[5],"tags":[20,21,1332,24,25,728,15,19,5593,11599,7852,22,23,17,18,13,30,28,29,14,16,572,26,27,1702],"class_list":{"0":"post-118272","1":"post","2":"type-post","3":"status-publish","4":"format-standard","5":"has-post-thumbnail","7":"category-overskrifter","8":"tag-breaking-news","9":"tag-breakingnews","10":"tag-dagligvarer","11":"tag-featured-news","12":"tag-featurednews","13":"tag-fritid","14":"tag-headlines","15":"tag-hovedoppslag","16":"tag-jul","17":"tag-julegaver","18":"tag-julehandel","19":"tag-latest-news","20":"tag-latestnews","21":"tag-main-news","22":"tag-mainnews","23":"tag-news","24":"tag-no","25":"tag-norge","26":"tag-norway","27":"tag-nyheter","28":"tag-overskrifter","29":"tag-okonomi","30":"tag-top-stories","31":"tag-topstories","32":"tag-trend"},"share_on_mastodon":{"url":"https:\/\/pubeurope.com\/@no\/115752618666396834","error":""},"_links":{"self":[{"href":"https:\/\/www.europesays.com\/no\/wp-json\/wp\/v2\/posts\/118272","targetHints":{"allow":["GET"]}}],"collection":[{"href":"https:\/\/www.europesays.com\/no\/wp-json\/wp\/v2\/posts"}],"about":[{"href":"https:\/\/www.europesays.com\/no\/wp-json\/wp\/v2\/types\/post"}],"author":[{"embeddable":true,"href":"https:\/\/www.europesays.com\/no\/wp-json\/wp\/v2\/users\/2"}],"replies":[{"embeddable":true,"href":"https:\/\/www.europesays.com\/no\/wp-json\/wp\/v2\/comments?post=118272"}],"version-history":[{"count":0,"href":"https:\/\/www.europesays.com\/no\/wp-json\/wp\/v2\/posts\/118272\/revisions"}],"wp:featuredmedia":[{"embeddable":true,"href":"https:\/\/www.europesays.com\/no\/wp-json\/wp\/v2\/media\/118273"}],"wp:attachment":[{"href":"https:\/\/www.europesays.com\/no\/wp-json\/wp\/v2\/media?parent=118272"}],"wp:term":[{"taxonomy":"category","embeddable":true,"href":"https:\/\/www.europesays.com\/no\/wp-json\/wp\/v2\/categories?post=118272"},{"taxonomy":"post_tag","embeddable":true,"href":"https:\/\/www.europesays.com\/no\/wp-json\/wp\/v2\/tags?post=118272"}],"curies":[{"name":"wp","href":"https:\/\/api.w.org\/{rel}","templated":true}]}}