{"id":118274,"date":"2025-12-20T15:36:25","date_gmt":"2025-12-20T15:36:25","guid":{"rendered":"https:\/\/www.europesays.com\/no\/118274\/"},"modified":"2025-12-20T15:36:25","modified_gmt":"2025-12-20T15:36:25","slug":"horten-skoppum-fra-lorge-til-travsportens-mekka-i-frankrike-gjengangeren","status":"publish","type":"post","link":"https:\/\/www.europesays.com\/no\/118274\/","title":{"rendered":"Horten, Skoppum | Fra L\u00f8rge til travsportens Mekka i Frankrike &#8211; Gjengangeren"},"content":{"rendered":"<ol>\n<li><a href=\"https:\/\/news.google.com\/rss\/articles\/CBMikAFBVV95cUxQU0hVYldIRGxRMkhMYkFDbHVJcG5NOV82dHE1M3djSkR6ZTNIYWhwbERGSXBoYkpwbXNPMEhGWFRsVTBCZ1RsbEk2c1BEUUJqU1VsNTAtWm15dl8ta2E5cXZDSzFPaUlVNWpmbDk0amFSdVRWZXNnQXdtTkhwQlc5bTJRODNSdENwalZMdnI4bW8?oc=5\" target=\"_blank\" rel=\"nofollow noopener\">Horten, Skoppum | Fra L\u00f8rge til travsportens Mekka i Frankrike<\/a>&nbsp;&nbsp;Gjengangeren<\/li>\n<li><a href=\"https:\/\/news.google.com\/rss\/articles\/CBMiZkFVX3lxTE9qdUJLSlNIYWphNFVwWDlhWk9QcUhzTXJpUllZNlJjRGM5VzhtT3hsay1xYmlNcm15dXNCMDVnOGo3c25qMDVjdVJZNWNFQXg1UmxCeml5WTh4OE5kWV9GdG5mQlJFUQ?oc=5\" target=\"_blank\" rel=\"nofollow noopener\">Historisk s\u00f8ndag: Fire norskeide i fransk storl\u00f8p<\/a>&nbsp;&nbsp;Trav og Galopp-Nytt<\/li>\n<li><a href=\"https:\/\/news.google.com\/rss\/articles\/CBMingFBVV95cUxNbTdfbGM4Zmo1ZE1DVF9SQ0lPUTdyRkppd3lSMkY4aG1MRklCaXplZjdYdEZRN3BBd3otX2xuLTFJcmxscFBsbTFvd2NkTWZYWDUya3NwWFZrdXBzeXlnaGFfT2g5ZFBXOFdDRkJYTTZEV0ZBR08xNGlXeDNKMVZTTUVwazBDMk9xMEZiQ3dlY2dvTWZGVExwZmxNYmV4UQ?oc=5\" target=\"_blank\" rel=\"nofollow noopener\">Viktig dag for mont\u00e9hestene<\/a>&nbsp;&nbsp;Norsk Rikstoto<\/li>\n<li><a href=\"https:\/\/news.google.com\/rss\/articles\/CBMiWkFVX3lxTE5GN0RBSzNwWHJkejFJcXhTLWxlZjJpbzRQMnVaQ05kWDBMSkFLeHRGMV9TTlB3a2hyXzdQMUM3WjZBeWsyT0RtY0V1MzVuamQ4Z1pjaldsQUFxdw?oc=5\" target=\"_blank\" rel=\"nofollow noopener\">\u00abDansken\u00bb i feil gangart<\/a>&nbsp;&nbsp;Trav og Galopp-Nytt<\/li>\n<li><a href=\"https:\/\/news.google.com\/rss\/articles\/CBMiZEFVX3lxTE4zRm5fNTMwMGdFSXYwTDNMXzFZUTB5d19WUUYwZ1paYUZDYlJ1MHJyTENzQWdzVUFHSmZrOEtJY09MOGVxbWZZNjNfd1F3YVFlZW1FbzRya1hZN0dmQndBTUtyN0c?oc=5\" target=\"_blank\" rel=\"nofollow noopener\">Deler ut Prix d\u2019Am\u00e9rique-billetter: Flere norske \u00f8nsker \u00e5 v\u00e6re med<\/a>&nbsp;&nbsp;Trav og Galopp-Nytt<\/li>\n<\/ol>\n","protected":false},"excerpt":{"rendered":"Horten, Skoppum | Fra L\u00f8rge til travsportens Mekka i Frankrike&nbsp;&nbsp;Gjengangeren Historisk s\u00f8ndag: Fire norskeide i fransk storl\u00f8p&nbsp;&nbsp;Trav og&hellip;\n","protected":false},"author":2,"featured_media":118275,"comment_status":"","ping_status":"","sticky":false,"template":"","format":"standard","meta":{"footnotes":""},"categories":[12],"tags":[20,21,24,25,15,22,23,13,30,28,29,14,16,26,27,42,43,44,45],"class_list":{"0":"post-118274","1":"post","2":"type-post","3":"status-publish","4":"format-standard","5":"has-post-thumbnail","7":"category-verden","8":"tag-breaking-news","9":"tag-breakingnews","10":"tag-featured-news","11":"tag-featurednews","12":"tag-headlines","13":"tag-latest-news","14":"tag-latestnews","15":"tag-news","16":"tag-no","17":"tag-norge","18":"tag-norway","19":"tag-nyheter","20":"tag-overskrifter","21":"tag-top-stories","22":"tag-topstories","23":"tag-verden","24":"tag-world","25":"tag-world-news","26":"tag-worldnews"},"share_on_mastodon":{"url":"https:\/\/pubeurope.com\/@no\/115752637924443918","error":""},"_links":{"self":[{"href":"https:\/\/www.europesays.com\/no\/wp-json\/wp\/v2\/posts\/118274","targetHints":{"allow":["GET"]}}],"collection":[{"href":"https:\/\/www.europesays.com\/no\/wp-json\/wp\/v2\/posts"}],"about":[{"href":"https:\/\/www.europesays.com\/no\/wp-json\/wp\/v2\/types\/post"}],"author":[{"embeddable":true,"href":"https:\/\/www.europesays.com\/no\/wp-json\/wp\/v2\/users\/2"}],"replies":[{"embeddable":true,"href":"https:\/\/www.europesays.com\/no\/wp-json\/wp\/v2\/comments?post=118274"}],"version-history":[{"count":0,"href":"https:\/\/www.europesays.com\/no\/wp-json\/wp\/v2\/posts\/118274\/revisions"}],"wp:featuredmedia":[{"embeddable":true,"href":"https:\/\/www.europesays.com\/no\/wp-json\/wp\/v2\/media\/118275"}],"wp:attachment":[{"href":"https:\/\/www.europesays.com\/no\/wp-json\/wp\/v2\/media?parent=118274"}],"wp:term":[{"taxonomy":"category","embeddable":true,"href":"https:\/\/www.europesays.com\/no\/wp-json\/wp\/v2\/categories?post=118274"},{"taxonomy":"post_tag","embeddable":true,"href":"https:\/\/www.europesays.com\/no\/wp-json\/wp\/v2\/tags?post=118274"}],"curies":[{"name":"wp","href":"https:\/\/api.w.org\/{rel}","templated":true}]}}