{"id":118276,"date":"2025-12-20T15:37:24","date_gmt":"2025-12-20T15:37:24","guid":{"rendered":"https:\/\/www.europesays.com\/no\/118276\/"},"modified":"2025-12-20T15:37:24","modified_gmt":"2025-12-20T15:37:24","slug":"cengiz-al-og-maiken-blom-venter-barn-igjen","status":"publish","type":"post","link":"https:\/\/www.europesays.com\/no\/118276\/","title":{"rendered":"Cengiz Al og Maiken Blom venter barn igjen"},"content":{"rendered":"<p class=\"kicker \" style=\"\">Cengiz Al:<\/p>\n<p>  \u00abSkal vi danse\u00bb-dommeren skal bli far for tredje gang.<\/p>\n<p>\n    LYKKEN SMILER: Cengiz Al og Maiken Blom r\u00f8per gladnyhet i r\u00f8rende video. Foto: Andreas Fadum\n  <\/p>\n<p id=\"text\" class=\"svelte-1bgec1z\">I samarbeid med<\/p>\n<p>     <img decoding=\"async\" src=\"https:\/\/www.europesays.com\/no\/wp-content\/uploads\/2025\/12\/fishermansFriend.png\" alt=\"kommersiell logo\" class=\"svelte-1bgec1z\"\/>          <\/p>\n<p>Skuespilleren og\u00a0\u00abSkal vi danse\u00bb-dommer Cengiz Al og samboeren Maiken Blom skal bli foreldre igjen.\u00a0<\/p>\n<p>Det avsl\u00f8rer paret i et innlegg delt p\u00e5 Instagram.\u00a0<\/p>\n<p>\u00abTil sommeren blir vi flere barn enn voksne i denne familien\u00bb, st\u00e5r det til en video av et ultralydbilde.<\/p>\n<p> Paret ble foreldre for f\u00f8rste gang i 2020, og fire \u00e5r seinere ble de tobarnsforeldre. <\/p>\n<p>    <a itemprop=\"url\" href=\"https:\/\/www.seher.no\/kjendis\/aller-siste-gang\/84011753\" rel=\"nofollow noopener\" target=\"_blank\"><\/p>\n<p>        <img loading=\"lazy\" decoding=\"async\" src=\"https:\/\/www.europesays.com\/no\/wp-content\/uploads\/2025\/12\/84010902.webp\" width=\"980\" height=\"441\" title=\"- Aller siste gang\" alt=\"\" class=\"lazyload\" style=\"--aspect-ratio-image: 2.22; \"\/><\/p>\n<p>        &#8211; Aller siste gang<\/p>\n<p>    <\/a><\/p>\n<p>Duoen har v\u00e6rt sammen i nesten elleve \u00e5r, og Cengiz har tidligere fortalt til Dagbladet hvordan kj\u00e6rlighetshistorien startet.<\/p>\n<p>&#8211; Det var jeg som sjekket opp henne. Hun er danser hun ogs\u00e5, og det var i et dansestudio. Det tok litt lang tid f\u00f8r hun f\u00f8rst skj\u00f8nte at jeg pr\u00f8vde meg p\u00e5 henne, sa han i 2017.<\/p>\n<p>        \u00abSKAL VI DANSE\u00bb: Finalist Tiril Eckhoff viser frem til skjulte talent. Video: Nora Skavhaug\/ R\u00f8d L\u00f8per<\/p>\n<p>I 2018 kj\u00f8pte paret en leilighet sammen og ble samboere. Cengiz har tidligere del \u00e5penhjertig om forholdet til Maiken.\u00a0<\/p>\n<p>Da han gjestet podkasten \u00abIda med hjertet i h\u00e5nda\u00bb \u00e5pnet han opp om hvordan det er \u00e5 v\u00e6re i et forhold der man kommer fra ulike kulturer.\u00a0\u00a0<\/p>\n<p>    <a itemprop=\"url\" href=\"https:\/\/www.seher.no\/kjendis\/jeg-er-forelsket\/84011283\" rel=\"nofollow noopener\" target=\"_blank\"><\/p>\n<p>        <img loading=\"lazy\" decoding=\"async\" src=\"https:\/\/www.europesays.com\/no\/wp-content\/uploads\/2025\/12\/1766245044_494_84011324.webp\" width=\"980\" height=\"441\" title=\"- Jeg er forelsket\" alt=\"\" class=\"lazyload\" style=\"--aspect-ratio-image: 2.22; \"\/><\/p>\n<p>        &#8211; Jeg er forelsket<\/p>\n<p>    <\/a><\/p>\n<p>&#8211; Jeg tenkte ikke over den gang at vi hadde ulike bakgrunner. Jeg tenkte bare at \u00abhun vil jeg ha\u00bb, uttalte 22-\u00e5ringen.<\/p>\n","protected":false},"excerpt":{"rendered":"Cengiz Al: \u00abSkal vi danse\u00bb-dommeren skal bli far for tredje gang. LYKKEN SMILER: Cengiz Al og Maiken Blom&hellip;\n","protected":false},"author":2,"featured_media":118277,"comment_status":"","ping_status":"","sticky":false,"template":"","format":"standard","meta":{"footnotes":""},"categories":[10],"tags":[1301,20,21,8111,24,25,5429,15,479,2543,22,23,14199,13,30,28,29,14,16,2280,26,27],"class_list":{"0":"post-118276","1":"post","2":"type-post","3":"status-publish","4":"format-standard","5":"has-post-thumbnail","7":"category-norge","8":"tag-barn","9":"tag-breaking-news","10":"tag-breakingnews","11":"tag-cengiz-al","12":"tag-featured-news","13":"tag-featurednews","14":"tag-gladnyhet","15":"tag-headlines","16":"tag-kjendis","17":"tag-kjendisdesken","18":"tag-latest-news","19":"tag-latestnews","20":"tag-maiken-blom","21":"tag-news","22":"tag-no","23":"tag-norge","24":"tag-norway","25":"tag-nyheter","26":"tag-overskrifter","27":"tag-skal-vi-danse","28":"tag-top-stories","29":"tag-topstories"},"share_on_mastodon":{"url":"https:\/\/pubeurope.com\/@no\/115752641919605480","error":""},"_links":{"self":[{"href":"https:\/\/www.europesays.com\/no\/wp-json\/wp\/v2\/posts\/118276","targetHints":{"allow":["GET"]}}],"collection":[{"href":"https:\/\/www.europesays.com\/no\/wp-json\/wp\/v2\/posts"}],"about":[{"href":"https:\/\/www.europesays.com\/no\/wp-json\/wp\/v2\/types\/post"}],"author":[{"embeddable":true,"href":"https:\/\/www.europesays.com\/no\/wp-json\/wp\/v2\/users\/2"}],"replies":[{"embeddable":true,"href":"https:\/\/www.europesays.com\/no\/wp-json\/wp\/v2\/comments?post=118276"}],"version-history":[{"count":0,"href":"https:\/\/www.europesays.com\/no\/wp-json\/wp\/v2\/posts\/118276\/revisions"}],"wp:featuredmedia":[{"embeddable":true,"href":"https:\/\/www.europesays.com\/no\/wp-json\/wp\/v2\/media\/118277"}],"wp:attachment":[{"href":"https:\/\/www.europesays.com\/no\/wp-json\/wp\/v2\/media?parent=118276"}],"wp:term":[{"taxonomy":"category","embeddable":true,"href":"https:\/\/www.europesays.com\/no\/wp-json\/wp\/v2\/categories?post=118276"},{"taxonomy":"post_tag","embeddable":true,"href":"https:\/\/www.europesays.com\/no\/wp-json\/wp\/v2\/tags?post=118276"}],"curies":[{"name":"wp","href":"https:\/\/api.w.org\/{rel}","templated":true}]}}