{"id":118278,"date":"2025-12-20T15:38:34","date_gmt":"2025-12-20T15:38:34","guid":{"rendered":"https:\/\/www.europesays.com\/no\/118278\/"},"modified":"2025-12-20T15:38:34","modified_gmt":"2025-12-20T15:38:34","slug":"sett-flere-stoler-til-bordet","status":"publish","type":"post","link":"https:\/\/www.europesays.com\/no\/118278\/","title":{"rendered":"Sett flere stoler til bordet"},"content":{"rendered":"<p>En unders\u00f8kelse gjennomf\u00f8rt for Kirkens Bymisjon viser at mange gruer seg til jul. Ikke n\u00f8dvendigvis fordi \u00e9n ting er vanskelig, men fordi livet kjennes mer s\u00e5rbart n\u00e5r forventningene er h\u00f8ye og man minnes p\u00e5 det man savner.<\/p>\n<p>Flertallet peker p\u00e5 utfordringer i n\u00e6re relasjoner, og mange beskriver en f\u00f8lelse av \u00e5 st\u00e5 alene. \u00c9n av fire sier at de har kjent p\u00e5 ensomhet i tidligere juleh\u00f8ytider. N\u00e5r idealene om den perfekte julen m\u00f8ter virkeligheten, kan det skape press, skam og utenforskap. Hos Kirkens Bymisjon i Kristiansand m\u00f8ter vi mennesker som savner tilh\u00f8righet \u2013 ikke bare i desember, men gjennom hele \u00e5ret.<\/p>\n<p>Dyrtiden setter spor<\/p>\n<p>Unders\u00f8kelsen viser at \u00f8konomi ogs\u00e5 spiller en rolle for mange. For enkelte blir julen et regnestykke som er vanskelig \u00e5 f\u00e5 til \u00e5 g\u00e5 opp, og bekymringene kan forsterke f\u00f8lelsen av \u00e5 falle utenfor. Dette gjelder s\u00e6rlig i en tid der mange opplever mindre handlingsrom i hverdagen.<\/p>\n<p>Samtidig ser vi at behovet for fellesskap \u00f8ker. Flere s\u00f8ker seg til \u00e5pne m\u00f8teplasser, ikke f\u00f8rst og fremst for hjelp, men for \u00e5 v\u00e6re sammen med andre. N\u00e5r marginene blir mindre, blir betydningen av inkluderende fellesskap desto st\u00f8rre \u2013 steder der man kan komme som man er, uten krav og forventninger.<\/p>\n<p>N\u00e5r m\u00f8teplasser forsvinner, taper vi mer enn vi tror<\/p>\n<p>Dyrtiden og strammere budsjetter merkes ogs\u00e5 i kommunene. Over hele landet meldes det om kutt og vanskelige prioriteringer. Ofte er det de forebyggende og relasjonsskapende tilbudene som kommer under press \u2013 m\u00f8teplasser, fritidstilbud og lavterskelarenaer som ikke er lovp\u00e5lagte, men som betyr mye for mange.<\/p>\n<p>I valgkampen ble det av mange politikere lovet \u00f8kt innsats mot utenforskap. Da er det avgj\u00f8rende at disse l\u00f8ftene f\u00f8lges opp i praksis. Ideelle organisasjoner spiller en viktig rolle i dette arbeidet, men bare dersom rammene gj\u00f8r det mulig \u00e5 holde d\u00f8rene \u00e5pne. Det er alltid dyrere \u00e5 reparere enn \u00e5 forebygge \u2013 \u00f8konomisk, og ikke minst for den enkelte.<\/p>\n<p><a href=\"https:\/\/www.fvn.no\/nyheter\/lokalt\/i\/V6ROE4\/bekymret-for-resultatet-sier-naeringslivet-knapt-har-bidratt\" rel=\"nofollow noopener\" target=\"_blank\"> <img decoding=\"async\" src=\"data:image\/gif;base64,R0lGODlhEAAJAIAAAP\/\/\/wAAACH5BAEAAAAALAAAAAAQAAkAAAIKhI+py+0Po5yUFQA7\" alt=\"\"\/>   N\u00e6ringslivet uteblir: \u2013 Har ikke kommet noen gaver av vesentlig st\u00f8rrelse  <\/a> <\/p>\n<p>Inkluderende m\u00f8teplasser er en grunnmur i arbeidet for trygge oppvekstvilk\u00e5r og inkluderende lokalsamfunn. N\u00e5r mennesker blir sett og kjenner p\u00e5 tilh\u00f8righet, styrkes deres muligheter videre i livet. \u00c5 svekke slike tilbud er \u00e5 ta en betydelig risiko p\u00e5 vegne av framtida.<\/p>\n<p>Fellesskap endrer liv<\/p>\n<p>Hos Kirkens Bymisjon vet vi at fellesskap gj\u00f8r en forskjell. I julen \u00e5pner vi kafeer og m\u00f8teplasser over hele landet. Her samles mennesker til m\u00e5ltider, samtaler og samv\u00e6r. For oss er et m\u00e5ltid mer enn mat \u2013 det er en invitasjon inn i et fellesskap.<\/p>\n<p>Mange forteller at det viktigste ikke er hva som serveres, men \u00e5 bli m\u00f8tt med varme, respekt og verdighet. Et dekket bord kan v\u00e6re forskjellen mellom \u00e5 trekke seg unna og \u00e5 kjenne at man h\u00f8rer til.<\/p>\n<p>Sammen med frivillige \u00e5pner vi ogs\u00e5 i \u00e5r d\u00f8rene v\u00e5re. Ved bordene v\u00e5re er det plass til mange \u2013 og alltid rom for \u00e9n til. At vi kan sette fram flere stoler er takket v\u00e6re st\u00f8tte fra privatpersoner, n\u00e6ringsliv og offentlige samarbeidspartnere i Kristiansand. Uten dette fellesskapet hadde arbeidet ikke v\u00e6rt mulig. Tusen takk!<\/p>\n<p>Vi vet at vi blir mindre alene sammen, og skal vi lykkes med \u00e5 skape et inkluderende lokalsamfunn, m\u00e5 vi gj\u00f8re det nettopp sammen.<\/p>\n<p>Julen er en tid som handler om raushet og om \u00e5 se hverandre. Om \u00e5 \u00e5pne d\u00f8rene og gi plass. Kanskje er det nettopp n\u00e5 vi trenger \u00e5 sette fram en ekstra stol ved bordet \u2013 og minne hverandre p\u00e5 hvor viktig fellesskapet er.<\/p>\n","protected":false},"excerpt":{"rendered":"En unders\u00f8kelse gjennomf\u00f8rt for Kirkens Bymisjon viser at mange gruer seg til jul. Ikke n\u00f8dvendigvis fordi \u00e9n ting&hellip;\n","protected":false},"author":2,"featured_media":118279,"comment_status":"","ping_status":"","sticky":false,"template":"","format":"standard","meta":{"footnotes":""},"categories":[5],"tags":[20,21,24,25,3801,15,19,5593,12712,331,22,23,17,18,8900,13,30,28,29,14,16,26,27,998],"class_list":{"0":"post-118278","1":"post","2":"type-post","3":"status-publish","4":"format-standard","5":"has-post-thumbnail","7":"category-overskrifter","8":"tag-breaking-news","9":"tag-breakingnews","10":"tag-featured-news","11":"tag-featurednews","12":"tag-fellesskap","13":"tag-headlines","14":"tag-hovedoppslag","15":"tag-jul","16":"tag-kirkens-bymisjon","17":"tag-kristiansand","18":"tag-latest-news","19":"tag-latestnews","20":"tag-main-news","21":"tag-mainnews","22":"tag-moteplasser","23":"tag-news","24":"tag-no","25":"tag-norge","26":"tag-norway","27":"tag-nyheter","28":"tag-overskrifter","29":"tag-top-stories","30":"tag-topstories","31":"tag-utenforskap"},"share_on_mastodon":{"url":"https:\/\/pubeurope.com\/@no\/115752645613736738","error":""},"_links":{"self":[{"href":"https:\/\/www.europesays.com\/no\/wp-json\/wp\/v2\/posts\/118278","targetHints":{"allow":["GET"]}}],"collection":[{"href":"https:\/\/www.europesays.com\/no\/wp-json\/wp\/v2\/posts"}],"about":[{"href":"https:\/\/www.europesays.com\/no\/wp-json\/wp\/v2\/types\/post"}],"author":[{"embeddable":true,"href":"https:\/\/www.europesays.com\/no\/wp-json\/wp\/v2\/users\/2"}],"replies":[{"embeddable":true,"href":"https:\/\/www.europesays.com\/no\/wp-json\/wp\/v2\/comments?post=118278"}],"version-history":[{"count":0,"href":"https:\/\/www.europesays.com\/no\/wp-json\/wp\/v2\/posts\/118278\/revisions"}],"wp:featuredmedia":[{"embeddable":true,"href":"https:\/\/www.europesays.com\/no\/wp-json\/wp\/v2\/media\/118279"}],"wp:attachment":[{"href":"https:\/\/www.europesays.com\/no\/wp-json\/wp\/v2\/media?parent=118278"}],"wp:term":[{"taxonomy":"category","embeddable":true,"href":"https:\/\/www.europesays.com\/no\/wp-json\/wp\/v2\/categories?post=118278"},{"taxonomy":"post_tag","embeddable":true,"href":"https:\/\/www.europesays.com\/no\/wp-json\/wp\/v2\/tags?post=118278"}],"curies":[{"name":"wp","href":"https:\/\/api.w.org\/{rel}","templated":true}]}}