{"id":118282,"date":"2025-12-20T15:45:09","date_gmt":"2025-12-20T15:45:09","guid":{"rendered":"https:\/\/www.europesays.com\/no\/118282\/"},"modified":"2025-12-20T15:45:09","modified_gmt":"2025-12-20T15:45:09","slug":"veldig-stas-nrk-sport-sportsnyheter-resultater-og-sendeplan","status":"publish","type":"post","link":"https:\/\/www.europesays.com\/no\/118282\/","title":{"rendered":"\u2013 Veldig stas \u2013 NRK Sport \u2013 Sportsnyheter, resultater og sendeplan"},"content":{"rendered":"<p>\u2013 Haaland har bestemt at drakta han bruker i dagens kamp mot West Ham skal gis til de fire barnebarna til \u00c5ge Hareide. En veldig fin gest av j\u00e6rbuen, meldte Jan \u00c5ge Fj\u00f8rtoft hos Viaplay f\u00f8r kampen.<\/p>\n<p>\u2013 Stolte barnebarn<\/p>\n<p>\u00c5ge Hareide <a href=\"https:\/\/www.nrk.no\/sport\/age-hareide-er-dod_-_-en-av-de-tre-store-1.17699210\" ec-id=\"pp:article:1.17699210\" ec-name=\"gikk bort torsdag denne uken\" rel=\"nofollow noopener\" target=\"_blank\">gikk bort torsdag denne uken<\/a>. Det norske fotballikonet ble 72 \u00e5r gammel.<\/p>\n<p>Bendik Hareide, \u00c5ge Hareides s\u00f8nn, bekrefter til NRK at familien har f\u00e5tt beskjed om at drakten fra l\u00f8rdagens Premier League-kamp skal tilfalle Hareides barnebarn i gave.<\/p>\n<p>\u2013 Det er stolte barnebarn som synes det er veldig stas at Erling gir dem drakten, forteller Bendik Hareide til NRK.<\/p>\n<p>Fakta om \u00c5ge Hareide<\/p>\n<ul>\n<li>F\u00f8dt: 23. september 1953<\/li>\n<li>F\u00f8dested: Hareid, Norge<\/li>\n<li>Klubber som spiller: H\u00f8dd, Molde, Manchester City, Norwich<\/li>\n<li>A-landskamper\/m\u00e5l: 50\/5<\/li>\n<\/ul>\n<p>Klubber\/nasjoner som trener:<\/p>\n<ul>\n<li>1987-91: Molde<\/li>\n<li>1993-97: Molde<\/li>\n<li>1998-99: Helsingborg<\/li>\n<li>2000-02: Br\u00f8ndby<\/li>\n<li>2003: Rosenborg<\/li>\n<li>2003-08: Noreg<\/li>\n<li>2009: \u00d6rgryte<\/li>\n<li>2010-12: Viking<\/li>\n<li>2012: Helsingborg<\/li>\n<li>2014-15: Malm\u00f6<\/li>\n<li>2016\u201320 Danmark<\/li>\n<li>2020-2021: Rosenborg<\/li>\n<li>2022: Malm\u00f6<\/li>\n<li>2023: Island<\/li>\n<\/ul>\n<p>Seriegull som trener:<\/p>\n<ul>\n<li>1999: Helsingborg<\/li>\n<li>2002: Br\u00f8ndby<\/li>\n<li>2003: Rosenborg<\/li>\n<li>2014: Malm\u00f6.<\/li>\n<\/ul>\n<p>(NTB)<\/p>\n<p>City-hyllest<\/p>\n<p>Manchester City var raskt ute med \u00e5 minnes \u00c5ge Hareide da nyheten om bortgangen kom denne uken.<\/p>\n<p>P\u00e5 klubbens mediekanaler la de ut f\u00f8lgende hilsen:<\/p>\n<p>\u2013 Manchester City er i sorg over \u00e5 ha f\u00e5tt vite at \u00c5ge Hareide, klubbens f\u00f8rste norske spiller, har g\u00e5tt bort, 72 \u00e5r gammel. \u00c5ge spilte 24 kamper for klubben fra 1981 til 1982 og trente senere Norge, Danmark og Island i l\u00f8pet av en utrolig 54 \u00e5r lang karriere som spiller og trener, skrev Manchester City til sine 17,6 millioner f\u00f8lgere p\u00e5 X.\n<\/p>\n<p><img decoding=\"async\"   src=\"data:image\/gif;base64,R0lGODlhAQABAIAAAAAAAP\/\/\/yH5BAEAAAAALAAAAAABAAEAAAIBRAA7\" loading=\"eager\" alt=\"s\" title=\"Foto: Skjerdump https:\/\/x.com\/ManCity \/ 20.12.2025\"\/><\/p>\n<p>Foto: Skjerdump https:\/\/x.com\/ManCity \/ 20.12.2025<\/p>\n<p>Scoret etter fem minutter<\/p>\n<p>Ogs\u00e5 i selve kampen l\u00f8rdag gjorde Haaland seg bemerket. Oppgj\u00f8ret mot West Ham var bare fem minutter gammel da den norske superspissen fant nettmaskene mot West Ham.<\/p>\n<p>Et innlegg fra h\u00f8yre fant Haaland foran m\u00e5l, som med venstrefoten skj\u00f8t rett p\u00e5 keeper. Returen gikk rett tilbake til j\u00e6rbuen, som med h\u00f8yrefoten dunket inn 1-0, hans 17. Premier League-m\u00e5l for sesongen.<\/p>\n<p>Nederlandske Tijjani Reijnders \u00f8kte til 2-0 noen minutter f\u00f8r pause, denne gang etter m\u00e5lgivende pasning fra Erling Braut Haaland.<\/p>\n<p>Det er i skrivende stund fortsatt stillingen. Denne saken oppdateres utover kvelden.<\/p>\n<p><img decoding=\"async\"   src=\"data:image\/gif;base64,R0lGODlhAQABAIAAAAAAAP\/\/\/yH5BAEAAAAALAAAAAABAAEAAAIBRAA7\" loading=\"eager\" alt=\"dd\" title=\"Foto: Andrew Boyers \/ Reuters \/ NTB\"\/><\/p>\n<p class=\"\">SCORET: Erling Braut Haaland s\u00f8rget for nok en nettkjenning l\u00f8rdag.<\/p>\n<p>Foto: Andrew Boyers \/ Reuters \/ NTB<\/p>\n<p>Fotballegenden og tidligere landslagssjef \u00c5ge Hareide ble 72 \u00e5r gammel.<\/p>\n<p>Publisert<\/p>\n<p>20.12.2025, kl. 16.23<\/p>\n<p>Oppdatert<\/p>\n<p>20.12.2025, kl. 16.43<\/p>\n","protected":false},"excerpt":{"rendered":"\u2013 Haaland har bestemt at drakta han bruker i dagens kamp mot West Ham skal gis til de&hellip;\n","protected":false},"author":2,"featured_media":118283,"comment_status":"","ping_status":"","sticky":false,"template":"","format":"standard","meta":{"footnotes":""},"categories":[5],"tags":[20,21,24,25,15,19,22,23,17,18,13,30,28,29,14,16,26,27],"class_list":{"0":"post-118282","1":"post","2":"type-post","3":"status-publish","4":"format-standard","5":"has-post-thumbnail","7":"category-overskrifter","8":"tag-breaking-news","9":"tag-breakingnews","10":"tag-featured-news","11":"tag-featurednews","12":"tag-headlines","13":"tag-hovedoppslag","14":"tag-latest-news","15":"tag-latestnews","16":"tag-main-news","17":"tag-mainnews","18":"tag-news","19":"tag-no","20":"tag-norge","21":"tag-norway","22":"tag-nyheter","23":"tag-overskrifter","24":"tag-top-stories","25":"tag-topstories"},"share_on_mastodon":{"url":"https:\/\/pubeurope.com\/@no\/115752673130551537","error":""},"_links":{"self":[{"href":"https:\/\/www.europesays.com\/no\/wp-json\/wp\/v2\/posts\/118282","targetHints":{"allow":["GET"]}}],"collection":[{"href":"https:\/\/www.europesays.com\/no\/wp-json\/wp\/v2\/posts"}],"about":[{"href":"https:\/\/www.europesays.com\/no\/wp-json\/wp\/v2\/types\/post"}],"author":[{"embeddable":true,"href":"https:\/\/www.europesays.com\/no\/wp-json\/wp\/v2\/users\/2"}],"replies":[{"embeddable":true,"href":"https:\/\/www.europesays.com\/no\/wp-json\/wp\/v2\/comments?post=118282"}],"version-history":[{"count":0,"href":"https:\/\/www.europesays.com\/no\/wp-json\/wp\/v2\/posts\/118282\/revisions"}],"wp:featuredmedia":[{"embeddable":true,"href":"https:\/\/www.europesays.com\/no\/wp-json\/wp\/v2\/media\/118283"}],"wp:attachment":[{"href":"https:\/\/www.europesays.com\/no\/wp-json\/wp\/v2\/media?parent=118282"}],"wp:term":[{"taxonomy":"category","embeddable":true,"href":"https:\/\/www.europesays.com\/no\/wp-json\/wp\/v2\/categories?post=118282"},{"taxonomy":"post_tag","embeddable":true,"href":"https:\/\/www.europesays.com\/no\/wp-json\/wp\/v2\/tags?post=118282"}],"curies":[{"name":"wp","href":"https:\/\/api.w.org\/{rel}","templated":true}]}}