{"id":118291,"date":"2025-12-20T15:59:08","date_gmt":"2025-12-20T15:59:08","guid":{"rendered":"https:\/\/www.europesays.com\/no\/118291\/"},"modified":"2025-12-20T15:59:08","modified_gmt":"2025-12-20T15:59:08","slug":"trondheim-var-norges-politiske-og-religiose-sentrum-det-burde-vi-utnytte","status":"publish","type":"post","link":"https:\/\/www.europesays.com\/no\/118291\/","title":{"rendered":"Trondheim var Norges politiske og religi\u00f8se sentrum. Det burde vi utnytte"},"content":{"rendered":"\n<p>Axel Christophersen  Professor emeritus i arkeologi, NTNU Vitenskapsmuseet<\/p>\n<p>Publisert:<br \/>\n  20. desember 2025 kl. 16:02<br \/>\n  Oppdatert:<br \/>\n  20. desember 2025 kl. 16:02\n <\/p>\n<p>Dette er et debattinnlegg. Det gir uttrykk for debattantens egen holdning.<\/p>\n<p><strong>Det er et paradoks. <\/strong>Vi bor i byen som en gang var Norges politiske og religi\u00f8se sentrum, Nordens viktigste pilegrimsm\u00e5l og rammen rundt noen av de mest dramatiske kapitlene i den norske statsdannelsen med etableringen av enekonged\u00f8mme og den nye kirkeorganisasjonen. Det mange tilreisende opplever, er f\u00f8rst og fremst Trondheim som en hyggelig tr\u00f8nderby med god kaffe, fargerike brygger og et pent postkortmotiv av Nidarosdomen.<\/p>\n<p><strong>Historien,<\/strong> den som faktisk gj\u00f8r Trondheim unik i norsk sammenheng, er vanskelig \u00e5 f\u00e5 \u00f8ye p\u00e5 i bybildet. Den ligger i magasiner, i spesialrapporter og i akademiske publikasjoner. Den skimtes i glimt: en katedral, en erkebispeg\u00e5rd, en ruin i en kjeller. Men den er ikke det b\u00e6rende grepet i hvordan byen presenterer seg, verken for egne innbyggere eller for verden utenfor.<\/p>\n<p><img decoding=\"async\" src=\"data:image\/gif;base64,R0lGODlhEAAJAIAAAP\/\/\/wAAACH5BAEAAAAALAAAAAAQAAkAAAIKhI+py+0Po5yUFQA7\" alt=\"\"\/><br \/>\n  Resultatet er at Trondheim for mange fremst\u00e5r som \u00abbyen med en flott kirke\u00bb og ikke som\u00a0\u00abNidaros, kongenes og St. Olavs by\u00bb, skriver Axel Christophersen.<br \/>\n  <strong>Foto:<\/strong> Morten Antonsen<\/p>\n<p>Som arkeolog med et blikk og en kj\u00e6rlighet for b\u00e5de byens fortid og fremtidige byutvikling, opplever jeg et potensial som utnyttes marginalt og sporadisk, ikke m\u00e5lbevisst og med den tyngde som byens kompetanse p\u00e5 omr\u00e5det, et stort nasjonalt ledende middelalderhistorisk og arkeologisk milj\u00f8, kan tilf\u00f8re av unike historiefortellinger.<\/p>\n<p><strong>Trondheim kunne<\/strong> \u00e5penbart ha sittet i f\u00f8rersetet som Norges f\u00f8rende historiske by, men b\u00e5de Oslo, T\u00f8nsberg, Bergen og Sarpsborg(!) har for lengst skj\u00f8vet oss ned i 2. divisjon. De har v\u00e6rt langt flinkere til \u00e5 gj\u00f8re historien sin om til identitet og en turistmagnet. Hvorfor har vi kommet s\u00e5nn i bakleksa?<\/p>\n<p>Trondheim har Nidarosdomen, en av Nordens st\u00f8rste katedraler. Vi har Erkebispeg\u00e5rden, et unikt kirkelig og verdslig maktsentrum i norsk middelalder. Vi har et byarkeologisk materiale som mange europeiske middelalderbyer bare kan dr\u00f8mme om.<\/p>\n<p>Vi er endepunkt for flere tusen kilometer med pilegrimsleder, sertifisert som europeisk kulturvei. Alt dette er enkeltst\u00e5ende perler, men den historiske bakgrunnen for disse flotte nasjonale kulturminnene er usynlig, nesten ukjent og henger ikke sammen for folk flest. Resultatet er at Trondheim for mange fremst\u00e5r som \u00abbyen med en flott kirke\u00bb og ikke som \u00abNidaros, kongenes og St. Olavs by\u00bb. Det er dette potensialet som skal utnyttes og utvides.<\/p>\n<p><img decoding=\"async\" src=\"data:image\/gif;base64,R0lGODlhEAAJAIAAAP\/\/\/wAAACH5BAEAAAAALAAAAAAQAAkAAAIKhI+py+0Po5yUFQA7\" alt=\"\"\/><br \/>\n  En rekke prominente gjester var p\u00e5 plass da ruinene etter Klemenskirken, som viste seg \u00e5 ikke v\u00e6re Klemenskirken likevel, ble vist frem i mai 2019.<br \/>\n  <strong>Foto:<\/strong> Marthe Amanda Vannebo<\/p>\n<p><strong>Trondheim har to<\/strong> unike fortrinn som ingen andre norske byer p\u00e5 samme m\u00e5te kan kopiere:<\/p>\n<ol class=\"List\">\n<li>\n<p> Rollen som landets f\u00f8rste \u00abhovedstad\u00bb og nasjonsbyggende sentrum: Her l\u00e5 Norges politiske og kirkelige tyngdepunkt i flere hundre \u00e5r. Konger kjent fra Snorres kongesagaer som Olav den hellige Haraldsson og Harald Hardr\u00e5de hadde byen som sitt erkl\u00e6rte maktsentrum, herfra styrte de og la grunnlag for ut\u00f8velse av nasjonal kongemakt og bygget kirkeorganisasjonen. Riket ble formet gjennom institusjonene som vokste frem rundt domkirke, erkebispeg\u00e5rde og den n\u00e5 forsvunne kongsg\u00e5rden.<\/p>\n<\/li>\n<li>\n<p> Rollen som St. Olavs by og nordisk pilegrimsm\u00e5l: Hit gikk, og g\u00e5r fortsatt, pilegrimer. Olavs-arven, i krysningspunktet mellom religion, politikk, kult og minnekultur, er helt spesiell i nordisk sammenheng. Dette skal feires i nasjonaljubileet i 2030. Hvilken rolle skal og vil Trondheim ha i denne begivenheten?<\/p>\n<\/li>\n<\/ol>\n<p><strong>Trondheims historie<\/strong> er ikke bare lokalhistorie. Dette er historien om Norge fortalt fra Trondheim. Likevel er den historiske fortellingen om byen v\u00e5r utydelig for folk flest, og s\u00e5 godt som usynlig og forst\u00e5elig for turister utenfra.<\/p>\n<p>Vi har mange gode enkeltprosjekter, men de snakker ikke tydelig nok sammen. I stedet f\u00e5r vi litt av alt: litt viking, litt middelalder, litt teknologiby, litt studentby, litt trehusidyll. Alt sammen sant, men ingen tydelig hovedfortelling. Vi mangler et klart svar p\u00e5 sp\u00f8rsm\u00e5let: Hva skal Trondheim v\u00e6re, historisk sett, p\u00e5 norgeskartet? Vi m\u00e5 v\u00e5ge \u00e5 definere en\u00a0klar historisk hovedfortelling\u00a0for byen.<\/p>\n<p><strong>Trondheim fortjener<\/strong> \u00e5 v\u00e6re mer enn en by med en vakker katedral. Vi fortjener, og har historisk dekning for \u00e5 v\u00e6re Nidaros, kongenes og St. Olavs by.\u00a0 Trondheim kan st\u00e5 frem som stedet der\u00a0riket ble kristnet og kongene kronet, og der denne historien fremdeles er fysisk og rituelt til stede. Sp\u00f8rsm\u00e5let er om vi vil ta den rollen eller om vi fortsatt skal la den gli oss av hendene, mens andre byer skriver sin egen historie med store bokstaver.<\/p>\n<p><strong>Hva mener du? Send inn din tekst til\u00a0<a href=\"https:\/\/www.adressa.no\/debatt\/i\/Gx1W4q\/mailto:debatt@adresseavisen.no\" rel=\"noopener nofollow\" target=\"_blank\">debatt@adresseavisen.no<\/a>\u00a0<\/strong>eller delta i debatten i kommentarfeltet nederst \u2013 og husk fullt navn!<\/p>\n","protected":false},"excerpt":{"rendered":"Axel Christophersen Professor emeritus i arkeologi, NTNU Vitenskapsmuseet Publisert: 20. desember 2025 kl. 16:02 Oppdatert: 20. desember 2025&hellip;\n","protected":false},"author":2,"featured_media":118292,"comment_status":"","ping_status":"","sticky":false,"template":"","format":"standard","meta":{"footnotes":""},"categories":[10],"tags":[444,20,21,2341,37,24,25,15,14201,1075,22,23,2266,13,5581,8236,30,28,29,14,2131,16,812,26,27,431,596],"class_list":{"0":"post-118291","1":"post","2":"type-post","3":"status-publish","4":"format-standard","5":"has-post-thumbnail","7":"category-norge","8":"tag-bergen","9":"tag-breaking-news","10":"tag-breakingnews","11":"tag-byutvikling","12":"tag-debatt","13":"tag-featured-news","14":"tag-featurednews","15":"tag-headlines","16":"tag-klemenskirken","17":"tag-kulturminner","18":"tag-latest-news","19":"tag-latestnews","20":"tag-lokalhistorie","21":"tag-news","22":"tag-nidaros","23":"tag-nidarosdomen","24":"tag-no","25":"tag-norge","26":"tag-norway","27":"tag-nyheter","28":"tag-olav-den-hellige","29":"tag-overskrifter","30":"tag-sarpsborg","31":"tag-top-stories","32":"tag-topstories","33":"tag-tonsberg","34":"tag-trondheim"},"share_on_mastodon":{"url":"https:\/\/pubeurope.com\/@no\/115752728230044565","error":""},"_links":{"self":[{"href":"https:\/\/www.europesays.com\/no\/wp-json\/wp\/v2\/posts\/118291","targetHints":{"allow":["GET"]}}],"collection":[{"href":"https:\/\/www.europesays.com\/no\/wp-json\/wp\/v2\/posts"}],"about":[{"href":"https:\/\/www.europesays.com\/no\/wp-json\/wp\/v2\/types\/post"}],"author":[{"embeddable":true,"href":"https:\/\/www.europesays.com\/no\/wp-json\/wp\/v2\/users\/2"}],"replies":[{"embeddable":true,"href":"https:\/\/www.europesays.com\/no\/wp-json\/wp\/v2\/comments?post=118291"}],"version-history":[{"count":0,"href":"https:\/\/www.europesays.com\/no\/wp-json\/wp\/v2\/posts\/118291\/revisions"}],"wp:featuredmedia":[{"embeddable":true,"href":"https:\/\/www.europesays.com\/no\/wp-json\/wp\/v2\/media\/118292"}],"wp:attachment":[{"href":"https:\/\/www.europesays.com\/no\/wp-json\/wp\/v2\/media?parent=118291"}],"wp:term":[{"taxonomy":"category","embeddable":true,"href":"https:\/\/www.europesays.com\/no\/wp-json\/wp\/v2\/categories?post=118291"},{"taxonomy":"post_tag","embeddable":true,"href":"https:\/\/www.europesays.com\/no\/wp-json\/wp\/v2\/tags?post=118291"}],"curies":[{"name":"wp","href":"https:\/\/api.w.org\/{rel}","templated":true}]}}