{"id":118295,"date":"2025-12-20T16:11:35","date_gmt":"2025-12-20T16:11:35","guid":{"rendered":"https:\/\/www.europesays.com\/no\/118295\/"},"modified":"2025-12-20T16:11:35","modified_gmt":"2025-12-20T16:11:35","slug":"kongefamiliens-unike-juletradisjoner-fra-london-turer-til-plumpudding-2","status":"publish","type":"post","link":"https:\/\/www.europesays.com\/no\/118295\/","title":{"rendered":"Kongefamiliens unike juletradisjoner: Fra London-turer til plumpudding"},"content":{"rendered":"<p class=\"kicker \" style=\"\">Kongefamilien:<\/p>\n<p>  Julen er endelig her, og de kongelige feirer som de vanligvis gj\u00f8r.\u00a0<\/p>\n<p>\n    JULA ER HER: Kongefamilien er sv\u00e6rt glad i jula &#8211; her fra den offisielle fotograferingen i 2025. Foto: Stian Lysberg Solum \/ NTB\n  <\/p>\n<p>N\u00e5 er endelig julen p\u00e5 trappene, og endelige kan de fleste nordmenn glede seg over julefeiring, familiehygge og romjulskos. Julen er en tid for familie, og h\u00f8ytiden er sterkt preget av tradisjon.<\/p>\n<p>    <a itemprop=\"url\" href=\"https:\/\/www.seher.no\/kongelig\/presses-av-kongefamilien\/83985530\" rel=\"nofollow noopener\" target=\"_blank\"><\/p>\n<p>        <img loading=\"lazy\" decoding=\"async\" src=\"https:\/\/www.europesays.com\/no\/wp-content\/uploads\/2025\/12\/83985850.webp\" width=\"980\" height=\"441\" title=\"Presses av kongefamilien\" alt=\"\" class=\"lazyload\" style=\"--aspect-ratio-image: 2.22; \"\/><\/p>\n<p>        Presses av kongefamilien<\/p>\n<p>    <\/a><\/p>\n<p>For flere familier betyr det for eksempel baking av syv slag julekaker, \u00e5 danse rundt juletreet eller \u00e5 tilbringe formiddagen p\u00e5 julaften foran TV-skjermen til det evinnelige stemmetalentet Knut Risan &#8211; som dubbet \u00abTre n\u00f8tter til Askepott\u00bb.<\/p>\n<p>        <img loading=\"lazy\" decoding=\"async\" src=\"https:\/\/www.europesays.com\/no\/wp-content\/uploads\/2025\/12\/1766247089_928_83999067.webp\" width=\"686\" height=\"405\" title=\"PEPPERKAKEBAKING: I 2007 var kronprinsfamilien og kongeparet p\u00e5 Kongsseteren og bakte pepperkaker. Foto: Lise \u00c5serud \/ NTB\" alt=\"\" class=\"\" style=\"--aspect-ratio-image: 1.69; \"\/><\/p>\n<p>\n        PEPPERKAKEBAKING: I 2007 var kronprinsfamilien og kongeparet p\u00e5 Kongsseteren og bakte pepperkaker. Foto: Lise \u00c5serud \/ NTB\n    <\/p>\n<p>F\u00f8lger tradisjonen\t<\/p>\n<p>De kongelige her til lands har ogs\u00e5 sin tradisjoner, som betyr mye for dem. Se og H\u00f8rs kongehusekspert Caroline Vagle forteller at ogs\u00e5 kongefamilien er vanedyr i h\u00f8ytida, og at de har sine skikker.<\/p>\n<p>&#8211; Kongeparet feirer vanligvis jul p\u00e5 Kongsseteren annethvert \u00e5r med kronprinsfamilien og med prinsesse M\u00e4rtha Louise og hennes familie. Det har dog v\u00e6rt noen \u00e5r med unntak, hvor kongeparet har feiret p\u00e5 Skaugum.<\/p>\n<p>        SAMLET: Onsdag var kronprinsfamilien p\u00e5 bes\u00f8k hos Langerudhjemmet i Oslo, og b\u00e5de store og sm\u00e5 fikk en julehilsen fra familien. Reporter\/Video: Danny Son Ngoc To. <\/p>\n<p>L\u00f8rdag bekrefter Slottet til NTB at kongeparet skal feire jul p\u00e5 Kongsseteren.<\/p>\n<p>&#8211; Kronprinsfamilien tilbringer julen p\u00e5 kronprinsparets hytte i Uvdal. 1. juledag deltar kongeparet p\u00e5 h\u00f8ytidsgudstjeneste i Holmenkollen kapell, opplyser Slottet til NTB.<\/p>\n<p> Hvor prinsesse M\u00e4rtha Louise og hennes mann Durek Verrett skal feire jul, er ikke kjent. <\/p>\n<p>Reiser til London\t<\/p>\n<p>Plumpudding, pinnekj\u00f8tt og dansk juleand er blant det som st\u00e5r p\u00e5 julemenyen for kongefamilien i \u00e5r.<\/p>\n<p>    <a itemprop=\"url\" href=\"https:\/\/www.seher.no\/kongelig\/et-utmerket-sjakktrekk\/83991787\" rel=\"nofollow noopener\" target=\"_blank\"><\/p>\n<p>        <img loading=\"lazy\" decoding=\"async\" src=\"https:\/\/www.europesays.com\/no\/wp-content\/uploads\/2025\/12\/1766247090_601_83994388.webp\" width=\"980\" height=\"441\" title=\"- Et utmerket sjakktrekk\" alt=\"\" class=\"lazyload\" style=\"--aspect-ratio-image: 2.22; \"\/><\/p>\n<p>        &#8211; Et utmerket sjakktrekk<\/p>\n<p>    <\/a><\/p>\n<p>&#8211; Desserten er en tradisjon dronning Maud tok med seg, og som holdes i hevd den dag i dag. Kong Harald har imidlertid innr\u00f8mmet at ingen liker den!<\/p>\n<p>Tradisjonen med plumpudding er ikke den eneste kongefamilien har tatt med seg fra generasjonene som kom f\u00f8r dem. De, i likhet med avd\u00f8de kong Olav, tar seg en f\u00f8rjulstur til London.<\/p>\n<p>        <img loading=\"lazy\" decoding=\"async\" src=\"https:\/\/www.europesays.com\/no\/wp-content\/uploads\/2025\/12\/1766247091_690_83999077.webp\" width=\"686\" height=\"446\" title=\"OGS\u00c5 TRADISJON: Nesten hvert eneste \u00e5r tar kongefamilien julebilder - her fra 2021, hvor fotograferingen foregikk p\u00e5 Bygd\u00f8y Kongsg\u00e5rd. Foto: Lise \u00c5serud \/ NTB\" alt=\"\" class=\"\" style=\"--aspect-ratio-image: 1.54; \"\/><\/p>\n<p>\n        OGS\u00c5 TRADISJON: Nesten hvert eneste \u00e5r tar kongefamilien julebilder &#8211; her fra 2021, hvor fotograferingen foregikk p\u00e5 Bygd\u00f8y Kongsg\u00e5rd. Foto: Lise \u00c5serud \/ NTB\n    <\/p>\n<p>&#8211; Kanskje er det gaver innkj\u00f8pt i London fra kongeparet under treet i \u00e5r? De har nemlig videref\u00f8rt kong Olavs tradisjon om \u00e5 dra p\u00e5 f\u00f8rjulstur til den britiske hovedstaden, hvor b\u00e5de familiebes\u00f8k og julegavehandel var og er en del av programmet, sier Vagle og forteller om enda en tradisjon:<\/p>\n<p>        VOKST OPP: Prinsessen er nesten ikke til \u00e5 kjenne igjen i en ny video som er delt av det svenske kongehuset. Reporter: Caroline Vagle. Video: Instagram\/@kungahuset \/ Kine Falch.<\/p>\n<p>&#8211; N\u00e5r kongeparet er p\u00e5 Kongsseteren, er de p\u00e5 julegudstjeneste i Holmenkollen kapell p\u00e5 f\u00f8rste juledag. Mens n\u00e5r kronprinsparet er vertskap i Asker, er det gudstjeneste i Asker kirke p\u00e5 selve julaften. En tradisjon kronprinsessen har tatt med fra sin familie.<\/p>\n<p>&#8211; Ganske h\u00f8ytidsstemt\t<\/p>\n<p>Kongehusekspert og tidligere lakei p\u00e5 slottet, Tove Taalesen, har tidlige uttalt overfor\u00a0<a href=\"https:\/\/www.tv2.no\/underholdning\/avslorer-detaljer-om-kongefamiliens-juletradisjoner-det-er-som-a-komme-inn-i-en-disney-verden\/11846097\/\" rel=\"nofollow noopener\" target=\"_blank\">TV 2<\/a>\u00a0at julefeiringen p\u00e5 slottet er magisk &#8211; hun hevder det minner om en god gammeldags Pr\u00f8ysen-jul.<\/p>\n<p>        <img loading=\"lazy\" decoding=\"async\" src=\"https:\/\/www.europesays.com\/no\/wp-content\/uploads\/2025\/12\/1766247094_719_83999096.webp\" width=\"980\" height=\"559\" title=\"2015: Ogs\u00e5 Skaugum m\u00e5 pyntes til jul - her er lille prinsesse Ingrid Alexandra og prins Sverre Magnus tilbake i 2015, og pynter tre med pepperkakehjerter. Foto: Lise \u00c5serud \/ NTB\" alt=\"\" class=\"\" style=\"--aspect-ratio-image: 1.75; \"\/><\/p>\n<p>\n        2015: Ogs\u00e5 Skaugum m\u00e5 pyntes til jul &#8211; her er lille prinsesse Ingrid Alexandra og prins Sverre Magnus tilbake i 2015, og pynter tre med pepperkakehjerter. Foto: Lise \u00c5serud \/ NTB\n    <\/p>\n<p>&#8211; Det er helt fantastisk \u00e5 oppleve slottet pyntet til jul. En slik feiring er ganske h\u00f8ytidsstemt, man g\u00e5r rundt juletre og spiser gr\u00f8t sammen, f\u00f8r man avslutter med utdeling av julegaver, sa hun.<\/p>\n<p>    <a itemprop=\"url\" href=\"https:\/\/www.seher.no\/kongelig\/julen-i-fare\/83992181\" rel=\"nofollow noopener\" target=\"_blank\"><\/p>\n<p>        <img loading=\"lazy\" decoding=\"async\" src=\"https:\/\/www.europesays.com\/no\/wp-content\/uploads\/2025\/12\/1766247095_977_83992458.webp\" width=\"980\" height=\"441\" title=\"Julen i fare\" alt=\"\" class=\"lazyload\" style=\"--aspect-ratio-image: 2.22; \"\/><\/p>\n<p>        Julen i fare<\/p>\n<p>    <\/a><\/p>\n<p> Taalesen r\u00f8per ogs\u00e5 at kongefamiliens julegaver ikke ligger under treet som hos andre norske familier. Hvert medlem har sitt eget bord der gavene ligger, slik at de har bedre oversikt.<\/p>\n<p>Dronning Sonja skal ogs\u00e5 pleie \u00e5 sette frem pyntegjenstander hun tidligere har f\u00e5tt i gave for \u00e5 dekorere festbordet.<\/p>\n<p>&#8211; Dermed gj\u00f8r hun litt stas p\u00e5 gjesten, fortalte Taalesen.<\/p>\n","protected":false},"excerpt":{"rendered":"Kongefamilien: Julen er endelig her, og de kongelige feirer som de vanligvis gj\u00f8r.\u00a0 JULA ER HER: Kongefamilien er&hellip;\n","protected":false},"author":2,"featured_media":118296,"comment_status":"","ping_status":"","sticky":false,"template":"","format":"standard","meta":{"footnotes":""},"categories":[10],"tags":[20,21,1560,24,25,15,13692,479,2543,2590,1222,1764,2293,22,23,13,30,28,29,14,16,402,291,26,27,5621],"class_list":{"0":"post-118295","1":"post","2":"type-post","3":"status-publish","4":"format-standard","5":"has-post-thumbnail","7":"category-norge","8":"tag-breaking-news","9":"tag-breakingnews","10":"tag-dronning-sonja","11":"tag-featured-news","12":"tag-featurednews","13":"tag-headlines","14":"tag-julefeiring","15":"tag-kjendis","16":"tag-kjendisdesken","17":"tag-kong-harald","18":"tag-kongefamilien","19":"tag-kronprins-haakon","20":"tag-kronprinsesse-mette-marit","21":"tag-latest-news","22":"tag-latestnews","23":"tag-news","24":"tag-no","25":"tag-norge","26":"tag-norway","27":"tag-nyheter","28":"tag-overskrifter","29":"tag-prins-sverre-magnus","30":"tag-prinsesse-ingrid-alexandra","31":"tag-top-stories","32":"tag-topstories","33":"tag-tradisjoner"},"share_on_mastodon":{"url":"https:\/\/pubeurope.com\/@no\/115752775672017668","error":""},"_links":{"self":[{"href":"https:\/\/www.europesays.com\/no\/wp-json\/wp\/v2\/posts\/118295","targetHints":{"allow":["GET"]}}],"collection":[{"href":"https:\/\/www.europesays.com\/no\/wp-json\/wp\/v2\/posts"}],"about":[{"href":"https:\/\/www.europesays.com\/no\/wp-json\/wp\/v2\/types\/post"}],"author":[{"embeddable":true,"href":"https:\/\/www.europesays.com\/no\/wp-json\/wp\/v2\/users\/2"}],"replies":[{"embeddable":true,"href":"https:\/\/www.europesays.com\/no\/wp-json\/wp\/v2\/comments?post=118295"}],"version-history":[{"count":0,"href":"https:\/\/www.europesays.com\/no\/wp-json\/wp\/v2\/posts\/118295\/revisions"}],"wp:featuredmedia":[{"embeddable":true,"href":"https:\/\/www.europesays.com\/no\/wp-json\/wp\/v2\/media\/118296"}],"wp:attachment":[{"href":"https:\/\/www.europesays.com\/no\/wp-json\/wp\/v2\/media?parent=118295"}],"wp:term":[{"taxonomy":"category","embeddable":true,"href":"https:\/\/www.europesays.com\/no\/wp-json\/wp\/v2\/categories?post=118295"},{"taxonomy":"post_tag","embeddable":true,"href":"https:\/\/www.europesays.com\/no\/wp-json\/wp\/v2\/tags?post=118295"}],"curies":[{"name":"wp","href":"https:\/\/api.w.org\/{rel}","templated":true}]}}