{"id":118299,"date":"2025-12-20T16:15:25","date_gmt":"2025-12-20T16:15:25","guid":{"rendered":"https:\/\/www.europesays.com\/no\/118299\/"},"modified":"2025-12-20T16:15:25","modified_gmt":"2025-12-20T16:15:25","slug":"stor-test-av-maskara-finn-din-nye-favoritt-2","status":"publish","type":"post","link":"https:\/\/www.europesays.com\/no\/118299\/","title":{"rendered":"Stor test av maskara: Finn din nye favoritt"},"content":{"rendered":"<p>Jakten p\u00e5 den perfekte maskaraen fortsetter \u2013 eller? Det er faktisk mulig at vi er kommet et skritt n\u00e6rmere. For vi har testet en h\u00e5ndfull maskaraer, b\u00e5de nye og noen av de mest popul\u00e6re p\u00e5 markedet. Og dommen? Den f\u00e5r du her.<\/p>\n<p>    <a itemprop=\"url\" href=\"https:\/\/www.kk.no\/mote\/denne-er-perfekt-for-festsesongen\/83893124\" rel=\"nofollow noopener\" target=\"_blank\"><\/p>\n<p>        <img loading=\"lazy\" decoding=\"async\" src=\"https:\/\/www.europesays.com\/no\/wp-content\/uploads\/2025\/12\/1766247264_411_83893162.webp\" width=\"980\" height=\"441\" title=\"Denne er perfekt for festsesongen\" alt=\"\" class=\"lazyload\" style=\"--aspect-ratio-image: 2.22; \"\/><\/p>\n<p>        Denne er perfekt for festsesongen<\/p>\n<p>    <\/a><\/p>\n<p>    Slik har vi testet:<\/p>\n<p>Vi har testet hvordan maskaraene er \u00e5 p\u00e5f\u00f8re, hvordan resultat blir p\u00e5 \u00f8yenvippene og \u2013 ikke minst \u2013 hvordan de holder utover dagen.<\/p>\n<p>Vi har ogs\u00e5 vurdert hvor gode b\u00f8rstene er og om maskaraene innfrir i forhold til hva som er lovet fra produsentene, s\u00e5kalte claims.\u00a0<\/p>\n<p>Pris er ogs\u00e5 med i beregningen.<\/p>\n<p>      Vis mer<br \/>\n      Vis mindre<\/p>\n<p>        <img loading=\"lazy\" decoding=\"async\" src=\"https:\/\/www.europesays.com\/no\/wp-content\/uploads\/2025\/12\/1766247266_883_83957820.webp\" width=\"980\" height=\"1304\" title=\"KLAR, FERDIG, TEST: Vi har funnet noen nye favoritter. Foto: KK.\" alt=\"\" class=\"\" style=\"--aspect-ratio-image: 0.75; \"\/><\/p>\n<p>\n        KLAR, FERDIG, TEST: Vi har funnet noen nye favoritter. Foto: KK.\n    <\/p>\n<p>    <a itemprop=\"url\" href=\"https:\/\/www.kk.no\/mote\/det-er-bare-a-hape-pa-at-denne-ligger-under-treet-i-ar\/83832353\" rel=\"nofollow noopener\" target=\"_blank\"><\/p>\n<p>        <img loading=\"lazy\" decoding=\"async\" src=\"https:\/\/www.europesays.com\/no\/wp-content\/uploads\/2025\/12\/1766247268_972_83832366.webp\" width=\"980\" height=\"441\" title=\"\u2013 Det er bare \u00e5 h\u00e5pe at denne ligger under treet i \u00e5r\" alt=\"\" class=\"lazyload\" style=\"--aspect-ratio-image: 2.22; \"\/><\/p>\n<p>        \u2013 Det er bare \u00e5 h\u00e5pe at denne ligger under treet i \u00e5r<\/p>\n<p>    <\/a><\/p>\n<p>Vi er tre fra KK-redaksjonen som har testet et utvalg maskaraer. Maskaraene er testet etter de samme kriteriene, men vi har naturlig nok ulikt utgangspunkt b\u00e5de hva gjelder erfaring, men ogs\u00e5 hva vi faktisk forventer av en god maskara.\u00a0<\/p>\n<p>    Maskaraene Mina har testet:<\/p>\n<p>Maybelline New York Lash Sensational Sky High Mascara Burgundy Haze<\/p>\n<p>Essence Lash Without Limits Extreme Lengthening &amp; Volume Mascara 02 Brown<\/p>\n<p>Jane Iredale Lash Fixation Length &amp; Definition Tubing Mascara Brown<\/p>\n<p>BeautyAct 38\u00b0C Lengthening Mascara Brown<\/p>\n<p>      Vis mer<br \/>\n      Vis mindre<\/p>\n<p>        <img loading=\"lazy\" decoding=\"async\" src=\"https:\/\/www.europesays.com\/no\/wp-content\/uploads\/2025\/12\/1766247271_665_83957699.webp\" width=\"686\" height=\"913\" title=\"UTEN MASKARA: Mina uten maskara. Foto: KK.\" alt=\"\" class=\"\" style=\"--aspect-ratio-image: 0.75; \"\/><\/p>\n<p>\n        UTEN MASKARA: Mina uten maskara. Foto: KK.\n    <\/p>\n<p class=\"italic m-italic\" data-lab-italic=\"italic\">Hva er ditt forhold til maskara?\u00a0<\/p>\n<p>\u2013 Jeg er litt enten-eller, faktisk. I perioder klarer jeg meg ikke uten maskara, men av og til synes jeg det kan v\u00e6re deilig \u00e5 droppe det. Men som regel er maskara en del av min daglige sminkerutine, alts\u00e5.<\/p>\n<p class=\"italic m-italic\" data-lab-italic=\"italic\">Hva ser du etter i en god maskara?\u00a0<\/p>\n<p>        <img loading=\"lazy\" decoding=\"async\" src=\"https:\/\/www.europesays.com\/no\/wp-content\/uploads\/2025\/12\/1766247272_749_83959982.webp\" width=\"686\" height=\"913\" title=\"FRA DET ENE TIL DET ANDRE: Mina tester maskaraer, og har funnet sine favoritter. Foto: KK.\" alt=\"\" class=\"\" style=\"--aspect-ratio-image: 0.75; \"\/><\/p>\n<p>\n        FRA DET ENE TIL DET ANDRE: Mina tester maskaraer, og har funnet sine favoritter. Foto: KK.\n    <\/p>\n<p class=\"no_italic m-no_italic\" data-lab-italic=\"\">\u2013 Litt forskjellig, men mest av alt er jeg opptatt av at den skal holde hele dagen, ikke drysse og gi lengde eller volum. Jeg bruker gjerne ulike maskaraer til ulik bruk; om jeg skal p\u00e5 jobb eller fest. Til hverdags m\u00e5 maskaraen holde hele dagen, ogs\u00e5 gjennom en trenings\u00f8kt. P\u00e5 fest kan jeg like at den er mer dramatisk og gir volum \u2013 og her kan jeg faktisk ogs\u00e5 ty til vannfast maskara. Fargen spiller ogs\u00e5 inn; Jeg bruker som oftest brun maskara til hverdags, men kan like en kraftig sort til fest. Jeg er nysgjerrig p\u00e5 nye nyanser og har pr\u00f8vd burgunder som jeg ogs\u00e5 liker godt til mine bl\u00e5 \u00f8yne.\u00a0<\/p>\n<p>    <a itemprop=\"url\" href=\"https:\/\/www.kk.no\/mote\/dette-sminkeproduktet-er-sa-smart\/83779207\" rel=\"nofollow noopener\" target=\"_blank\"><\/p>\n<p>        <img loading=\"lazy\" decoding=\"async\" src=\"https:\/\/www.europesays.com\/no\/wp-content\/uploads\/2025\/12\/1766247274_954_83819185.webp\" width=\"980\" height=\"441\" title=\"Dette sminkeproduktet er s\u00e5 smart!\" alt=\"\" class=\"lazyload\" style=\"--aspect-ratio-image: 2.22; \"\/><\/p>\n<p>        Dette sminkeproduktet er s\u00e5 smart!<\/p>\n<p>    <\/a><\/p>\n<p class=\"italic m-italic\" data-lab-italic=\"italic\">Hvordan er vippene dine uten maskara?\u00a0<\/p>\n<p>\u2013 De er rette, med lite fylde og farge.\u00a0<\/p>\n<p>\u2013 Hverdagsfavoritt til god pris<\/p>\n<p>\u2013 Maybelline Sky High\u00a0er en maskara jeg var skeptisk til \u00e5 pr\u00f8ve, mye p\u00e5 grunn av fargen. Men denne er faktisk en av mine favoritter n\u00e5! Den fremhever \u00f8ynene, gir lengde og noe volum og sitter som et skudd ogs\u00e5 gjennom en trenings\u00f8kt. Ikke minst s\u00e5 har den en veldig god pris.<\/p>\n<p>        <img loading=\"lazy\" decoding=\"async\" src=\"https:\/\/www.europesays.com\/no\/wp-content\/uploads\/2025\/12\/83960040.webp\" width=\"686\" height=\"865\" title=\"HVERDAGSFAVORITT: En god maskara til en rimelig penge, er dommen. Foto: KK.\" alt=\"\" class=\"\" style=\"--aspect-ratio-image: 0.79; \"\/><\/p>\n<p>\n        HVERDAGSFAVORITT: En god maskara til en rimelig penge, er dommen. Foto: KK.\n    <\/p>\n<p>\u2013 Overraskende god \u00abbilligmaskara\u00bb<\/p>\n<p>\u2013 Dette er kanskje den billigste maskaraen jeg har pr\u00f8vd, men overraskende nok er den god \u2013 hvert fall i forhold til prisen. Den gir en naturlig fin b\u00f8y p\u00e5 vippene og har v\u00e6rt en go-to i hverdagen. Dog, s\u00e5 mister den kanskje litt \u00abpiffen\u00bb etter 8 timer p\u00e5 kontoret.\u00a0<\/p>\n<p>        <img loading=\"lazy\" decoding=\"async\" src=\"https:\/\/www.europesays.com\/no\/wp-content\/uploads\/2025\/12\/1766247277_541_83963437.webp\" width=\"686\" height=\"913\" title=\"MED OG UTEN: Mina med og uten maskara. Foto: KK.\" alt=\"\" class=\"\" style=\"--aspect-ratio-image: 0.75; \"\/><\/p>\n<p>\n        MED OG UTEN: Mina med og uten maskara. Foto: KK.\n    <\/p>\n<p>    <a itemprop=\"url\" href=\"https:\/\/www.kk.no\/mote\/en-snakkis-na\/83706205\" rel=\"nofollow noopener\" target=\"_blank\"><\/p>\n<p>        <img loading=\"lazy\" decoding=\"async\" src=\"https:\/\/www.europesays.com\/no\/wp-content\/uploads\/2025\/12\/1766247278_745_83735870.webp\" width=\"980\" height=\"441\" title=\"\u2013 En \u00absnakkis\u00bb n\u00e5\" alt=\"\" class=\"lazyload\" style=\"--aspect-ratio-image: 2.22; \"\/><\/p>\n<p>        \u2013 En \u00absnakkis\u00bb n\u00e5<\/p>\n<p>    <\/a><\/p>\n<p>\u2013 Lever ikke opp til forventningene<\/p>\n<p>\u2013 Jane Iredale var et nytt merke for meg n\u00e5r det kommer til maskara. Dette er en fin hverdagsmaskara som holder ok pluss gjennom dagen. Denne drysser derimot litt mer enn de andre jeg har pr\u00f8vd, og gir meg ikke helt det jeg vil at en maskara skal gj\u00f8re. Mangler litt fylde og lengde etter mitt \u00f8nske. Den fjernes enkelt kun med varmt vann. Dessverre synes jeg prisen, 400 kroner, blir i stiveste laget, i forhold til resultatet.\u00a0<\/p>\n<p>        <img loading=\"lazy\" decoding=\"async\" src=\"https:\/\/www.europesays.com\/no\/wp-content\/uploads\/2025\/12\/1766247280_276_83959984.webp\" width=\"686\" height=\"913\" title=\"I STIVESTE LAGET: Denne maskaraen holder ikke m\u00e5l, mener Mina. Foto: KK.\" alt=\"\" class=\"\" style=\"--aspect-ratio-image: 0.75; \"\/><\/p>\n<p>\n        I STIVESTE LAGET: Denne maskaraen holder ikke m\u00e5l, mener Mina. Foto: KK.\n    <\/p>\n<p>\u2013 Holder alt den lover, pluss litt til!<\/p>\n<p>\u2013 BeautyAct\u00a0er helt klart min nye favoritt! Den gir b\u00e5de volum og lengde \u2013 og denne kan du bygge p\u00e5 med flere eller f\u00e6rre lag, uten at den klumper seg. Den drysser ikke \u2013 og holder hele dagen \u2013 gjennom v\u00e6r, vind og trening. Og s\u00e5 er prisen i tillegg veldig god! Ogs\u00e5 denne fjernes enkelt med kun varmt vann.<\/p>\n<p>        <img loading=\"lazy\" decoding=\"async\" src=\"https:\/\/www.europesays.com\/no\/wp-content\/uploads\/2025\/12\/1766247282_33_83959983.webp\" width=\"686\" height=\"913\" title=\"GIR ALT: Volum og lengde, uten \u00e5 klumpe. Foto: KK.\" alt=\"\" class=\"\" style=\"--aspect-ratio-image: 0.75; \"\/><\/p>\n<p>\n        GIR ALT: Volum og lengde, uten \u00e5 klumpe. Foto: KK.\n    <\/p>\n<p>    <a itemprop=\"url\" href=\"https:\/\/www.kk.no\/mote\/na-er-denne-leppestiften-trendy-igjen\/83671515\" rel=\"nofollow noopener\" target=\"_blank\"><\/p>\n<p>        <img loading=\"lazy\" decoding=\"async\" src=\"https:\/\/www.europesays.com\/no\/wp-content\/uploads\/2025\/12\/1766247284_835_83671554.webp\" width=\"980\" height=\"441\" title=\"N\u00e5 er denne leppestiften trendy igjen\" alt=\"\" class=\"lazyload\" style=\"--aspect-ratio-image: 2.22; \"\/><\/p>\n<p>        N\u00e5 er denne leppestiften trendy igjen<\/p>\n<p>    <\/a><\/p>\n<p>    Maskaraene Ida har testet:<\/p>\n<p>Nars Climax Mascara Explicit Black<\/p>\n<p>Shiseido Imperiallash Mascaraink Mascara 01 Black<\/p>\n<p>Sensai\u00a0Lash Volumiser Mascara 38\u00b0C Black<\/p>\n<p>Sensai Lash Lengthener 38\u00b0C Mascara Black\u00a0<\/p>\n<p>      Vis mer<br \/>\n      Vis mindre<\/p>\n<p>        <img loading=\"lazy\" decoding=\"async\" src=\"https:\/\/www.europesays.com\/no\/wp-content\/uploads\/2025\/12\/1766247286_760_83957789.webp\" width=\"686\" height=\"913\" title=\"IDA TESTER: Ida uten maskara. Foto: KK.\" alt=\"\" class=\"\" style=\"--aspect-ratio-image: 0.75; \"\/><\/p>\n<p>\n        IDA TESTER: Ida uten maskara. Foto: KK.\n    <\/p>\n<p class=\"italic m-italic\" data-lab-italic=\"italic\">Hva er ditt forhold til maskara?<\/p>\n<p>    <a itemprop=\"url\" href=\"https:\/\/www.kk.no\/mote\/vi-har-testet-sa-du-slipper\/83670830\" rel=\"nofollow noopener\" target=\"_blank\"><\/p>\n<p>        <img loading=\"lazy\" decoding=\"async\" src=\"https:\/\/www.europesays.com\/no\/wp-content\/uploads\/2025\/12\/1766247288_812_83670853.webp\" width=\"980\" height=\"441\" title=\"Vi har testet, s\u00e5 du slipper\" alt=\"\" class=\"lazyload\" style=\"--aspect-ratio-image: 2.22; \"\/><\/p>\n<p>        Vi har testet, s\u00e5 du slipper<\/p>\n<p>    <\/a><\/p>\n<p>\u2013 Det er det ene produktet jeg n\u00e6rmest ikke klarer meg uten. Jeg f\u00f8ler meg mer v\u00e5ken og opplagt, mer som meg selv med maskara. Alt annet kan jeg ofre. Jeg er noks\u00e5 sensitiv, og ganske s\u00e6r p\u00e5 maskara. Bransjeskadd s\u00e5 og si fordi jeg har testet s\u00e5 mange og h\u00f8rt s\u00e5 mange claims som har vist seg ikke \u00e5 stemme like godt i virkeligheten. Men jeg lar meg fortsatt overraske og begeistre, alts\u00e5.\u00a0<\/p>\n<p>        <img loading=\"lazy\" decoding=\"async\" src=\"https:\/\/www.europesays.com\/no\/wp-content\/uploads\/2025\/12\/1766247290_45_83957819.webp\" width=\"980\" height=\"1304\" title=\"FAVORITTER: Ida har funnet noen nye favoritter, men enkelte skuffer. Foto: KK.\" alt=\"\" class=\"\" style=\"--aspect-ratio-image: 0.75; \"\/><\/p>\n<p>\n        FAVORITTER: Ida har funnet noen nye favoritter, men enkelte skuffer. Foto: KK.\n    <\/p>\n<p class=\"italic m-italic\" data-lab-italic=\"italic\">Hva ser du etter i en god maskara?<\/p>\n<p>\u2013 Det kommer litt an p\u00e5 anledningen. Jeg liker gjerne \u00e5 ha en maskara til hverdags og en til fest. F\u00f8rstnevnte b\u00f8r gi lange og separerte vipper, n\u00e6rmest litt naturlig mens sistnevnte b\u00f8r gi masse volum og et mer dramatisk resultat, men likevel uten \u00e5 klumpe. Og ikke sverte av eller drysse. Jeg mener man b\u00f8r kunne f\u00e5 alt.<\/p>\n<p class=\"italic m-italic\" data-lab-italic=\"italic\">Hvordan er vippene dine uten maskara?<\/p>\n<p>\u2013 Lange og noks\u00e5 rette. Jeg trenger volum og definisjon. Derav nettopp maskara.<\/p>\n<p>\u2013 Perfekt til fest!<\/p>\n<p>\u2013 Denne har noks\u00e5 heftige claims, bokstavelig talt. Men den er ganske tilfredsstillende ogs\u00e5. Volum er stikkordet her, og det f\u00e5r du med bare ett lag. Den er dessuten enkel \u00e5 legge ogs\u00e5 lagvis, klumper ikke og gir separasjon. Med andre ord akkurat det jeg ser etter i en maskara som jeg kan bruke til fest. Som hverdagsmaskara blir den litt for heftig for min del. Den er for \u00f8vrig kullsort, som jeg mener en god maskara b\u00f8r v\u00e6re.\u00a0<\/p>\n<p>    <a itemprop=\"url\" href=\"https:\/\/www.kk.no\/mote\/denne-er-genial\/83584439\" rel=\"nofollow noopener\" target=\"_blank\"><\/p>\n<p>        <img loading=\"lazy\" decoding=\"async\" src=\"https:\/\/www.europesays.com\/no\/wp-content\/uploads\/2025\/12\/1766247292_112_83584461.webp\" width=\"980\" height=\"441\" title=\"\u2013 Denne er genial\" alt=\"\" class=\"lazyload\" style=\"--aspect-ratio-image: 2.22; \"\/><\/p>\n<p>        \u2013 Denne er genial<\/p>\n<p>    <\/a><\/p>\n<p>        <img loading=\"lazy\" decoding=\"async\" src=\"https:\/\/www.europesays.com\/no\/wp-content\/uploads\/2025\/12\/1766247294_143_83957809.webp\" width=\"686\" height=\"913\" title=\"TIL FEST: Denne gir et dramatisk uttrykk, perfekt til fest. Foto: KK.\" alt=\"\" class=\"\" style=\"--aspect-ratio-image: 0.75; \"\/><\/p>\n<p>\n        TIL FEST: Denne gir et dramatisk uttrykk, perfekt til fest. Foto: KK.\n    <\/p>\n<p>\u2013 Litt skuffende<\/p>\n<p>\u2013 Denne lover b\u00e5de lengde og l\u00f8ft, og det gir den for s\u00e5 vidt, men formelen er for \u00abv\u00e5t\u00bb og tynn for min del. Minner om en vannfast maskara, uten \u00e5 v\u00e6re det, og det er faktisk en gjenganger i andre anmeldelser av denne. Gir et naturlig resultat, men det er nesten for lite. Litt skuffende, dessverre. Ingen favoritt.\u00a0<\/p>\n<p>        <img loading=\"lazy\" decoding=\"async\" src=\"https:\/\/www.europesays.com\/no\/wp-content\/uploads\/2025\/12\/1766247296_221_83957813.webp\" width=\"686\" height=\"913\" title=\"SKUFFER: Denne maskaren skuffer, den er for \u00abv\u00e5t\u00bb. Foto: KK.\" alt=\"\" class=\"\" style=\"--aspect-ratio-image: 0.75; \"\/><\/p>\n<p>\n        SKUFFER: Denne maskaren skuffer, den er for \u00abv\u00e5t\u00bb. Foto: KK.\n    <\/p>\n<p>\u2013 Gj\u00f8r alt en god maskara skal<\/p>\n<p>\u2013 Jeg elsker denne. Kort oppsummert. Den gj\u00f8r alt en god maskara skal; Gir intenst svart volum til hver eneste vippe. Ogs\u00e5 skylles den enkelt av med lunkent vann. For meg som har sensitive \u00f8yne, er det veldig deilig \u00e5 slippe sminkefjerner. Og best av alt; Denne er perfekt b\u00e5de til hverdags og til fest. Det sparer penger!<\/p>\n<p>    <a itemprop=\"url\" href=\"https:\/\/www.kk.no\/mote\/na-er-det-trendy-a-se-sliten-ut\/83483172\" rel=\"nofollow noopener\" target=\"_blank\"><\/p>\n<p>        <img loading=\"lazy\" decoding=\"async\" src=\"https:\/\/www.europesays.com\/no\/wp-content\/uploads\/2025\/12\/1766247298_765_83483525.webp\" width=\"980\" height=\"441\" title=\"N\u00e5 er det trendy \u00e5 se \u00absliten\u00bb ut\" alt=\"\" class=\"lazyload\" style=\"--aspect-ratio-image: 2.22; \"\/><\/p>\n<p>        N\u00e5 er det trendy \u00e5 se \u00absliten\u00bb ut<\/p>\n<p>    <\/a><\/p>\n<p>        <img loading=\"lazy\" decoding=\"async\" src=\"https:\/\/www.europesays.com\/no\/wp-content\/uploads\/2025\/12\/1766247299_783_83957805.webp\" width=\"686\" height=\"913\" title=\"NY FAVORITT: Denne gj\u00f8r alt en god maskara skal, mener Ida. Foto: KK.\" alt=\"\" class=\"\" style=\"--aspect-ratio-image: 0.75; \"\/><\/p>\n<p>\n        NY FAVORITT: Denne gj\u00f8r alt en god maskara skal, mener Ida. Foto: KK.\n    <\/p>\n<p>\u2013 Mine nye favoritt<\/p>\n<p>\u2013 Min favoritt var Lash Volumiser fra samme merke. Til jeg pr\u00f8vde denne. Det er noe med b\u00f8rsten som jeg liker. Den fanger alle vippene, og skiller dem fra hverandre. Intens sort som gir leeengde. Ogs\u00e5 denne vaskes enkelt av med lunkent vann. Min nye favorittmaskara!<\/p>\n<p>        <img loading=\"lazy\" decoding=\"async\" src=\"https:\/\/www.europesays.com\/no\/wp-content\/uploads\/2025\/12\/1766247301_323_83957790.webp\" width=\"686\" height=\"913\" title=\"ALT MAN TRENGER: En ny maskarafavoritt. Foto: KK.\" alt=\"\" class=\"\" style=\"--aspect-ratio-image: 0.75; \"\/><\/p>\n<p>\n        ALT MAN TRENGER: En ny maskarafavoritt. Foto: KK.\n    <\/p>\n<p>        <img loading=\"lazy\" decoding=\"async\" src=\"https:\/\/www.europesays.com\/no\/wp-content\/uploads\/2025\/12\/1766247303_745_83957788.webp\" width=\"686\" height=\"913\" title=\"TIL HVERDAGS: Maskaren er perfekt til hverdags. Foto: KK.\" alt=\"\" class=\"\" style=\"--aspect-ratio-image: 0.75; \"\/><\/p>\n<p>\n        TIL HVERDAGS: Maskaren er perfekt til hverdags. Foto: KK.\n    <\/p>\n<p>    Maskaraene Malin har testet:<\/p>\n<p>Clinique Lash Power Mascara 04 Dark Chocolate<\/p>\n<p>Nilens Jord Lash Definition 787 Black<\/p>\n<p>Xlash Weightless Mascara Black<\/p>\n<p>      Vis mer<br \/>\n      Vis mindre<\/p>\n<p>        <img loading=\"lazy\" decoding=\"async\" src=\"https:\/\/www.europesays.com\/no\/wp-content\/uploads\/2025\/12\/1766247307_34_83957651.webp\" width=\"980\" height=\"1304\" title=\"HELT NATURLIG: Slik er Malin sine vipper uten maskara. Foto: KK.\" alt=\"\" class=\"\" style=\"--aspect-ratio-image: 0.75; \"\/><\/p>\n<p>\n        HELT NATURLIG: Slik er Malin sine vipper uten maskara. Foto: KK.\n    <\/p>\n<p class=\"italic m-italic\" data-lab-italic=\"italic\">Hva er ditt forhold til maskara?<\/p>\n<p>\u2013 Jeg bare m\u00e5 ha p\u00e5 meg maskara for \u00e5 f\u00f8le meg v\u00e5ken og klar for dagen. Jeg er en av de som gjerne tar p\u00e5 et lag f\u00f8r trening eller badetur. Derfor er jeg alltid p\u00e5 utkikk etter en skikkelig god maskara.<\/p>\n<p class=\"italic m-italic\" data-lab-italic=\"italic\">\u2013 Hva ser du etter i en god maskara?\u00a0<\/p>\n<p>        <img loading=\"lazy\" decoding=\"async\" src=\"https:\/\/www.europesays.com\/no\/wp-content\/uploads\/2025\/12\/1766247309_393_83959962.webp\" width=\"686\" height=\"913\" title=\"P\u00c5 S\u00d8LVFAT: Dette er maskaraene Malin har testet. Foto: KK.\" alt=\"\" class=\"\" style=\"--aspect-ratio-image: 0.75; \"\/><\/p>\n<p>\n        P\u00c5 S\u00d8LVFAT: Dette er maskaraene Malin har testet. Foto: KK.\n    <\/p>\n<p>\u2013 Jeg trenger alltid en vannfast maskara p\u00e5 lur, men stort sett bruker jeg en vanlig sort maskara. Det aller viktigste er at den ikke smitter av p\u00e5 \u00f8yelokkene eller drysser. En god maskara b\u00f8r t\u00e5le noen regndr\u00e5per og en lett trenings\u00f8kt uten \u00e5 renne bort. Jeg sier ja takk til b\u00e5de volum og lengde, helst i samme produkt. Det verste jeg vet er nok lengde uten volum, det gir fort edderkoppben-effekten.<\/p>\n<p>    <a itemprop=\"url\" href=\"https:\/\/www.kk.no\/mote\/derfor-bor-du-sjekke-ut-denne-budsjettfavoritten\/83486024\" rel=\"nofollow noopener\" target=\"_blank\"><\/p>\n<p>        <img loading=\"lazy\" decoding=\"async\" src=\"https:\/\/www.europesays.com\/no\/wp-content\/uploads\/2025\/12\/1766247310_775_83530501.webp\" width=\"980\" height=\"441\" title=\"Derfor b\u00f8r du sjekke ut denne budsjettfavoritten\" alt=\"\" class=\"lazyload\" style=\"--aspect-ratio-image: 2.22; \"\/><\/p>\n<p>        Derfor b\u00f8r du sjekke ut denne budsjettfavoritten<\/p>\n<p>    <\/a><\/p>\n<p class=\"italic m-italic\" data-lab-italic=\"italic\">Hvordan er vippene dine uten maskara?<\/p>\n<p>\u2013 Jeg har nok ganske lange vipper, men de er ikke s\u00e6rlig tykke. Jeg b\u00f8yer de alltid med vippetang f\u00f8r jeg tar p\u00e5 maskara.<\/p>\n<p>\u2013 Gir et naturlig resultat<\/p>\n<p>    <a itemprop=\"url\" href=\"https:\/\/www.kk.no\/mote\/derfor-anbefaler-jeg-ikke-vannfast-mascara\/83049950\" rel=\"nofollow noopener\" target=\"_blank\"><\/p>\n<p>        <img loading=\"lazy\" decoding=\"async\" src=\"https:\/\/www.europesays.com\/no\/wp-content\/uploads\/2025\/12\/1766247312_527_83050011.webp\" width=\"980\" height=\"441\" title=\"- Derfor anbefaler jeg ikke vannfast mascara\" alt=\"\" class=\"lazyload\" style=\"--aspect-ratio-image: 2.22; \"\/><\/p>\n<p>        &#8211; Derfor anbefaler jeg ikke vannfast mascara<\/p>\n<p>    <\/a><\/p>\n<p>\u2013 Maskaraen har en superfin brunfarge og gir et veldig naturlig resultat. Den er lett \u00e5 p\u00e5f\u00f8re og smitter ikke av utover dagen. Dersom du \u00f8nsker et mer naturlig uttrykk er denne maskaraen virkelig \u00e5 anbefale. Likevel er nok jeg mer glad i litt mer dramatiske vipper, og vil nok bruke denne p\u00e5 dager hvor jeg kun tar p\u00e5 et lag maskara og litt solpudder.<\/p>\n<p>        <img loading=\"lazy\" decoding=\"async\" src=\"https:\/\/www.europesays.com\/no\/wp-content\/uploads\/2025\/12\/1766247317_337_83957652.webp\" width=\"980\" height=\"1304\" title=\"IKKE SORT MEN: ...brun! Det gir et mer naturlig uttrykk. Foto: KK.\" alt=\"\" class=\"\" style=\"--aspect-ratio-image: 0.75; \"\/><\/p>\n<p>\n        IKKE SORT MEN: &#8230;brun! Det gir et mer naturlig uttrykk. Foto: KK.\n    <\/p>\n<p>\u2013 Fin til hverdags, men&#8230;<\/p>\n<p>    <a itemprop=\"url\" href=\"https:\/\/www.kk.no\/mote\/maskara-til-45-kroner-hylles-1\/82555180\" rel=\"nofollow noopener\" target=\"_blank\"><\/p>\n<p>        <img loading=\"lazy\" decoding=\"async\" src=\"https:\/\/www.europesays.com\/no\/wp-content\/uploads\/2025\/12\/1766247319_391_82561271.webp\" width=\"980\" height=\"441\" title=\"Maskara til 45 kroner hylles\" alt=\"\" class=\"lazyload\" style=\"--aspect-ratio-image: 2.22; \"\/><\/p>\n<p>        Maskara til 45 kroner hylles<\/p>\n<p>    <\/a><\/p>\n<p>\u2013 Den smale kosten gj\u00f8r denne maskaraen lett \u00e5 p\u00e5f\u00f8re uten mye s\u00f8l. Den gir virkelig lengde, og klumper ikke. Dette er en maskara lover alt; lengde, volum og b\u00f8y, men jeg vil si den leverer best p\u00e5 f\u00f8rstnevnte. Den smittet imidlertid noe av p\u00e5 \u00f8yelokket etter en lang dag. Gir ikke de mest dramatiske vippene, men er superfin til hverdags.<\/p>\n<p>        <img loading=\"lazy\" decoding=\"async\" src=\"https:\/\/www.europesays.com\/no\/wp-content\/uploads\/2025\/12\/1766247320_971_83957671.webp\" width=\"686\" height=\"913\" title=\"TIL HVERDAGS: Fin, men smitter litt av, mener Malin. Foto: KK.\" alt=\"\" class=\"\" style=\"--aspect-ratio-image: 0.75; \"\/><\/p>\n<p>\n        TIL HVERDAGS: Fin, men smitter litt av, mener Malin. Foto: KK.\n    <\/p>\n<p>\u2013 Mest dramatisk<\/p>\n<p>\u2013 Maskaraen selger inn et naturlig resultat, men dette er den som gir mest dramatiske vipper blant de tre jeg har testet. Den gir mye lengde og er intens sort. En veldig god maskara. Merket har ogs\u00e5 en primer under navnet Drama Tinted primer, som funker alene og under annen maskara. Primeren har en lys brunfarge og funker fint alene for en veldig naturlig look, men ga ikke synlig resultat som primer under maskaraen.<\/p>\n<p>    <a itemprop=\"url\" href=\"https:\/\/www.kk.no\/mote\/billigmaskaraen-hylles\/81828851\" rel=\"nofollow noopener\" target=\"_blank\"><\/p>\n<p>        <img loading=\"lazy\" decoding=\"async\" src=\"https:\/\/www.europesays.com\/no\/wp-content\/uploads\/2025\/12\/1766247323_974_81833692.webp\" width=\"980\" height=\"441\" title=\"Billigmaskaraen hylles\" alt=\"\" class=\"lazyload\" style=\"--aspect-ratio-image: 2.22; \"\/><\/p>\n<p>        Billigmaskaraen hylles<\/p>\n<p>    <\/a><\/p>\n<p>        <img loading=\"lazy\" decoding=\"async\" src=\"https:\/\/www.europesays.com\/no\/wp-content\/uploads\/2025\/12\/1766247325_394_83957675.webp\" width=\"686\" height=\"913\" title=\"DRAMATISK: Naturlig visstnok, men denne maskaraen gir det mest dramatiske uttrykket. Foto: KK.\" alt=\"\" class=\"\" style=\"--aspect-ratio-image: 0.75; \"\/><\/p>\n<p>\n        DRAMATISK: Naturlig visstnok, men denne maskaraen gir det mest dramatiske uttrykket. Foto: KK.\n    <\/p>\n","protected":false},"excerpt":{"rendered":"Jakten p\u00e5 den perfekte maskaraen fortsetter \u2013 eller? Det er faktisk mulig at vi er kommet et skritt&hellip;\n","protected":false},"author":2,"featured_media":112484,"comment_status":"","ping_status":"","sticky":false,"template":"","format":"standard","meta":{"footnotes":""},"categories":[58],"tags":[2812,13736,71,13734,13735,4024,30,28,29,6680,6097,6509,72],"class_list":{"0":"post-118299","1":"post","2":"type-post","3":"status-publish","4":"format-standard","5":"has-post-thumbnail","7":"category-underholdning","8":"tag-budsjett","9":"tag-budsjettfavoritt","10":"tag-entertainment","11":"tag-hverdagsfavoritter","12":"tag-maskara","13":"tag-mote","14":"tag-no","15":"tag-norge","16":"tag-norway","17":"tag-skjonnhet","18":"tag-sminke","19":"tag-test","20":"tag-underholdning"},"share_on_mastodon":{"url":"https:\/\/pubeurope.com\/@no\/115752791824877819","error":""},"_links":{"self":[{"href":"https:\/\/www.europesays.com\/no\/wp-json\/wp\/v2\/posts\/118299","targetHints":{"allow":["GET"]}}],"collection":[{"href":"https:\/\/www.europesays.com\/no\/wp-json\/wp\/v2\/posts"}],"about":[{"href":"https:\/\/www.europesays.com\/no\/wp-json\/wp\/v2\/types\/post"}],"author":[{"embeddable":true,"href":"https:\/\/www.europesays.com\/no\/wp-json\/wp\/v2\/users\/2"}],"replies":[{"embeddable":true,"href":"https:\/\/www.europesays.com\/no\/wp-json\/wp\/v2\/comments?post=118299"}],"version-history":[{"count":0,"href":"https:\/\/www.europesays.com\/no\/wp-json\/wp\/v2\/posts\/118299\/revisions"}],"wp:featuredmedia":[{"embeddable":true,"href":"https:\/\/www.europesays.com\/no\/wp-json\/wp\/v2\/media\/112484"}],"wp:attachment":[{"href":"https:\/\/www.europesays.com\/no\/wp-json\/wp\/v2\/media?parent=118299"}],"wp:term":[{"taxonomy":"category","embeddable":true,"href":"https:\/\/www.europesays.com\/no\/wp-json\/wp\/v2\/categories?post=118299"},{"taxonomy":"post_tag","embeddable":true,"href":"https:\/\/www.europesays.com\/no\/wp-json\/wp\/v2\/tags?post=118299"}],"curies":[{"name":"wp","href":"https:\/\/api.w.org\/{rel}","templated":true}]}}