{"id":118300,"date":"2025-12-20T16:18:09","date_gmt":"2025-12-20T16:18:09","guid":{"rendered":"https:\/\/www.europesays.com\/no\/118300\/"},"modified":"2025-12-20T16:18:09","modified_gmt":"2025-12-20T16:18:09","slug":"ida-marie-hagen-med-overlegen-seier-i-ramsau","status":"publish","type":"post","link":"https:\/\/www.europesays.com\/no\/118300\/","title":{"rendered":"Ida Marie Hagen med overlegen seier i Ramsau"},"content":{"rendered":"\n<p class=\"_lead_o9xde_2 _lead_xtcu6_50 layout-component text-serif-m layout-normal text-serif-l layout-component layout-wide layout-padded _wide_17hqh_1 layout-padded\">Ida Marie Hagen viste seg nok en gang sterk i langrennet og gikk inn til sin andre seier under verdenscuprunden i kombinert i Ramsau.<\/p>\n<p><img alt=\"Ida Marie Hagen avbildet tidligere i sesongen.  Foto: Matthias Schrader \/ AP \/ NTB\" class=\"_image_qp4xg_65 layout-component layout-wide\" data-fullscreen- data-track-element-type=\"Article image fullscreen\" data-track-name=\"ImageFullscreen\" fetchpriority=\"high\" decoding=\"sync\" loading=\"eager\" height=\"3744\" itemprop=\"image\"  src=\"https:\/\/www.europesays.com\/no\/wp-content\/uploads\/2025\/12\/886ce49d-8ce6-4cd6-a19a-fc34e28dfa49\"  style=\"object-position:0% 0%\" width=\"5616\"\/>Ida Marie Hagen avbildet tidligere i sesongen.  Foto: Matthias Schrader \/ AP \/ NTB<\/p>\n<ul aria-hidden=\"true\" class=\"_images_ntbth_112\">\n<li><a class=\"_link_ntbth_117\" href=\"https:\/\/www.vg.no\/forfatter\/ntb\" style=\"z-index:1\" title=\"NTB\" rel=\"nofollow noopener\" target=\"_blank\"><img alt=\"Bilde av NTB\" class=\"_image_ntbth_93\" fetchpriority=\"low\" loading=\"lazy\" decoding=\"async\" itemprop=\"image\"  src=\"https:\/\/www.europesays.com\/no\/wp-content\/uploads\/2025\/12\/1766247489_658_c33980b0-5d07-4027-84a1-813f90a7c8d6\"  width=\"480\"\/><\/a><\/li>\n<\/ul>\n<p> Oppdatert l\u00f8rdag 20. desember kl. 15:46     <\/p>\n<p class=\"_paragraph_o9xde_4 _paragraph_xtcu6_10 layout-component text-serif-m layout-normal text-serif-m layout-padded\">Hagen hadde 1.19 minutt opp til lagvenninnen Ingrid L\u00e5te i ledelsen i langrennet over fem kilometer. Hagen er sv\u00e6rt sterk i langrenn og viste det igjen l\u00f8rdag da hun allerede etter 2,5 kilometer igjen hadde tatt igjen L\u00e5te.<\/p>\n<p class=\"_paragraph_o9xde_4 _paragraph_xtcu6_10 layout-component text-serif-m layout-normal text-serif-m layout-padded\">I avslutningen hadde 25-\u00e5ringen fra Haslum kontroll og kunne juble for sin 20. verdenscupseier foran amerikanske Alexa Brabec.<\/p>\n<p class=\"_paragraph_o9xde_4 _paragraph_xtcu6_10 layout-component text-serif-m layout-normal text-serif-m layout-padded\">Hagen vant ogs\u00e5 fredagens fellesstart der rekkef\u00f8lgen er omvendt med langrenn f\u00f8rst og hopping etterp\u00e5.<\/p>\n<p class=\"_paragraph_o9xde_4 _paragraph_xtcu6_10 layout-component text-serif-m layout-normal text-serif-m layout-padded\">L\u00e5te vant hoppingen l\u00f8rdag med et svev p\u00e5 96,5 meter, men 18-\u00e5ringen var uten mulighet til \u00e5 holde unna for sterke konkurrenter i l\u00f8ypa.<\/p>\n<p class=\"_paragraph_o9xde_4 _paragraph_xtcu6_10 layout-component text-serif-m layout-normal text-serif-m layout-padded\">Tyske Nathalie Armbruster ble nummer tre etter \u00e5 ha v\u00e6rt gjennom en ekkel situasjon i fredagens renn.<\/p>\n<p class=\"_paragraph_o9xde_4 _paragraph_xtcu6_10 layout-component text-serif-m layout-normal text-serif-m layout-padded\">Der fikk hun det sv\u00e6rt tungt og falt sammen i l\u00f8ypa, men 19-\u00e5ringen var med ogs\u00e5 l\u00f8rdag. Det ble en opptur.<\/p>\n<p class=\"_paragraph_o9xde_4 _paragraph_xtcu6_10 layout-component text-serif-m layout-normal text-serif-m layout-padded\">Opprinnelig var tyske Schonach arrang\u00f8r for neste verdenscuprunde i starten av januar, men lite sn\u00f8 og mildv\u00e6r f\u00f8rte til at det er avlyst.<\/p>\n<p class=\"_paragraph_o9xde_4 _paragraph_xtcu6_10 layout-component text-serif-m layout-normal text-serif-m layout-padded\">FIS har opplyst at det jobbes med \u00e5 se p\u00e5 mulige andre arrang\u00f8rsteder den aktuelle helgen, og at en avgj\u00f8relse p\u00e5 dette vil bli kommunisert i god tid. Samtidig begynner det \u00e5 bli tidsn\u00f8d.<\/p>\n<p class=\"_paragraph_o9xde_4 _paragraph_xtcu6_10 layout-component text-serif-m layout-normal text-serif-m layout-padded\">Deretter venter renn i estiske Otep\u00e4\u00e4 8.-11. januar.<\/p>\n","protected":false},"excerpt":{"rendered":"Ida Marie Hagen viste seg nok en gang sterk i langrennet og gikk inn til sin andre seier&hellip;\n","protected":false},"author":2,"featured_media":118301,"comment_status":"","ping_status":"","sticky":false,"template":"","format":"standard","meta":{"footnotes":""},"categories":[12],"tags":[20,21,24,25,15,14203,2269,22,23,13,30,28,29,14,16,26,27,42,43,44,45],"class_list":{"0":"post-118300","1":"post","2":"type-post","3":"status-publish","4":"format-standard","5":"has-post-thumbnail","7":"category-verden","8":"tag-breaking-news","9":"tag-breakingnews","10":"tag-featured-news","11":"tag-featurednews","12":"tag-headlines","13":"tag-ida-marie-hagen","14":"tag-kombinert","15":"tag-latest-news","16":"tag-latestnews","17":"tag-news","18":"tag-no","19":"tag-norge","20":"tag-norway","21":"tag-nyheter","22":"tag-overskrifter","23":"tag-top-stories","24":"tag-topstories","25":"tag-verden","26":"tag-world","27":"tag-world-news","28":"tag-worldnews"},"share_on_mastodon":{"url":"https:\/\/pubeurope.com\/@no\/115752803381852387","error":""},"_links":{"self":[{"href":"https:\/\/www.europesays.com\/no\/wp-json\/wp\/v2\/posts\/118300","targetHints":{"allow":["GET"]}}],"collection":[{"href":"https:\/\/www.europesays.com\/no\/wp-json\/wp\/v2\/posts"}],"about":[{"href":"https:\/\/www.europesays.com\/no\/wp-json\/wp\/v2\/types\/post"}],"author":[{"embeddable":true,"href":"https:\/\/www.europesays.com\/no\/wp-json\/wp\/v2\/users\/2"}],"replies":[{"embeddable":true,"href":"https:\/\/www.europesays.com\/no\/wp-json\/wp\/v2\/comments?post=118300"}],"version-history":[{"count":0,"href":"https:\/\/www.europesays.com\/no\/wp-json\/wp\/v2\/posts\/118300\/revisions"}],"wp:featuredmedia":[{"embeddable":true,"href":"https:\/\/www.europesays.com\/no\/wp-json\/wp\/v2\/media\/118301"}],"wp:attachment":[{"href":"https:\/\/www.europesays.com\/no\/wp-json\/wp\/v2\/media?parent=118300"}],"wp:term":[{"taxonomy":"category","embeddable":true,"href":"https:\/\/www.europesays.com\/no\/wp-json\/wp\/v2\/categories?post=118300"},{"taxonomy":"post_tag","embeddable":true,"href":"https:\/\/www.europesays.com\/no\/wp-json\/wp\/v2\/tags?post=118300"}],"curies":[{"name":"wp","href":"https:\/\/api.w.org\/{rel}","templated":true}]}}