{"id":118306,"date":"2025-12-20T16:25:12","date_gmt":"2025-12-20T16:25:12","guid":{"rendered":"https:\/\/www.europesays.com\/no\/118306\/"},"modified":"2025-12-20T16:25:12","modified_gmt":"2025-12-20T16:25:12","slug":"har-truffet-russisk-skip-og-boreplattform","status":"publish","type":"post","link":"https:\/\/www.europesays.com\/no\/118306\/","title":{"rendered":"Har truffet russisk skip og boreplattform"},"content":{"rendered":"\n<p class=\"_lead_o9xde_2 _lead_xtcu6_50 layout-component text-serif-m layout-normal text-serif-l layout-component layout-wide layout-padded _wide_17hqh_1 layout-padded\">En russisk oljeplattform er skadet etter et ukrainsk angrep i Kaspihavet, skriver Ukrainas generalstab p\u00e5 Telegram. Et marinefart\u00f8y ble ogs\u00e5 angrepet.<\/p>\n<ul aria-hidden=\"true\" class=\"_images_ntbth_112\">\n<li><a class=\"_link_ntbth_117\" href=\"https:\/\/www.vg.no\/forfatter\/signe-rosenlund-hauglid\" style=\"z-index:1\" title=\"Signe Rosenlund-Hauglid\" rel=\"nofollow noopener\" target=\"_blank\"><img alt=\"Bilde av Signe Rosenlund-Hauglid\" class=\"_image_ntbth_93\" fetchpriority=\"low\" loading=\"lazy\" decoding=\"async\" itemprop=\"image\"  src=\"https:\/\/www.europesays.com\/no\/wp-content\/uploads\/2025\/12\/1766247912_159_65e9df60-b046-4add-b7dd-10f1cf4fbd21\"  width=\"480\"\/><\/a><\/li>\n<\/ul>\n<p> Oppdatert l\u00f8rdag 20. desember kl. 10:59     <\/p>\n<p class=\"_paragraph_o9xde_4 _paragraph_xtcu6_10 layout-component text-serif-m layout-normal text-serif-m layout-padded\">Omr\u00e5det ligger mer enn 1800 kilometer fra den ukrainske kysten.<\/p>\n<p class=\"_paragraph_o9xde_4 _paragraph_xtcu6_10 layout-component text-serif-m layout-normal text-serif-m layout-padded\">Det skriver det ukrainske milit\u00e6ret i en oppdatering p\u00e5 Telegram tidlig l\u00f8rdag morgen norsk tid. <\/p>\n<p class=\"_paragraph_o9xde_4 _paragraph_xtcu6_10 layout-component text-serif-m layout-normal text-serif-m layout-padded\">Skipet g\u00e5r under navnet Prosjekt 22460 Okhotnik, og skal ha blitt \u00f8delagt av ukrainske droner natt til l\u00f8rdag. <\/p>\n<p class=\"_paragraph_o9xde_4 _paragraph_xtcu6_10 layout-component text-serif-m layout-normal text-serif-m layout-padded\">Oljeplattformen, som tilh\u00f8rer det russiske oljeselskapet Lukoil, ble ogs\u00e5 truffet, if\u00f8lge myndighetene i Kyiv.<\/p>\n<p class=\"_paragraph_o9xde_4 _paragraph_xtcu6_10 layout-component text-serif-m layout-normal text-serif-m layout-padded\">Omfanget av skadene som f\u00f8lge av angrepet er forel\u00f8pig uklart. Ogs\u00e5 fredag ble en russisk oljeplattform angrepet av ukrainske droner, if\u00f8lge Ukraina.<\/p>\n<p class=\"_paragraph_o9xde_4 _paragraph_xtcu6_10 layout-component text-serif-m layout-normal text-serif-m layout-padded\">Forrige uke meldte den ukrainske sikkerhetstjenesten (SBU) at to oljeplattformer i Kaspihavet hadde blitt angrepet, ogs\u00e5 disse tilh\u00f8rende Lukoil.<\/p>\n<p class=\"_paragraph_o9xde_4 _paragraph_xtcu6_10 layout-component text-serif-m layout-normal text-serif-m layout-padded\">Russiske myndigheter har forel\u00f8pig ikke kommentert angrepene. <\/p>\n","protected":false},"excerpt":{"rendered":"En russisk oljeplattform er skadet etter et ukrainsk angrep i Kaspihavet, skriver Ukrainas generalstab p\u00e5 Telegram. Et marinefart\u00f8y&hellip;\n","protected":false},"author":2,"featured_media":118307,"comment_status":"","ping_status":"","sticky":false,"template":"","format":"standard","meta":{"footnotes":""},"categories":[12],"tags":[20,21,24,25,15,179,22,23,2001,13,30,28,29,14,16,188,26,27,489,42,43,44,45],"class_list":{"0":"post-118306","1":"post","2":"type-post","3":"status-publish","4":"format-standard","5":"has-post-thumbnail","7":"category-verden","8":"tag-breaking-news","9":"tag-breakingnews","10":"tag-featured-news","11":"tag-featurednews","12":"tag-headlines","13":"tag-krigen-i-ukraina","14":"tag-latest-news","15":"tag-latestnews","16":"tag-lukoil","17":"tag-news","18":"tag-no","19":"tag-norge","20":"tag-norway","21":"tag-nyheter","22":"tag-overskrifter","23":"tag-russland","24":"tag-top-stories","25":"tag-topstories","26":"tag-ukraina","27":"tag-verden","28":"tag-world","29":"tag-world-news","30":"tag-worldnews"},"share_on_mastodon":{"url":"https:\/\/pubeurope.com\/@no\/115752830767419387","error":""},"_links":{"self":[{"href":"https:\/\/www.europesays.com\/no\/wp-json\/wp\/v2\/posts\/118306","targetHints":{"allow":["GET"]}}],"collection":[{"href":"https:\/\/www.europesays.com\/no\/wp-json\/wp\/v2\/posts"}],"about":[{"href":"https:\/\/www.europesays.com\/no\/wp-json\/wp\/v2\/types\/post"}],"author":[{"embeddable":true,"href":"https:\/\/www.europesays.com\/no\/wp-json\/wp\/v2\/users\/2"}],"replies":[{"embeddable":true,"href":"https:\/\/www.europesays.com\/no\/wp-json\/wp\/v2\/comments?post=118306"}],"version-history":[{"count":0,"href":"https:\/\/www.europesays.com\/no\/wp-json\/wp\/v2\/posts\/118306\/revisions"}],"wp:featuredmedia":[{"embeddable":true,"href":"https:\/\/www.europesays.com\/no\/wp-json\/wp\/v2\/media\/118307"}],"wp:attachment":[{"href":"https:\/\/www.europesays.com\/no\/wp-json\/wp\/v2\/media?parent=118306"}],"wp:term":[{"taxonomy":"category","embeddable":true,"href":"https:\/\/www.europesays.com\/no\/wp-json\/wp\/v2\/categories?post=118306"},{"taxonomy":"post_tag","embeddable":true,"href":"https:\/\/www.europesays.com\/no\/wp-json\/wp\/v2\/tags?post=118306"}],"curies":[{"name":"wp","href":"https:\/\/api.w.org\/{rel}","templated":true}]}}