{"id":118314,"date":"2025-12-20T16:45:12","date_gmt":"2025-12-20T16:45:12","guid":{"rendered":"https:\/\/www.europesays.com\/no\/118314\/"},"modified":"2025-12-20T16:45:12","modified_gmt":"2025-12-20T16:45:12","slug":"trafikk-e39-svaert-glatt-pa-e39-ein-bil-har-koyrt-av-vegen","status":"publish","type":"post","link":"https:\/\/www.europesays.com\/no\/118314\/","title":{"rendered":"Trafikk, E39 | Sv\u00e6rt glatt p\u00e5 E39 \u2013 \u00e9in bil har k\u00f8yrt av vegen"},"content":{"rendered":"\n<p>Ein Firda-tipsar melder trafikkuhell E39 mellom Bekkjavatnet og Langelandsvatnet.<\/p>\n<p>Det skal vere veldig glatt p\u00e5 staden. Det har ogs\u00e5 Vegtrafikksentralen f\u00e5tt fleire meldingar om.<\/p>\n<p>Klokka 15.56 melder politiet ogs\u00e5 politiet om hendinga. Klokka 16.09 melder politiet at dei er framme. Det vart f\u00f8rst meldt fr\u00e5 b\u00e5de Firda-tipsar og politiet at det kunne sj\u00e5 ut til at fleire bilar var involvert.<\/p>\n<p><b>Operasjonsleiar ved Vest politidistrikt, Eirik Loftesnes, opplyser at det berre er \u00e9in bil involvert. Bilen skal ha g\u00e5tt rundt, men landa p\u00e5 hjula.<\/b><\/p>\n<p>\u2013 Bilen st\u00e5r utanfor vegen, melder Loftesnes.<\/p>\n<p>Det skal ikkje vere meldt om personskade.<\/p>\n<p>Entrepren\u00f8r er varsla om vegforholda og er p\u00e5 veg.<\/p>\n<p>Det er redusert framkomst p\u00e5 staden.<\/p>\n<p>Klokka 17.04 melder politiet at vegen er fri, og at entrepren\u00f8r har str\u00f8dd p\u00e5 staden. Dei tre personane som var i bilen som hamna utanfor vegen er sjekka ut av helse p\u00e5 staden. Det er ikkje meld om personskade, s\u00e5 politiet avsluttar.<\/p>\n<p>  <a href=\"https:\/\/www.firda.no\/5-15-1993103\" class=\"related-teaser has-image default-story-teaser article--c-eRUmMG article--c-eRUmMG-jKCPdD-design-default\" rel=\"nofollow noopener\" target=\"_blank\"><\/p>\n<p>    <img decoding=\"async\" loading=\"lazy\"  src=\"https:\/\/www.europesays.com\/no\/wp-content\/uploads\/2025\/12\/kollasje+ulykke.jpg\" alt=\"\" class=\"brick-c-cFOWSL\" style=\"\"\/><\/p>\n<p>\n            Les ogs\u00e5<\/p>\n<p>              \u2013 Situasjonen har vore uoversiktleg\n        <\/p>\n<p>  <\/a><\/p>\n<p>  <a href=\"https:\/\/www.firda.no\/5-15-1993097\" class=\"related-teaser default-story-teaser article--c-eRUmMG article--c-eRUmMG-jKCPdD-design-default article--c-eRUmMG-kpKLOW-cv\" rel=\"nofollow noopener\" target=\"_blank\"><\/p>\n<p>\n            Les ogs\u00e5<\/p>\n<p>              Ny ulykke p\u00e5 E39\n        <\/p>\n<p>  <\/a><\/p>\n","protected":false},"excerpt":{"rendered":"Ein Firda-tipsar melder trafikkuhell E39 mellom Bekkjavatnet og Langelandsvatnet. Det skal vere veldig glatt p\u00e5 staden. Det har&hellip;\n","protected":false},"author":2,"featured_media":118315,"comment_status":"","ping_status":"","sticky":false,"template":"","format":"standard","meta":{"footnotes":""},"categories":[10],"tags":[36,20,21,2298,24,25,15,22,23,13,30,28,29,14,16,1510,26,27,224,1204],"class_list":{"0":"post-118314","1":"post","2":"type-post","3":"status-publish","4":"format-standard","5":"has-post-thumbnail","7":"category-norge","8":"tag-art","9":"tag-breaking-news","10":"tag-breakingnews","11":"tag-e39","12":"tag-featured-news","13":"tag-featurednews","14":"tag-headlines","15":"tag-latest-news","16":"tag-latestnews","17":"tag-news","18":"tag-no","19":"tag-norge","20":"tag-norway","21":"tag-nyheter","22":"tag-overskrifter","23":"tag-story","24":"tag-top-stories","25":"tag-topstories","26":"tag-trafikk","27":"tag-ulykker"},"share_on_mastodon":{"url":"https:\/\/pubeurope.com\/@no\/115752909257215947","error":""},"_links":{"self":[{"href":"https:\/\/www.europesays.com\/no\/wp-json\/wp\/v2\/posts\/118314","targetHints":{"allow":["GET"]}}],"collection":[{"href":"https:\/\/www.europesays.com\/no\/wp-json\/wp\/v2\/posts"}],"about":[{"href":"https:\/\/www.europesays.com\/no\/wp-json\/wp\/v2\/types\/post"}],"author":[{"embeddable":true,"href":"https:\/\/www.europesays.com\/no\/wp-json\/wp\/v2\/users\/2"}],"replies":[{"embeddable":true,"href":"https:\/\/www.europesays.com\/no\/wp-json\/wp\/v2\/comments?post=118314"}],"version-history":[{"count":0,"href":"https:\/\/www.europesays.com\/no\/wp-json\/wp\/v2\/posts\/118314\/revisions"}],"wp:featuredmedia":[{"embeddable":true,"href":"https:\/\/www.europesays.com\/no\/wp-json\/wp\/v2\/media\/118315"}],"wp:attachment":[{"href":"https:\/\/www.europesays.com\/no\/wp-json\/wp\/v2\/media?parent=118314"}],"wp:term":[{"taxonomy":"category","embeddable":true,"href":"https:\/\/www.europesays.com\/no\/wp-json\/wp\/v2\/categories?post=118314"},{"taxonomy":"post_tag","embeddable":true,"href":"https:\/\/www.europesays.com\/no\/wp-json\/wp\/v2\/tags?post=118314"}],"curies":[{"name":"wp","href":"https:\/\/api.w.org\/{rel}","templated":true}]}}