{"id":118318,"date":"2025-12-20T17:13:20","date_gmt":"2025-12-20T17:13:20","guid":{"rendered":"https:\/\/www.europesays.com\/no\/118318\/"},"modified":"2025-12-20T17:13:20","modified_gmt":"2025-12-20T17:13:20","slug":"kripos-ungdom-kripos-rapport-ungdom-utsatt-for-trusler-etter-voldsoppdrag-fra-kriminelle","status":"publish","type":"post","link":"https:\/\/www.europesays.com\/no\/118318\/","title":{"rendered":"Kripos, Ungdom | Kripos-rapport: Ungdom utsatt for trusler etter voldsoppdrag fra kriminelle"},"content":{"rendered":"\n<p>Politiet sier de siden starten av \u00e5ret har avdekket om lag 400 konkrete voldsoppdrag i inn- og utland som har blitt annonsert og formidlet via digitale plattformer i Norge.<\/p>\n<p>I en ny, \u00e5pen <a rel=\"noopener nofollow\" href=\"https:\/\/politiet.no\/globalassets\/tall-og-fakta\/kriminelle-nettverk\/2025-12-16-a-trusler-mot-unge-utovere-involvert-i-voldsoppdrag-for-kriminelle-nettverk---kripos.pdf\" target=\"_blank\">rapport <\/a>har Kripos unders\u00f8kt hva som skjer med ungdom som p\u00e5tar seg slike oppdrag. Der fremkommer det at ungdom i stor grad behandles som en engangsressurs.<\/p>\n<p>\u2013 De kriminelle nettverkene har en kynisk bruk- og kastmentalitet overfor ungdom som rekrutteres til \u00e5 beg\u00e5 voldshandlinger. Ungdommene loves penger og tilh\u00f8righet, men v\u00e5re opplysninger reiser tvil om dette faktisk er tilfelle, sier Ole J\u00f8rgen Arvesen, leder av avdeling for etterforskning og etterretning i Kripos, i en <a rel=\"noopener nofollow\" href=\"https:\/\/www.politiet.no\/nyheter-og-presse\/kripos\/nyhet\/2025-12-19\/apen-rapport-om-trusler-mot-unge-involvert-i-voldsoppdrag-for-kriminelle-nettverk\" target=\"_blank\">pressemelding<\/a>.<\/p>\n<p>If\u00f8lge Kripos finnes det tilfeller hvor ungdommer har blitt utsatt for trusler gjennom fysisk oppm\u00f8te, verbalt i talemeldinger eller skriftlig via krypterte plattformer. Rapporten beskriver blant annet et tilfelle der en ung person mottok drapstrussel etter \u00e5 ha trukket seg fra et oppdrag.<\/p>\n<p>\u2013 Det kan jo v\u00e6re trusler om at de skal g\u00e5 etter vedkommende selv, eller vedkommendes familie, eller det kan v\u00e6re at man blir b\u00f8telagt, sier Arvesen til <a rel=\"noopener nofollow\" href=\"https:\/\/www.nrk.no\/norge\/rapport_-ungdom-utsatt-for-trusler-etter-voldsoppdrag-for-kriminelle-1.17699766\" target=\"_blank\">NRK<\/a> , som omtalte saken f\u00f8rst.<\/p>\n<p>Kripos mener de har avverget om lag 30 planlagte voldsoppdrag i \u00e5r, men vektlegger i rapporten at kriminelle nettverk sannsynligvis vil fortsette \u00e5 rekruttere unge.<\/p>\n<p>\u2013 F\u00e5r de kloa i deg, s\u00e5 slipper de deg ikke. Det er alvorlig og har langvarige konsekvenser for ungdommene. Det m\u00e5 vi alle ta inn over oss, avslutter Arvesen.<\/p>\n","protected":false},"excerpt":{"rendered":"Politiet sier de siden starten av \u00e5ret har avdekket om lag 400 konkrete voldsoppdrag i inn- og utland&hellip;\n","protected":false},"author":2,"featured_media":118319,"comment_status":"","ping_status":"","sticky":false,"template":"","format":"standard","meta":{"footnotes":""},"categories":[10],"tags":[36,20,21,24,25,15,1957,22,23,13,30,28,29,14,16,1510,26,27,3985,3813],"class_list":{"0":"post-118318","1":"post","2":"type-post","3":"status-publish","4":"format-standard","5":"has-post-thumbnail","7":"category-norge","8":"tag-art","9":"tag-breaking-news","10":"tag-breakingnews","11":"tag-featured-news","12":"tag-featurednews","13":"tag-headlines","14":"tag-kripos","15":"tag-latest-news","16":"tag-latestnews","17":"tag-news","18":"tag-no","19":"tag-norge","20":"tag-norway","21":"tag-nyheter","22":"tag-overskrifter","23":"tag-story","24":"tag-top-stories","25":"tag-topstories","26":"tag-ungdom","27":"tag-ungdomskriminalitet"},"share_on_mastodon":{"url":"https:\/\/pubeurope.com\/@no\/115753019159722548","error":""},"_links":{"self":[{"href":"https:\/\/www.europesays.com\/no\/wp-json\/wp\/v2\/posts\/118318","targetHints":{"allow":["GET"]}}],"collection":[{"href":"https:\/\/www.europesays.com\/no\/wp-json\/wp\/v2\/posts"}],"about":[{"href":"https:\/\/www.europesays.com\/no\/wp-json\/wp\/v2\/types\/post"}],"author":[{"embeddable":true,"href":"https:\/\/www.europesays.com\/no\/wp-json\/wp\/v2\/users\/2"}],"replies":[{"embeddable":true,"href":"https:\/\/www.europesays.com\/no\/wp-json\/wp\/v2\/comments?post=118318"}],"version-history":[{"count":0,"href":"https:\/\/www.europesays.com\/no\/wp-json\/wp\/v2\/posts\/118318\/revisions"}],"wp:featuredmedia":[{"embeddable":true,"href":"https:\/\/www.europesays.com\/no\/wp-json\/wp\/v2\/media\/118319"}],"wp:attachment":[{"href":"https:\/\/www.europesays.com\/no\/wp-json\/wp\/v2\/media?parent=118318"}],"wp:term":[{"taxonomy":"category","embeddable":true,"href":"https:\/\/www.europesays.com\/no\/wp-json\/wp\/v2\/categories?post=118318"},{"taxonomy":"post_tag","embeddable":true,"href":"https:\/\/www.europesays.com\/no\/wp-json\/wp\/v2\/tags?post=118318"}],"curies":[{"name":"wp","href":"https:\/\/api.w.org\/{rel}","templated":true}]}}