{"id":118328,"date":"2025-12-20T17:27:08","date_gmt":"2025-12-20T17:27:08","guid":{"rendered":"https:\/\/www.europesays.com\/no\/118328\/"},"modified":"2025-12-20T17:27:08","modified_gmt":"2025-12-20T17:27:08","slug":"kristen-konvertitt-ventar-pa-a-bli-sendt-ut-av-landet-nrk-vestland","status":"publish","type":"post","link":"https:\/\/www.europesays.com\/no\/118328\/","title":{"rendered":"Kristen konvertitt ventar p\u00e5 \u00e5 bli sendt ut av landet \u2013 NRK Vestland"},"content":{"rendered":"<p>Dette er saka:<\/p>\n<p>Vesam Heydari, ein kristen konvertitt fr\u00e5 Iran, skal deporterast fr\u00e5 Noreg etter fleire rettsrundar og avslag fr\u00e5 Utlendingsnemnda (UNE). <br \/>\u2022 Heydari fryktar forf\u00f8lging og livsfare i Iran p\u00e5 grunn av konvertering fr\u00e5 islam til kristendom, og hans aktive rolle som evangelist. <br \/>\u2022 UNE meiner at Heydari ikkje er i fare fordi han ikkje har ei leiande rolle i kristne milj\u00f8 og ikkje har vore i s\u00f8kelyset til iranske styremakter tidlegare. \u2022 St\u00f8ttespelarar i Noreg uttrykker sterk bekymring for tryggleiken hans og usemje med UNEs vurdering. <br \/>\u2022 Heydari har tidlegare blitt stoppa fr\u00e5 uttransportering, men er no p\u00e5 Trandum utlendingsinternat. <br \/>\u2022 Politiets utlendingseining har ikkje kommentert saka p\u00e5 grunn av teieplikt.<\/p>\n<p>Oppsummeringa er laga av ei KI-teneste fr\u00e5 OpenAI. Innhaldet er kvalitetssikra av NRKs journalistar f\u00f8r publisering. <\/p>\n<p>Den kristne asyls\u00f8karen Vesam Heydari fr\u00e5 Iran er p\u00e5 Trandum utlendingsinternat i p\u00e5vente av \u00e5 bli transportert ut av landet.<\/p>\n<p>Det stadfestar advokaten hans, Nadin Askeland, til NRK.<\/p>\n<p>\u2013 Vi har f\u00e5tt eit siste avslag p\u00e5 omgjeringskravet fr\u00e5 Utlendingsnemnda, men eg har f\u00f8rebels ikkje f\u00e5tt stadfesta uttransportering, seier ho.<\/p>\n<p>Laurdag ettermiddag opplyser ein av st\u00f8ttespelarane at han skal ha f\u00e5tt beskjed om uttransport s\u00f8ndag f\u00f8remiddag, n\u00e6rare bestemt fly til Iran via Tyrkia.<\/p>\n<p>Heydari kom til Noreg f\u00f8rste gang i 2009, og vart aktiv kristen to \u00e5r seinare.<\/p>\n<p>Han har budd p\u00e5 10 asylmottak, mellom anna i Flor\u00f8 og Sogndal, og vore gjennom sju rettsrundar for \u00e5 unng\u00e5 \u00e5 bli sendt tilbake til Iran.<\/p>\n<p>\u2013 Eg er redd og bekymra, seier han til NRK fredag.<\/p>\n<p>V\u00e5rt Land var f\u00f8rst ute med \u00e5 <a href=\"https:\/\/www.vl.no\/nyheter\/politiet-hentet-ham-midt-pa-natten\/10117750\" ec-id=\"https:\/\/www.vl.no\/nyheter\/politiet-hentet-ham-midt-pa-natten\/10117750\" ec-name=\"omtale\" rel=\"nofollow noopener\" target=\"_blank\">omtale<\/a> at Heydari var henta fr\u00e5 asylmottaket og frakta til Trandum.<\/p>\n<p><img decoding=\"async\"   src=\"data:image\/gif;base64,R0lGODlhAQABAIAAAAAAAP\/\/\/yH5BAEAAAAALAAAAAABAAEAAAIBRAA7\" loading=\"eager\" alt=\"Den iranske konvertitten Vesam Heydari. \" title=\"Foto: Olav R\u00f8li\"\/><\/p>\n<p class=\"\">Vesam Heydari har mange st\u00f8ttespelarar i Noreg som har engasjert seg for at han skal f\u00e5 bli verande. Dette biletet er fr\u00e5 2023.<\/p>\n<p>Foto: Olav R\u00f8li<\/p>\n<p>Vesam Heydari sin kamp i rettssystemet<\/p>\n<p>F\u00e5r st\u00f8tte<\/p>\n<p>Saka hans har f\u00e5tt stor merksemd, mange st\u00f8ttespelarar i Noreg har teke til orde for at han skal f\u00e5 bli.<\/p>\n<p>Han vart <a href=\"https:\/\/www.nrk.no\/vestland\/iransk-konvertitt-vesam-heydari-vart-send-ut-av-noreg-_-sa-ombestemte-tingretten-seg-1.17339601\" ec-id=\"pp:article:1.17339601\" ec-name=\"nesten transportert\" rel=\"nofollow noopener\" target=\"_blank\">nesten transportert<\/a> til Iran i mars i \u00e5r, men d\u00e5 han mellomlanda i Istanbul fekk han kontrabeskjed og blei frakta tilbake til Noreg for den siste rettsrunden.<\/p>\n<p><a href=\"https:\/\/www.nrk.no\/vestland\/kristne-vesam-heydari-far-ikkje-beskyttelse-i-noreg-1.17431300\" ec-id=\"pp:article:1.17431300\" ec-name=\"I mai\" rel=\"nofollow noopener\" target=\"_blank\">I mai<\/a> avgjorde tingretten at han ikkje f\u00e5r vern i Noreg.<\/p>\n<p><img decoding=\"async\"   src=\"data:image\/gif;base64,R0lGODlhAQABAIAAAAAAAP\/\/\/yH5BAEAAAAALAAAAAABAAEAAAIBRAA7\" loading=\"eager\" alt=\"Vesam Heydari\" title=\"Foto: Olav R\u00f8li \/ NRK\"\/><\/p>\n<p class=\"\">Vesam Heydari har vore gjennom sju rettsrundar og budd p\u00e5 10 asylmottak. Dette biletet er fr\u00e5 2023.<\/p>\n<p>Foto: Olav R\u00f8li \/ NRK<\/p>\n<p>Lang kamp i rettssystemet<\/p>\n<p>NRK har tidlegare skrive om Heydari sin kamp i rettssystemet. D\u00e5 hevda han at han ville blitt utsett for forf\u00f8lging dersom han vart send tilbake til Iran.<\/p>\n<p>Det meiner han framleis.<\/p>\n<p>I eit kort intervju med NRK seier han at han er bekymra for f\u00f8lgjene av \u00e5 bli sendt tilbake.<\/p>\n<p>\u2013 Fordi eg forl\u00e8t islam og konverterer til kristendom. I tillegg er eg aktiv i media og p\u00e5 sosiale medium.<\/p>\n<p>Heydari var muslim f\u00f8r han vart kristen, og sentrale sp\u00f8rsm\u00e5l har vore om han er \u00abstrategisk konvertitt\u00bb, kor mykje han har \u00abeksponert\u00bb trua si, og kva som er risikoen ved retur til heimlandet Iran.<\/p>\n<p><img decoding=\"async\"   src=\"data:image\/gif;base64,R0lGODlhAQABAIAAAAAAAP\/\/\/yH5BAEAAAAALAAAAAABAAEAAAIBRAA7\" loading=\"eager\" alt=\"Den iranske konvertitten Vesam Heydari. \" title=\"Foto: Olav R\u00f8li \/ NRK\"\/><\/p>\n<p class=\"\">Vesam Heydari vart aktivt kristen i 2011, han har vore i Noreg sidan 2009. <\/p>\n<p>Foto: Olav R\u00f8li \/ NRK<\/p>\n<p>UNE: Meiner han ikkje er i fare<\/p>\n<p>S\u00e5 langt har 171 st\u00f8ttespelarar skrive under p\u00e5 ein appell til Utlendingsnemnda (UNE) om \u00e5 la han bli i Noreg.<\/p>\n<p>Men nemnda slo fast i eit brev datert torsdag 18. desember at han ikkje har rett til vern, trass i at han er kristen konvertitt. Dei peiker p\u00e5 at han ikkje har ei leiande rolle i kristen samanheng i Iran, og ikkje har vore i s\u00f8kelyset til styresmaktene tidlegare.<\/p>\n<p>\u2013 Sj\u00f8lv om det er eit faktum at enkelte som har halde ein l\u00e5g profil og handla med<br \/>varsemd har blitt domfelt, skjer dette unntaksvis, skriv UNE i avslaget.<\/p>\n<p>St\u00f8ttespelar og ven, Thea Strand, er usamd i den tolkinga.<\/p>\n<p>\u2013 Vesam har vore s\u00e6rs aktiv som kristen her i Noreg,<br \/>b\u00e5de p\u00e5 sosiale medium, og ogs\u00e5 med gateevangelisering i Bergen og i Arna.<\/p>\n<p><img decoding=\"async\"   src=\"data:image\/gif;base64,R0lGODlhAQABAIAAAAAAAP\/\/\/yH5BAEAAAAALAAAAAABAAEAAAIBRAA7\" loading=\"eager\" alt=\"Nadin Askeland Humlen\" title=\"Foto: Privat\"\/><\/p>\n<p class=\"\">Nadin Askeland Humlen er advokat til Vesam Haydari, og seier han har f\u00e5tt eit siste avslag p\u00e5 omgjeringskravet fr\u00e5 Utlendingsnemnda.<\/p>\n<p>Foto: Privat<\/p>\n<p>Bekymra for liv og helse<\/p>\n<p>UNE skriv vidare at iranske styremakter f\u00f8rst og fremst er interesserte i personar med framst\u00e5ande og leiande roller. Alts\u00e5 personar som har evne til \u00e5 mobilisere inn mot kristne milj\u00f8 i Iran.<\/p>\n<p>\u2013 Klagaren har ikkje ein slik profil, st\u00e5r det i vedtaket.<\/p>\n<p>Til det svarar Strand:<\/p>\n<p>\u2013 Vesam vil bli sett p\u00e5 som ein trugsel mot den islamske staten, ettersom han vil vere ein aktiv, evangeliserande kristen i Iran.<\/p>\n<p>Ho er bekymra for Heydaris liv og helse.<\/p>\n<p>NRK har spurt Politiets utlendingseining om n\u00e5r uttransporten faktisk kjem til \u00e5 skje. Dei svarar at dei har tausheitsplikt og ikkje kommenterer enkeltsaker.<\/p>\n<p>Publisert<\/p>\n<p>20.12.2025, kl. 17.39<\/p>\n","protected":false},"excerpt":{"rendered":"Dette er saka: Vesam Heydari, ein kristen konvertitt fr\u00e5 Iran, skal deporterast fr\u00e5 Noreg etter fleire rettsrundar og&hellip;\n","protected":false},"author":2,"featured_media":118329,"comment_status":"","ping_status":"","sticky":false,"template":"","format":"standard","meta":{"footnotes":""},"categories":[10],"tags":[20,21,24,25,15,22,23,13,30,28,29,14,16,26,27],"class_list":{"0":"post-118328","1":"post","2":"type-post","3":"status-publish","4":"format-standard","5":"has-post-thumbnail","7":"category-norge","8":"tag-breaking-news","9":"tag-breakingnews","10":"tag-featured-news","11":"tag-featurednews","12":"tag-headlines","13":"tag-latest-news","14":"tag-latestnews","15":"tag-news","16":"tag-no","17":"tag-norge","18":"tag-norway","19":"tag-nyheter","20":"tag-overskrifter","21":"tag-top-stories","22":"tag-topstories"},"share_on_mastodon":{"url":"https:\/\/pubeurope.com\/@no\/115753074248072120","error":""},"_links":{"self":[{"href":"https:\/\/www.europesays.com\/no\/wp-json\/wp\/v2\/posts\/118328","targetHints":{"allow":["GET"]}}],"collection":[{"href":"https:\/\/www.europesays.com\/no\/wp-json\/wp\/v2\/posts"}],"about":[{"href":"https:\/\/www.europesays.com\/no\/wp-json\/wp\/v2\/types\/post"}],"author":[{"embeddable":true,"href":"https:\/\/www.europesays.com\/no\/wp-json\/wp\/v2\/users\/2"}],"replies":[{"embeddable":true,"href":"https:\/\/www.europesays.com\/no\/wp-json\/wp\/v2\/comments?post=118328"}],"version-history":[{"count":0,"href":"https:\/\/www.europesays.com\/no\/wp-json\/wp\/v2\/posts\/118328\/revisions"}],"wp:featuredmedia":[{"embeddable":true,"href":"https:\/\/www.europesays.com\/no\/wp-json\/wp\/v2\/media\/118329"}],"wp:attachment":[{"href":"https:\/\/www.europesays.com\/no\/wp-json\/wp\/v2\/media?parent=118328"}],"wp:term":[{"taxonomy":"category","embeddable":true,"href":"https:\/\/www.europesays.com\/no\/wp-json\/wp\/v2\/categories?post=118328"},{"taxonomy":"post_tag","embeddable":true,"href":"https:\/\/www.europesays.com\/no\/wp-json\/wp\/v2\/tags?post=118328"}],"curies":[{"name":"wp","href":"https:\/\/api.w.org\/{rel}","templated":true}]}}