{"id":118332,"date":"2025-12-20T17:34:10","date_gmt":"2025-12-20T17:34:10","guid":{"rendered":"https:\/\/www.europesays.com\/no\/118332\/"},"modified":"2025-12-20T17:34:10","modified_gmt":"2025-12-20T17:34:10","slug":"senja-brann-brann-pa-ibestad-apne-flammer","status":"publish","type":"post","link":"https:\/\/www.europesays.com\/no\/118332\/","title":{"rendered":"Senja, Brann | Brann p\u00e5 Ibestad: \u00c5pne flammer"},"content":{"rendered":"\n<p>N\u00f8detatene rykker ut etter melding om brann i bygning i Hamnvik i Ibestad l\u00f8rdag ettermiddag. <\/p>\n<p>Det er bekreftet at det er \u00e5pne flammer p\u00e5 stedet i tilknytning til inntakskabelen til bygningen. <\/p>\n<p>Brannmannskaper og en elektriker er p\u00e5 stedet, melder politiet 15.20. <\/p>\n<p>Elektrikeren har f\u00e5tt koblet fra kablene og brannen er slukket. Brannmannskaper vil unders\u00f8ke og forsikre seg om at det ikke er noen fare for oppblussing. <\/p>\n<p>Klokken 16.50 oppdaterte politiet meldingen. De opplyste at brannmannskaper har avklart og m\u00e5lt temperaturen p\u00e5 stedet og det er ikke fare for noe mer brann. Patruljen avh\u00f8rer en beboer og brannmannskaper som kom til stedet. Sak opprettes.<\/p>\n","protected":false},"excerpt":{"rendered":"N\u00f8detatene rykker ut etter melding om brann i bygning i Hamnvik i Ibestad l\u00f8rdag ettermiddag. Det er bekreftet&hellip;\n","protected":false},"author":2,"featured_media":2176,"comment_status":"","ping_status":"","sticky":false,"template":"","format":"standard","meta":{"footnotes":""},"categories":[10],"tags":[36,367,20,21,24,25,14204,15,22,23,13,30,28,29,14,16,3044,1510,26,27],"class_list":{"0":"post-118332","1":"post","2":"type-post","3":"status-publish","4":"format-standard","5":"has-post-thumbnail","7":"category-norge","8":"tag-art","9":"tag-brann","10":"tag-breaking-news","11":"tag-breakingnews","12":"tag-featured-news","13":"tag-featurednews","14":"tag-hamnvik","15":"tag-headlines","16":"tag-latest-news","17":"tag-latestnews","18":"tag-news","19":"tag-no","20":"tag-norge","21":"tag-norway","22":"tag-nyheter","23":"tag-overskrifter","24":"tag-senja","25":"tag-story","26":"tag-top-stories","27":"tag-topstories"},"share_on_mastodon":{"url":"https:\/\/pubeurope.com\/@no\/115753101845539003","error":""},"_links":{"self":[{"href":"https:\/\/www.europesays.com\/no\/wp-json\/wp\/v2\/posts\/118332","targetHints":{"allow":["GET"]}}],"collection":[{"href":"https:\/\/www.europesays.com\/no\/wp-json\/wp\/v2\/posts"}],"about":[{"href":"https:\/\/www.europesays.com\/no\/wp-json\/wp\/v2\/types\/post"}],"author":[{"embeddable":true,"href":"https:\/\/www.europesays.com\/no\/wp-json\/wp\/v2\/users\/2"}],"replies":[{"embeddable":true,"href":"https:\/\/www.europesays.com\/no\/wp-json\/wp\/v2\/comments?post=118332"}],"version-history":[{"count":0,"href":"https:\/\/www.europesays.com\/no\/wp-json\/wp\/v2\/posts\/118332\/revisions"}],"wp:featuredmedia":[{"embeddable":true,"href":"https:\/\/www.europesays.com\/no\/wp-json\/wp\/v2\/media\/2176"}],"wp:attachment":[{"href":"https:\/\/www.europesays.com\/no\/wp-json\/wp\/v2\/media?parent=118332"}],"wp:term":[{"taxonomy":"category","embeddable":true,"href":"https:\/\/www.europesays.com\/no\/wp-json\/wp\/v2\/categories?post=118332"},{"taxonomy":"post_tag","embeddable":true,"href":"https:\/\/www.europesays.com\/no\/wp-json\/wp\/v2\/tags?post=118332"}],"curies":[{"name":"wp","href":"https:\/\/api.w.org\/{rel}","templated":true}]}}