{"id":118333,"date":"2025-12-20T17:35:08","date_gmt":"2025-12-20T17:35:08","guid":{"rendered":"https:\/\/www.europesays.com\/no\/118333\/"},"modified":"2025-12-20T17:35:08","modified_gmt":"2025-12-20T17:35:08","slug":"brann-i-bolig-pa-fetsund-i-lillestrom-stor-oslo","status":"publish","type":"post","link":"https:\/\/www.europesays.com\/no\/118333\/","title":{"rendered":"Brann i bolig p\u00e5 Fetsund i Lillestr\u00f8m \u2013 Stor-Oslo"},"content":{"rendered":"<p>\u2013 Brannen utartet seg veldig fort, nesten eksplosjonsaktig, sier innsatsleder Ivar Myrb\u00f8 i \u00d8st politidistrikt <a href=\"https:\/\/www.rb.no\/melding-om-brann-i-bygning\/s\/5-43-2639872\" ec-id=\"https:\/\/www.rb.no\/melding-om-brann-i-bygning\/s\/5-43-2639872\" ec-name=\"til Romerikes Blad (RB)\" rel=\"nofollow noopener\" target=\"_blank\">til Romerikes Blad (RB)<\/a>.<\/p>\n<p>I 16.50-tida meldte politiet om \u00e5pne flammer fra taket og at boligen er i full fyr. En dr\u00f8y time senere var brannen ikke slukka.<\/p>\n<p>18.10 ser NRKs fotograf p\u00e5 stedet at det kommer mye r\u00f8yk ut av bygningen.<\/p>\n<p><strong>Beboeren i eneboligen er forel\u00f8pig ikke gjort rede for, melder operasjonsleder Ronny Hellerud Samuelsen.<\/strong><\/p>\n<p>I 17-tida meldte politiet at det hadde v\u00e6rt en eksplosjon p\u00e5 stedet. Folk ble bedt om \u00e5 holde seg unna.<\/p>\n<p>Fetsund ligger i Lillestr\u00f8m kommune p\u00e5 Romerike.<\/p>\n<p>R\u00f8ykdykkere er i 18-tida p\u00e5 vei inn i boligen.<\/p>\n<p>Folk i omr\u00e5det b\u00f8r holde vinduer og luker i boligene sine lukka p\u00e5 grunn av mye r\u00f8yk, sier politiet.<\/p>\n<p>4 personer er evakuert fra en bolig n\u00e6r brannstedet, melder politiet.<\/p>\n<p><img decoding=\"async\"   src=\"data:image\/gif;base64,R0lGODlhAQABAIAAAAAAAP\/\/\/yH5BAEAAAAALAAAAAABAAEAAAIBRAA7\" loading=\"eager\" alt=\"Det er en brann i et omr\u00e5de med trehus og gatelykter, synlig bak en vei. R\u00f8yk stiger opp fra brannstedet, mens lyset fra flammene reflekteres i omgivelsene. I forgrunnen sees en bil med r\u00f8de baklys som st\u00e5r parkert. Det er m\u00f8rkt, men byen i bakgrunnen er opplyst av lys fra hus og gater. (Bildebeskrivelsen er laget av en KI-tjeneste)\" title=\"Foto: Tipser\"\/><\/p>\n<p class=\"\">Et bilde fra en tipser viser mye r\u00f8yk og kraftige flammer fra brannen.<\/p>\n<p>Foto: Tipser<\/p>\n<p>En beboer i omr\u00e5det som NRK snakker med sier det ligger mye r\u00f8yk over Fetsund sentrum.<\/p>\n<p>Like f\u00f8r 17.30 sier brannvesenet til Romerikes Blad (RB) at de fremdeles jobber med \u00e5 slukke brannen.<\/p>\n<p>Publisert<\/p>\n<p>20.12.2025, kl. 17.00<\/p>\n<p>Oppdatert<\/p>\n<p>20.12.2025, kl. 17.42<\/p>\n","protected":false},"excerpt":{"rendered":"\u2013 Brannen utartet seg veldig fort, nesten eksplosjonsaktig, sier innsatsleder Ivar Myrb\u00f8 i \u00d8st politidistrikt til Romerikes Blad&hellip;\n","protected":false},"author":2,"featured_media":118334,"comment_status":"","ping_status":"","sticky":false,"template":"","format":"standard","meta":{"footnotes":""},"categories":[5],"tags":[20,21,24,25,15,19,22,23,17,18,13,30,28,29,14,16,26,27],"class_list":{"0":"post-118333","1":"post","2":"type-post","3":"status-publish","4":"format-standard","5":"has-post-thumbnail","7":"category-overskrifter","8":"tag-breaking-news","9":"tag-breakingnews","10":"tag-featured-news","11":"tag-featurednews","12":"tag-headlines","13":"tag-hovedoppslag","14":"tag-latest-news","15":"tag-latestnews","16":"tag-main-news","17":"tag-mainnews","18":"tag-news","19":"tag-no","20":"tag-norge","21":"tag-norway","22":"tag-nyheter","23":"tag-overskrifter","24":"tag-top-stories","25":"tag-topstories"},"share_on_mastodon":{"url":"https:\/\/pubeurope.com\/@no\/115753105699612824","error":""},"_links":{"self":[{"href":"https:\/\/www.europesays.com\/no\/wp-json\/wp\/v2\/posts\/118333","targetHints":{"allow":["GET"]}}],"collection":[{"href":"https:\/\/www.europesays.com\/no\/wp-json\/wp\/v2\/posts"}],"about":[{"href":"https:\/\/www.europesays.com\/no\/wp-json\/wp\/v2\/types\/post"}],"author":[{"embeddable":true,"href":"https:\/\/www.europesays.com\/no\/wp-json\/wp\/v2\/users\/2"}],"replies":[{"embeddable":true,"href":"https:\/\/www.europesays.com\/no\/wp-json\/wp\/v2\/comments?post=118333"}],"version-history":[{"count":0,"href":"https:\/\/www.europesays.com\/no\/wp-json\/wp\/v2\/posts\/118333\/revisions"}],"wp:featuredmedia":[{"embeddable":true,"href":"https:\/\/www.europesays.com\/no\/wp-json\/wp\/v2\/media\/118334"}],"wp:attachment":[{"href":"https:\/\/www.europesays.com\/no\/wp-json\/wp\/v2\/media?parent=118333"}],"wp:term":[{"taxonomy":"category","embeddable":true,"href":"https:\/\/www.europesays.com\/no\/wp-json\/wp\/v2\/categories?post=118333"},{"taxonomy":"post_tag","embeddable":true,"href":"https:\/\/www.europesays.com\/no\/wp-json\/wp\/v2\/tags?post=118333"}],"curies":[{"name":"wp","href":"https:\/\/api.w.org\/{rel}","templated":true}]}}