{"id":118341,"date":"2025-12-20T17:48:12","date_gmt":"2025-12-20T17:48:12","guid":{"rendered":"https:\/\/www.europesays.com\/no\/118341\/"},"modified":"2025-12-20T17:48:12","modified_gmt":"2025-12-20T17:48:12","slug":"ikke-han-som-bestemmer","status":"publish","type":"post","link":"https:\/\/www.europesays.com\/no\/118341\/","title":{"rendered":"&#8211; Ikke han som bestemmer"},"content":{"rendered":"<p>  Ber folk holde avstand.<\/p>\n<p>\n    N\u00f8detater som jobber p\u00e5 stedet l\u00f8rdag. Foto: Marte Nyl\u00f8kken Helseth \/ Dagbladet\n  <\/p>\n<p>Det er meldt om \u00e5pne flammer fra en enebolig i Fetsund i Lillestr\u00f8m kommune l\u00f8rdag ettermiddag, melder \u00d8st politidistrikt i politiloggen.<\/p>\n<p>&#8211; Full fyr i enebolig, \u00e5pne flammer fra tak, skriver operasjonsleder Ronny Hellerud Samuelsen.<\/p>\n<p class=\"font-weight-bold m-font-weight-bold\" data-lab-font_weight=\"font-weight-bold\">&#8211; Det har v\u00e6rt en eksplosjon p\u00e5 stedet, folk bes holde avstand, skriver han.<\/p>\n<p class=\"font-weight-normal m-font-weight-normal\" data-lab-font_weight=\"font-weight-normal\">De evakuerer en bolig som ligger like ved, og ber \u00f8vrige naboer om \u00e5 lukke vinduer og d\u00f8rer for \u00e5 hindre at r\u00f8yk siger inn.<\/p>\n<p>        FETSUND: Det er meldt om \u00e5pne flammer fra en enebolig i Fetsund i Lillestr\u00f8m. Video \/ Reporter: Marte Nyl\u00f8kken Helseth<\/p>\n<p>Mye r\u00f8yk  <\/p>\n<p>Politiets innsatsleder p\u00e5 stedet, Ivar Myrb\u00f8, sier til Dagbladet at de fikk melding om brannen klokka 16.35.<\/p>\n<p>&#8211; Den utartet seg veldig fort, nesten eksplosjonsaktig. Det er full overtenning i boligen n\u00e5. Den er totalskadd, sier han.<\/p>\n<p>Myrb\u00f8 legger til at det ikke er fare for spredning til andre boliger i 18-tida.<\/p>\n<p>        <img loading=\"lazy\" decoding=\"async\" src=\"https:\/\/www.europesays.com\/no\/wp-content\/uploads\/2025\/12\/84014793.webp\" width=\"667\" height=\"381\" title=\"Foto: Politiet\" alt=\"\" class=\"\" style=\"--aspect-ratio-image: 1.75; \"\/><\/p>\n<p>\n        Foto: Politiet\n    <\/p>\n<p>Hege Gr\u00f8nner\u00f8e bor i samme gate som brannen. Hun forteller om \u00e5pne flammer og mye r\u00f8yk i omr\u00e5det.<\/p>\n<p>&#8211; Det ser ut som et stort sankthansb\u00e5l. Det vil nok ikke v\u00e6re noe igjen av huset, sier hun til Dagbladet.<\/p>\n<p>Gr\u00f8nner\u00f8e h\u00f8rte ikke noen smell i forkant av brannen.<\/p>\n<p>Person ikke gjort rede for  <\/p>\n<p>Det er ukjent om \u00e9n eller flere personer er inne i boligen det brenner i.<\/p>\n<p class=\"font-weight-bold m-font-weight-bold\" data-lab-font_weight=\"font-weight-bold\">&#8211; \u00c9n person er registrert p\u00e5 adressen, men ikke gjort rede for, skriver Samuelsen.<\/p>\n<p>N\u00f8detatene jobber p\u00e5 stedet.<\/p>\n","protected":false},"excerpt":{"rendered":"Ber folk holde avstand. N\u00f8detater som jobber p\u00e5 stedet l\u00f8rdag. Foto: Marte Nyl\u00f8kken Helseth \/ Dagbladet Det er&hellip;\n","protected":false},"author":2,"featured_media":118342,"comment_status":"","ping_status":"","sticky":false,"template":"","format":"standard","meta":{"footnotes":""},"categories":[12],"tags":[20,21,24,25,15,22,23,13,30,28,29,14,16,26,27,412,42,43,44,45],"class_list":{"0":"post-118341","1":"post","2":"type-post","3":"status-publish","4":"format-standard","5":"has-post-thumbnail","7":"category-verden","8":"tag-breaking-news","9":"tag-breakingnews","10":"tag-featured-news","11":"tag-featurednews","12":"tag-headlines","13":"tag-latest-news","14":"tag-latestnews","15":"tag-news","16":"tag-no","17":"tag-norge","18":"tag-norway","19":"tag-nyheter","20":"tag-overskrifter","21":"tag-top-stories","22":"tag-topstories","23":"tag-utenriks","24":"tag-verden","25":"tag-world","26":"tag-world-news","27":"tag-worldnews"},"share_on_mastodon":{"url":"https:\/\/pubeurope.com\/@no\/115753157172585324","error":""},"_links":{"self":[{"href":"https:\/\/www.europesays.com\/no\/wp-json\/wp\/v2\/posts\/118341","targetHints":{"allow":["GET"]}}],"collection":[{"href":"https:\/\/www.europesays.com\/no\/wp-json\/wp\/v2\/posts"}],"about":[{"href":"https:\/\/www.europesays.com\/no\/wp-json\/wp\/v2\/types\/post"}],"author":[{"embeddable":true,"href":"https:\/\/www.europesays.com\/no\/wp-json\/wp\/v2\/users\/2"}],"replies":[{"embeddable":true,"href":"https:\/\/www.europesays.com\/no\/wp-json\/wp\/v2\/comments?post=118341"}],"version-history":[{"count":0,"href":"https:\/\/www.europesays.com\/no\/wp-json\/wp\/v2\/posts\/118341\/revisions"}],"wp:featuredmedia":[{"embeddable":true,"href":"https:\/\/www.europesays.com\/no\/wp-json\/wp\/v2\/media\/118342"}],"wp:attachment":[{"href":"https:\/\/www.europesays.com\/no\/wp-json\/wp\/v2\/media?parent=118341"}],"wp:term":[{"taxonomy":"category","embeddable":true,"href":"https:\/\/www.europesays.com\/no\/wp-json\/wp\/v2\/categories?post=118341"},{"taxonomy":"post_tag","embeddable":true,"href":"https:\/\/www.europesays.com\/no\/wp-json\/wp\/v2\/tags?post=118341"}],"curies":[{"name":"wp","href":"https:\/\/api.w.org\/{rel}","templated":true}]}}