{"id":118349,"date":"2025-12-20T17:59:29","date_gmt":"2025-12-20T17:59:29","guid":{"rendered":"https:\/\/www.europesays.com\/no\/118349\/"},"modified":"2025-12-20T17:59:29","modified_gmt":"2025-12-20T17:59:29","slug":"lagkamerat-avslorer-salah-ba-om-unnskyldning-etter-utbruddet","status":"publish","type":"post","link":"https:\/\/www.europesays.com\/no\/118349\/","title":{"rendered":"Lagkamerat avsl\u00f8rer: Salah ba om unnskyldning etter utbruddet"},"content":{"rendered":"<p> Midtbaneprofilen Jones uttaler seg om br\u00e5ket som oppsto i et intervju med <a href=\"https:\/\/www.skysports.com\/football\/news\/12040\/13485613\/mo-salah-apologised-to-liverpool-squad-after-explosive-interview-reveals-midfielder-curtis-jones\" rel=\"noopener nofollow\" target=\"_blank\">Sky Sports<\/a>. Salah overrasket mange da han etter kampen mot Leeds 6. desember gikk hardt ut mot Liverpool og trener Arne Slot.<\/p>\n<p>Egypteren var sv\u00e6rt kritisk til benketilv\u00e6relsen og mente klubben brukte ham som syndebukk for den tr\u00f8blete sesong\u00e5pningen. Han beskrev ogs\u00e5 forholdet til Slot som ikke-eksisterende. I etterkant ble han vraket fra en mesterligakamp.<\/p>\n<p>Jones forteller i intervjuet at Salah har beklaget overfor lagkameratene.<\/p>\n<p>\u2013 Mo er sin egen herre og kan si hva han vil. Han snakket foran spillerne og ba om unnskyldning hvis noe han sa hadde p\u00e5virket oss. Det er en typen person han er, sier Jones.<\/p>\n<p>\u2013 Jeg forst\u00e5r at det er visse m\u00e5ter man kan g\u00e5 fram p\u00e5 i visse situasjoner, men hvis en spiller er forn\u00f8yd med bare \u00e5 sitte p\u00e5 benken og ikke vil spille og hjelpe laget, s\u00e5 mener jeg at det er et st\u00f8rre problem, legger han til.<\/p>\n<p>Salah var tilbake i troppen i kampen mot Brighton sist helg. Der bidro han med en m\u00e5lgivende pasning f\u00f8r han i etterkant reiste til afrikamesterskapet med Egypt.<\/p>\n","protected":false},"excerpt":{"rendered":"Midtbaneprofilen Jones uttaler seg om br\u00e5ket som oppsto i et intervju med Sky Sports. Salah overrasket mange da&hellip;\n","protected":false},"author":2,"featured_media":118350,"comment_status":"","ping_status":"","sticky":false,"template":"","format":"standard","meta":{"footnotes":""},"categories":[59],"tags":[967,30,28,29,83,82],"class_list":{"0":"post-118349","1":"post","2":"type-post","3":"status-publish","4":"format-standard","5":"has-post-thumbnail","7":"category-sport","8":"tag-artikler-fra-ntb","9":"tag-no","10":"tag-norge","11":"tag-norway","12":"tag-sport","13":"tag-sports"},"share_on_mastodon":{"url":"https:\/\/pubeurope.com\/@no\/115753200107651782","error":""},"_links":{"self":[{"href":"https:\/\/www.europesays.com\/no\/wp-json\/wp\/v2\/posts\/118349","targetHints":{"allow":["GET"]}}],"collection":[{"href":"https:\/\/www.europesays.com\/no\/wp-json\/wp\/v2\/posts"}],"about":[{"href":"https:\/\/www.europesays.com\/no\/wp-json\/wp\/v2\/types\/post"}],"author":[{"embeddable":true,"href":"https:\/\/www.europesays.com\/no\/wp-json\/wp\/v2\/users\/2"}],"replies":[{"embeddable":true,"href":"https:\/\/www.europesays.com\/no\/wp-json\/wp\/v2\/comments?post=118349"}],"version-history":[{"count":0,"href":"https:\/\/www.europesays.com\/no\/wp-json\/wp\/v2\/posts\/118349\/revisions"}],"wp:featuredmedia":[{"embeddable":true,"href":"https:\/\/www.europesays.com\/no\/wp-json\/wp\/v2\/media\/118350"}],"wp:attachment":[{"href":"https:\/\/www.europesays.com\/no\/wp-json\/wp\/v2\/media?parent=118349"}],"wp:term":[{"taxonomy":"category","embeddable":true,"href":"https:\/\/www.europesays.com\/no\/wp-json\/wp\/v2\/categories?post=118349"},{"taxonomy":"post_tag","embeddable":true,"href":"https:\/\/www.europesays.com\/no\/wp-json\/wp\/v2\/tags?post=118349"}],"curies":[{"name":"wp","href":"https:\/\/api.w.org\/{rel}","templated":true}]}}