{"id":118357,"date":"2025-12-20T18:13:12","date_gmt":"2025-12-20T18:13:12","guid":{"rendered":"https:\/\/www.europesays.com\/no\/118357\/"},"modified":"2025-12-20T18:13:12","modified_gmt":"2025-12-20T18:13:12","slug":"usa-onsker-direktesamtaler-mellom-ukraina-og-russland","status":"publish","type":"post","link":"https:\/\/www.europesays.com\/no\/118357\/","title":{"rendered":"USA \u00f8nsker direktesamtaler mellom Ukraina og Russland"},"content":{"rendered":"\n<p class=\"_lead_o9xde_2 _lead_xtcu6_50 layout-component text-serif-m layout-normal text-serif-l layout-component layout-wide layout-padded _wide_17hqh_1 layout-padded\">Washington \u00f8nsker at Kyiv og Moskva skal snakke direkte med hverandre for f\u00f8rste gang p\u00e5 et halvt \u00e5r, opplyser Ukrainas president Volodymyr Zelenskyj.<\/p>\n<p><img alt=\"Ukrainas president Volodymyr Zelenskyj sier at USA \u00f8nsker at Ukraina og Russland skal ha direkte samtaler seg imellom om \u00e5 avslutte krigen. .  Foto: Javad Parsa \/ NTB\" class=\"_image_qp4xg_65 layout-component layout-wide\" data-fullscreen- data-track-element-type=\"Article image fullscreen\" data-track-name=\"ImageFullscreen\" fetchpriority=\"high\" decoding=\"sync\" loading=\"eager\" height=\"5760\" itemprop=\"image\"  src=\"https:\/\/www.europesays.com\/no\/wp-content\/uploads\/2025\/12\/5602406d-94de-4e84-a847-659099faa9a6\"  style=\"object-position:0% 0%\" width=\"8640\"\/>Ukrainas president Volodymyr Zelenskyj sier at USA \u00f8nsker at Ukraina og Russland skal ha direkte samtaler seg imellom om \u00e5 avslutte krigen. .  Foto: Javad Parsa \/ NTB<\/p>\n<ul aria-hidden=\"true\" class=\"_images_ntbth_112\">\n<li><a class=\"_link_ntbth_117\" href=\"https:\/\/www.vg.no\/forfatter\/ntb\" style=\"z-index:1\" title=\"NTB\" rel=\"nofollow noopener\" target=\"_blank\"><img alt=\"Bilde av NTB\" class=\"_image_ntbth_93\" fetchpriority=\"low\" loading=\"lazy\" decoding=\"async\" itemprop=\"image\"  src=\"https:\/\/www.europesays.com\/no\/wp-content\/uploads\/2025\/12\/1766254392_983_c33980b0-5d07-4027-84a1-813f90a7c8d6\"  width=\"480\"\/><\/a><\/li>\n<\/ul>\n<p> Oppdatert l\u00f8rdag 20. desember kl. 18:26     <\/p>\n<p class=\"_paragraph_o9xde_4 _paragraph_xtcu6_10 layout-component text-serif-m layout-normal text-serif-m layout-padded\">Kommentaren kommer samtidig som diplomater samles i den amerikanske delstaten Florida for nye samtaler om \u00e5 avslutte den russiske angrepskrigen. <\/p>\n<p class=\"_paragraph_o9xde_4 _paragraph_xtcu6_10 layout-component text-serif-m layout-normal text-serif-m layout-padded\">Tidligere p\u00e5 l\u00f8rdag skrev Moskvas forhandler Kirill Dmitrijev p\u00e5 X at han var \u00abp\u00e5 vei til Miami\u00bb.<\/p>\n<p class=\"_paragraph_o9xde_4 _paragraph_xtcu6_10 layout-component text-serif-m layout-normal text-serif-m layout-padded\">\u2013 De (USA) har, s\u00e5 vidt jeg forst\u00e5r, foresl\u00e5tt f\u00f8lgende format: Ukraina, USA, Russland, sier Zelenskyj, og legger til at ogs\u00e5 europeerne kan komme til \u00e5 delta. Et slikt m\u00f8te vil i s\u00e5 fall foreg\u00e5 p\u00e5 embetsmannsniv\u00e5.<\/p>\n<p>Ikke konkrete fremskritt<\/p>\n<p class=\"_paragraph_o9xde_4 _paragraph_xtcu6_10 layout-component text-serif-m layout-normal text-serif-m layout-padded\">Siste gang ukrainske og russiske representanter snakket direkte med hverandre, var i Istanbul i Tyrkia i juli, noe som utover fangebytte ikke f\u00f8rte til noen konkrete fremskritt.<\/p>\n<p class=\"_paragraph_o9xde_4 _paragraph_xtcu6_10 layout-component text-serif-m layout-normal text-serif-m layout-padded\">Zelenskyj sier imidlertid til lokale journalister i Kyiv at Ukraina vil st\u00f8tte et amerikansk forslag om tresidige samtaler med USA og Russland dersom det legger til rette for flere fangebytter og baner vei for m\u00f8ter mellom nasjonale ledere.<\/p>\n<p class=\"_paragraph_o9xde_4 _paragraph_xtcu6_10 layout-component text-serif-m layout-normal text-serif-m layout-padded\">Han sa ogs\u00e5 at det kun er USA som kan overtale Russland til \u00e5 avslutte krigen i Ukraina.<\/p>\n<p>Harde angrep<\/p>\n<p class=\"_paragraph_o9xde_4 _paragraph_xtcu6_10 layout-component text-serif-m layout-normal text-serif-m layout-padded\">Zelenskyj sier ogs\u00e5 at Russland n\u00e5 fors\u00f8ker \u00e5 kutte Ukrainas tilgang til Svartehavet etter dager med opptrappede luftangrep mot havner og energianlegg i Odesa-regionen.<\/p>\n<p class=\"_paragraph_o9xde_4 _paragraph_xtcu6_10 layout-component text-serif-m layout-normal text-serif-m layout-padded\">Angrepene har eskalert samtidig som det har foreg\u00e5tt samtaler i Florida i USA for \u00e5 finne fram til l\u00f8sninger for \u00e5 avslutte krigen.<\/p>\n<p class=\"_paragraph_o9xde_4 _paragraph_xtcu6_10 layout-component text-serif-m layout-normal text-serif-m layout-padded\">Russlands angrep p\u00e5 Pivdennyi havn l\u00f8rdag traff reservoarer, skriver Ukrainas visestatsminister Oleksij Kuleba p\u00e5 meldingsappen Telegram, dagen etter at et missilangrep p\u00e5 havnen drepte \u00e5tte mennesker og skadet minst 30.<\/p>\n<p class=\"_paragraph_o9xde_4 _paragraph_xtcu6_10 layout-component text-serif-m layout-normal text-serif-m layout-padded\">Siden torsdag har russiske styrker truffet en bro over Dnjestr-elven n\u00e6r landsbyen Mayaky minst fem ganger. Broen er hovedtransportveien vestover til grenseovergangene med Moldova, og over den fraktes rundt 40 prosent av drivstofforsyningene til Ukraina.<\/p>\n<p>Bestemmer selv valgformat<\/p>\n<p class=\"_paragraph_o9xde_4 _paragraph_xtcu6_10 layout-component text-serif-m layout-normal text-serif-m layout-padded\">Zelenskyj reagerte tidligere l\u00f8rdag ogs\u00e5 p\u00e5 en uttalelse fra Russlands president Vladimir Putin, der Putin foreslo \u00e5 stanse angrepene for at Kyiv skulle kunne avholde presidentvalg.<\/p>\n<p class=\"_paragraph_o9xde_4 _paragraph_xtcu6_10 layout-component text-serif-m layout-normal text-serif-m layout-padded\">\u2013 Det er ikke Putin som bestemmer n\u00e5r og i hvilket format valgene i Ukraina skal finne sted, sa Zelenskyj, som ogs\u00e5 avviste valg i territorier okkupert av Russland.<\/p>\n<p class=\"_paragraph_o9xde_4 _paragraph_xtcu6_10 layout-component text-serif-m layout-normal text-serif-m layout-padded\">Fredag m\u00f8ttes utsendinger fra Ukraina, USA og Europa i Florida. Dette m\u00f8tet ble avsluttet senere samme dag, en dag f\u00f8r planlagt.<\/p>\n","protected":false},"excerpt":{"rendered":"Washington \u00f8nsker at Kyiv og Moskva skal snakke direkte med hverandre for f\u00f8rste gang p\u00e5 et halvt \u00e5r,&hellip;\n","protected":false},"author":2,"featured_media":118358,"comment_status":"","ping_status":"","sticky":false,"template":"","format":"standard","meta":{"footnotes":""},"categories":[5],"tags":[20,21,24,25,15,19,22,23,17,18,13,30,28,29,14,16,188,26,27,489,50,488],"class_list":{"0":"post-118357","1":"post","2":"type-post","3":"status-publish","4":"format-standard","5":"has-post-thumbnail","7":"category-overskrifter","8":"tag-breaking-news","9":"tag-breakingnews","10":"tag-featured-news","11":"tag-featurednews","12":"tag-headlines","13":"tag-hovedoppslag","14":"tag-latest-news","15":"tag-latestnews","16":"tag-main-news","17":"tag-mainnews","18":"tag-news","19":"tag-no","20":"tag-norge","21":"tag-norway","22":"tag-nyheter","23":"tag-overskrifter","24":"tag-russland","25":"tag-top-stories","26":"tag-topstories","27":"tag-ukraina","28":"tag-usa","29":"tag-volodymyr-zelenskyj"},"share_on_mastodon":{"url":"https:\/\/pubeurope.com\/@no\/115753255485122082","error":""},"_links":{"self":[{"href":"https:\/\/www.europesays.com\/no\/wp-json\/wp\/v2\/posts\/118357","targetHints":{"allow":["GET"]}}],"collection":[{"href":"https:\/\/www.europesays.com\/no\/wp-json\/wp\/v2\/posts"}],"about":[{"href":"https:\/\/www.europesays.com\/no\/wp-json\/wp\/v2\/types\/post"}],"author":[{"embeddable":true,"href":"https:\/\/www.europesays.com\/no\/wp-json\/wp\/v2\/users\/2"}],"replies":[{"embeddable":true,"href":"https:\/\/www.europesays.com\/no\/wp-json\/wp\/v2\/comments?post=118357"}],"version-history":[{"count":0,"href":"https:\/\/www.europesays.com\/no\/wp-json\/wp\/v2\/posts\/118357\/revisions"}],"wp:featuredmedia":[{"embeddable":true,"href":"https:\/\/www.europesays.com\/no\/wp-json\/wp\/v2\/media\/118358"}],"wp:attachment":[{"href":"https:\/\/www.europesays.com\/no\/wp-json\/wp\/v2\/media?parent=118357"}],"wp:term":[{"taxonomy":"category","embeddable":true,"href":"https:\/\/www.europesays.com\/no\/wp-json\/wp\/v2\/categories?post=118357"},{"taxonomy":"post_tag","embeddable":true,"href":"https:\/\/www.europesays.com\/no\/wp-json\/wp\/v2\/tags?post=118357"}],"curies":[{"name":"wp","href":"https:\/\/api.w.org\/{rel}","templated":true}]}}