{"id":118361,"date":"2025-12-20T18:18:09","date_gmt":"2025-12-20T18:18:09","guid":{"rendered":"https:\/\/www.europesays.com\/no\/118361\/"},"modified":"2025-12-20T18:18:09","modified_gmt":"2025-12-20T18:18:09","slug":"har-aksjonert-mot-nytt-skip","status":"publish","type":"post","link":"https:\/\/www.europesays.com\/no\/118361\/","title":{"rendered":"Har aksjonert mot nytt skip"},"content":{"rendered":"<p class=\"kicker \" style=\"\">Sverige:<\/p>\n<p>  Lasteskipet Adler, som skal tilh\u00f8re den russiske skyggefl\u00e5ten, har kastet anker ved H\u00f6gan\u00e4s nord for Helsingborg. &#8211; Uvanlig, sier myndighetene.<\/p>\n<p>\n    SANKSJONERT: Det sanksjonerte russiske skipet Adler opplyser selv at de har f\u00e5tt motorhavari. Foto: war-sanctions.gur.gov.ua \/ ukrainske myndigheter\n  <\/p>\n<p><a href=\"https:\/\/www.sydsvenskan.se\/skane\/ryskt-fartyg-med-sanktioner-har-ankrat-utanfor-hoganas\/\" rel=\"nofollow noopener\" target=\"_blank\">He<\/a><a href=\"https:\/\/www.sydsvenskan.se\/skane\/ryskt-fartyg-med-sanktioner-har-ankrat-utanfor-hoganas\/\" target=\"_blank\" rel=\"nofollow noopener\">lsingborgs Dagblad\u00a0<\/a>skriver at skipet skal tilh\u00f8re den russiske skyggefl\u00e5ten. Det skal tidligere ha fraktet\u00a0nordkoreansk ammunisjon til Russland og missiler til Kina, og er <a href=\"https:\/\/war-sanctions.gur.gov.ua\/en\/transport\/ships\/1\" rel=\"nofollow noopener\" target=\"_blank\">sanksjonert<\/a>.<\/p>\n<p>&#8211; Vi har underrettet alle myndigheter, sier Marco Svensson, sjef ved Sj\u00f6fartsverkets overv\u00e5kingssentral, til avisen.\u00a0<\/p>\n<p class=\"font-weight-bold m-font-weight-bold\" data-lab-font_weight=\"font-weight-bold\">Han legger til at det er uvanlig at et sanksjonert skip har ankret opp s\u00e5 n\u00e6r den svenske kysten.<\/p>\n<p>    <a itemprop=\"url\" href=\"https:\/\/www.dagbladet.no\/nyheter\/ikke-han-som-bestemmer\/84014528\" rel=\"nofollow noopener\" target=\"_blank\"><\/p>\n<p>        <img loading=\"lazy\" decoding=\"async\" src=\"https:\/\/www.europesays.com\/no\/wp-content\/uploads\/2025\/12\/83999267.webp\" width=\"980\" height=\"441\" title=\"- Ikke han som bestemmer\" alt=\"\" class=\"lazyload\" style=\"--aspect-ratio-image: 2.22; \"\/><\/p>\n<p>        &#8211; Ikke han som bestemmer<\/p>\n<p>    <\/a><\/p>\n<p>Fart\u00f8yet oppgir selv at de har maskinproblemer. Det forlot den russiske havnen Bronka utenfor St. Petersburg for fire dager siden, if\u00f8lge AIS-data.\u00a0<\/p>\n<p>Hvor fart\u00f8yet er p\u00e5 vei, er ikke kjent.<\/p>\n<p>Offisielt er det russiskflaggede skipet et vanlig fraktfart\u00f8y. Men den internasjonale sanksjonsdatabasen OpenSanctions opplyser at fart\u00f8yet eies av selskapet M Leasing LLC.\u00a0<\/p>\n<p>Dette st\u00e5r p\u00e5 sanksjonslister i b\u00e5de USA og EU.<\/p>\n","protected":false},"excerpt":{"rendered":"Sverige: Lasteskipet Adler, som skal tilh\u00f8re den russiske skyggefl\u00e5ten, har kastet anker ved H\u00f6gan\u00e4s nord for Helsingborg. &#8211;&hellip;\n","protected":false},"author":2,"featured_media":118362,"comment_status":"","ping_status":"","sticky":false,"template":"","format":"standard","meta":{"footnotes":""},"categories":[12],"tags":[20,21,24,25,15,22,23,13,30,28,29,14,16,26,27,412,42,43,44,45],"class_list":{"0":"post-118361","1":"post","2":"type-post","3":"status-publish","4":"format-standard","5":"has-post-thumbnail","7":"category-verden","8":"tag-breaking-news","9":"tag-breakingnews","10":"tag-featured-news","11":"tag-featurednews","12":"tag-headlines","13":"tag-latest-news","14":"tag-latestnews","15":"tag-news","16":"tag-no","17":"tag-norge","18":"tag-norway","19":"tag-nyheter","20":"tag-overskrifter","21":"tag-top-stories","22":"tag-topstories","23":"tag-utenriks","24":"tag-verden","25":"tag-world","26":"tag-world-news","27":"tag-worldnews"},"share_on_mastodon":{"url":"https:\/\/pubeurope.com\/@no\/115753275053445823","error":""},"_links":{"self":[{"href":"https:\/\/www.europesays.com\/no\/wp-json\/wp\/v2\/posts\/118361","targetHints":{"allow":["GET"]}}],"collection":[{"href":"https:\/\/www.europesays.com\/no\/wp-json\/wp\/v2\/posts"}],"about":[{"href":"https:\/\/www.europesays.com\/no\/wp-json\/wp\/v2\/types\/post"}],"author":[{"embeddable":true,"href":"https:\/\/www.europesays.com\/no\/wp-json\/wp\/v2\/users\/2"}],"replies":[{"embeddable":true,"href":"https:\/\/www.europesays.com\/no\/wp-json\/wp\/v2\/comments?post=118361"}],"version-history":[{"count":0,"href":"https:\/\/www.europesays.com\/no\/wp-json\/wp\/v2\/posts\/118361\/revisions"}],"wp:featuredmedia":[{"embeddable":true,"href":"https:\/\/www.europesays.com\/no\/wp-json\/wp\/v2\/media\/118362"}],"wp:attachment":[{"href":"https:\/\/www.europesays.com\/no\/wp-json\/wp\/v2\/media?parent=118361"}],"wp:term":[{"taxonomy":"category","embeddable":true,"href":"https:\/\/www.europesays.com\/no\/wp-json\/wp\/v2\/categories?post=118361"},{"taxonomy":"post_tag","embeddable":true,"href":"https:\/\/www.europesays.com\/no\/wp-json\/wp\/v2\/tags?post=118361"}],"curies":[{"name":"wp","href":"https:\/\/api.w.org\/{rel}","templated":true}]}}