{"id":118363,"date":"2025-12-20T18:19:14","date_gmt":"2025-12-20T18:19:14","guid":{"rendered":"https:\/\/www.europesays.com\/no\/118363\/"},"modified":"2025-12-20T18:19:14","modified_gmt":"2025-12-20T18:19:14","slug":"fetsund-apne-flammer-fra-enebolig","status":"publish","type":"post","link":"https:\/\/www.europesays.com\/no\/118363\/","title":{"rendered":"Fetsund: \u00c5pne flammer fra enebolig"},"content":{"rendered":"<p>  Ber folk holde avstand.<\/p>\n<p>\n    N\u00f8detater som jobber p\u00e5 stedet l\u00f8rdag. Foto: Marte Nyl\u00f8kken Helseth \/ Dagbladet\n  <\/p>\n<p>Det er meldt om \u00e5pne flammer fra en enebolig i Fetsund i Lillestr\u00f8m kommune l\u00f8rdag ettermiddag, melder \u00d8st politidistrikt i politiloggen.<\/p>\n<p>&#8211; Full fyr i enebolig, \u00e5pne flammer fra tak, skriver operasjonsleder Ronny Hellerud Samuelsen.<\/p>\n<p class=\"font-weight-bold m-font-weight-bold\" data-lab-font_weight=\"font-weight-bold\">&#8211; Det har v\u00e6rt en eksplosjon p\u00e5 stedet, folk bes holde avstand, skriver han.<\/p>\n<p class=\"font-weight-normal m-font-weight-normal\" data-lab-font_weight=\"font-weight-normal\">De evakuerer en bolig som ligger like ved, og ber \u00f8vrige naboer om \u00e5 lukke vinduer og d\u00f8rer for \u00e5 hindre at r\u00f8yk siger inn.<\/p>\n<p>        FETSUND: Det er meldt om \u00e5pne flammer fra en enebolig i Fetsund i Lillestr\u00f8m. Video \/ Reporter: Marte Nyl\u00f8kken Helseth<\/p>\n<p>&#8211; Utartet seg fort\t<\/p>\n<p>Politiets innsatsleder p\u00e5 stedet, Ivar Myrb\u00f8, sier til Dagbladet at de fikk melding om brannen klokka 16.35.<\/p>\n<p>&#8211; Den utartet seg veldig fort, nesten eksplosjonsaktig. Det er full overtenning i boligen n\u00e5. Den er totalskadd, sier han.<\/p>\n<p>Myrb\u00f8 legger til at det ikke er fare for spredning til andre boliger i 18-tida. I 19-tida er brannvesenet i gang med etterslukking.<\/p>\n<p>        <img loading=\"lazy\" decoding=\"async\" src=\"https:\/\/www.europesays.com\/no\/wp-content\/uploads\/2025\/12\/1766254754_816_84014793.webp\" width=\"667\" height=\"381\" title=\"Foto: Politiet\" alt=\"\" class=\"\" style=\"--aspect-ratio-image: 1.75; \"\/><\/p>\n<p>\n        Foto: Politiet\n    <\/p>\n<p>Mye r\u00f8yk\t<\/p>\n<p>Hege Gr\u00f8nner\u00f8e bor i samme gate som brannen. Hun fortalte i 18-tida om \u00e5pne flammer og mye r\u00f8yk i omr\u00e5det.<\/p>\n<p>&#8211; Det ser ut som et stort sankthansb\u00e5l. Det vil nok ikke v\u00e6re noe igjen av huset, sa hun til Dagbladet.<\/p>\n<p>Gr\u00f8nner\u00f8e h\u00f8rte ikke noen smell i forkant av brannen.<\/p>\n<p>\u00c9n person var registrert p\u00e5 adressen, og f\u00f8rst ikke gjort rede for. Seinere i kveld opplyser politiet at vedkommende er funnet omkommet.<\/p>\n","protected":false},"excerpt":{"rendered":"Ber folk holde avstand. N\u00f8detater som jobber p\u00e5 stedet l\u00f8rdag. Foto: Marte Nyl\u00f8kken Helseth \/ Dagbladet Det er&hellip;\n","protected":false},"author":2,"featured_media":118364,"comment_status":"","ping_status":"","sticky":false,"template":"","format":"standard","meta":{"footnotes":""},"categories":[10],"tags":[367,20,21,24,25,15,2539,22,23,729,13,30,28,29,14,16,26,27],"class_list":{"0":"post-118363","1":"post","2":"type-post","3":"status-publish","4":"format-standard","5":"has-post-thumbnail","7":"category-norge","8":"tag-brann","9":"tag-breaking-news","10":"tag-breakingnews","11":"tag-featured-news","12":"tag-featurednews","13":"tag-headlines","14":"tag-innenriks","15":"tag-latest-news","16":"tag-latestnews","17":"tag-lillestrom","18":"tag-news","19":"tag-no","20":"tag-norge","21":"tag-norway","22":"tag-nyheter","23":"tag-overskrifter","24":"tag-top-stories","25":"tag-topstories"},"share_on_mastodon":{"url":"https:\/\/pubeurope.com\/@no\/115753278802480169","error":""},"_links":{"self":[{"href":"https:\/\/www.europesays.com\/no\/wp-json\/wp\/v2\/posts\/118363","targetHints":{"allow":["GET"]}}],"collection":[{"href":"https:\/\/www.europesays.com\/no\/wp-json\/wp\/v2\/posts"}],"about":[{"href":"https:\/\/www.europesays.com\/no\/wp-json\/wp\/v2\/types\/post"}],"author":[{"embeddable":true,"href":"https:\/\/www.europesays.com\/no\/wp-json\/wp\/v2\/users\/2"}],"replies":[{"embeddable":true,"href":"https:\/\/www.europesays.com\/no\/wp-json\/wp\/v2\/comments?post=118363"}],"version-history":[{"count":0,"href":"https:\/\/www.europesays.com\/no\/wp-json\/wp\/v2\/posts\/118363\/revisions"}],"wp:featuredmedia":[{"embeddable":true,"href":"https:\/\/www.europesays.com\/no\/wp-json\/wp\/v2\/media\/118364"}],"wp:attachment":[{"href":"https:\/\/www.europesays.com\/no\/wp-json\/wp\/v2\/media?parent=118363"}],"wp:term":[{"taxonomy":"category","embeddable":true,"href":"https:\/\/www.europesays.com\/no\/wp-json\/wp\/v2\/categories?post=118363"},{"taxonomy":"post_tag","embeddable":true,"href":"https:\/\/www.europesays.com\/no\/wp-json\/wp\/v2\/tags?post=118363"}],"curies":[{"name":"wp","href":"https:\/\/api.w.org\/{rel}","templated":true}]}}