{"id":118369,"date":"2025-12-20T18:27:21","date_gmt":"2025-12-20T18:27:21","guid":{"rendered":"https:\/\/www.europesays.com\/no\/118369\/"},"modified":"2025-12-20T18:27:21","modified_gmt":"2025-12-20T18:27:21","slug":"sandnes-flyktninger-fra-ukraina-millionsmell-grunnet-flyktninger-kommunen-taus","status":"publish","type":"post","link":"https:\/\/www.europesays.com\/no\/118369\/","title":{"rendered":"Sandnes, Flyktninger fra Ukraina | Millionsmell grunnet flyktninger \u2013 kommunen taus"},"content":{"rendered":"\n<p>(<a rel=\"Follow nofollow noopener\" href=\"https:\/\/www.sandnesposten.no\/millionsmell-grunnet-flyktninger-kommunen-taus\/s\/5-105-1279951\" target=\"_blank\">Sandnesposten<\/a>): Tall fra Sandnes kommune viser at Porsholen skole har sprengt budsjettet for s\u00e6rskilt spr\u00e5koppl\u00e6ring i norsk med hele 810.000 kroner. Skolen var tildelt 890.000 kroner til form\u00e5let, men ender opp med \u00e5 bruke 1,7 millioner kroner.<\/p>\n<p>\u00c5rsaken skal v\u00e6re et \u00f8kt antall ukrainske flyktningbarn. Dette kommer fram i referatet fra Samarbeidsutvalget (SU) ved skolen den 23. oktober.<\/p>\n<p>Les ogs\u00e5: <a class=\"simple-relation related-teaser article--c-eRUmMG article--c-eRUmMG-fZoQSp-design-nettavisen article--c-eRUmMG-gwthdJ-cv\" href=\"https:\/\/www.nettavisen.no\/sv-nestleder-ikke-behov-for-strengere-innvandringspolitikk-i-norge\/s\/5-95-2784275\" rel=\"nofollow noopener\" target=\"_blank\">SV-nestleder: Ikke behov for strengere innvandringspolitikk i Norge<\/a><\/p>\n<p>Rektor Agnes Gullberg beskriver situasjonen som uheldig i referatet og understreker skolens lojalitet til budsjettet, til tross for det betydelige overforbruket. \u00c5rsaken til budsjettsprekken knyttes direkte til den spesielle situasjonen med mange ukrainske flyktninger p\u00e5 skolen.<\/p>\n<p>Kommunen varslet bes\u00f8k<\/p>\n<p>Overforbruket rapporteres m\u00e5nedlig til skolesjef, og det ble i m\u00f8tet opplyst at Trond Fossum fra fagstab skulle bes\u00f8ke Porsholen skole i november for \u00e5 se p\u00e5 skolens handlingsrom. Hva dette bes\u00f8ket har avdekket, og hvilke tiltak kommunen n\u00e5 vurderer, er ikke kjent.<\/p>\n<p><b>Sandnesposten har kontaktet b\u00e5de rektor Agnes Gullberg og skolesjef Hege Egaas R\u00f8en for kommentarer til situasjonen, men har forel\u00f8pig ikke f\u00e5tt svar.<\/b><\/p>\n<p>Flere utfordringer<\/p>\n<p>De \u00f8konomiske utfordringene kommer p\u00e5 toppen av flere andre saker som ble diskutert i Samarbeidsutvalget:<\/p>\n<ul>\n<li><b>Trafikkfarlig skolevei:<\/b> Skolen, som opprinnelig ble bygget for 150 elever, huser n\u00e5 360 elever. Dette har f\u00f8rt til en massiv \u00f8kning i trafikk i morgentimene, noe SU uttrykker bekymring for. De \u00f8nsker 30-sone og flere fartsdumper i Porsmyrveien for \u00e5 bedre sikkerheten.<\/li>\n<li><b>Ubrukelig bydelshus:<\/b> Teatersalen i Lura Bydelshus, som fungerer som skolens allrom for felles samlinger, er n\u00e5 ubrukelig. Amfiet kan ikke lenger skyves ut og inn p\u00e5 grunn av fare for personskade, og st\u00e5r n\u00e5 permanent ute. Rektor Gullberg understreker hvor uheldig dette er for Porsholen skole.<\/li>\n<\/ul>\n<p><b>LES OGS\u00c5: <a class=\"simple-relation related-teaser article--c-eRUmMG article--c-eRUmMG-fZoQSp-design-nettavisen article--c-eRUmMG-gwthdJ-cv\" href=\"https:\/\/www.nettavisen.no\/hatt-problemer-med-amfiet-i-25-ar-ikke-trygt\/s\/5-105-1272214\" rel=\"nofollow noopener\" target=\"_blank\">Hatt problemer med amfiet i 25 \u00e5r: \u2013 Ikke trygt<\/a><\/b><\/p>\n","protected":false},"excerpt":{"rendered":"(Sandnesposten): Tall fra Sandnes kommune viser at Porsholen skole har sprengt budsjettet for s\u00e6rskilt spr\u00e5koppl\u00e6ring i norsk med&hellip;\n","protected":false},"author":2,"featured_media":3844,"comment_status":"","ping_status":"","sticky":false,"template":"","format":"standard","meta":{"footnotes":""},"categories":[10],"tags":[20,21,24,25,15,22,23,13,30,28,29,14,16,26,27],"class_list":{"0":"post-118369","1":"post","2":"type-post","3":"status-publish","4":"format-standard","5":"has-post-thumbnail","7":"category-norge","8":"tag-breaking-news","9":"tag-breakingnews","10":"tag-featured-news","11":"tag-featurednews","12":"tag-headlines","13":"tag-latest-news","14":"tag-latestnews","15":"tag-news","16":"tag-no","17":"tag-norge","18":"tag-norway","19":"tag-nyheter","20":"tag-overskrifter","21":"tag-top-stories","22":"tag-topstories"},"share_on_mastodon":{"url":"https:\/\/pubeurope.com\/@no\/115753310128195225","error":""},"_links":{"self":[{"href":"https:\/\/www.europesays.com\/no\/wp-json\/wp\/v2\/posts\/118369","targetHints":{"allow":["GET"]}}],"collection":[{"href":"https:\/\/www.europesays.com\/no\/wp-json\/wp\/v2\/posts"}],"about":[{"href":"https:\/\/www.europesays.com\/no\/wp-json\/wp\/v2\/types\/post"}],"author":[{"embeddable":true,"href":"https:\/\/www.europesays.com\/no\/wp-json\/wp\/v2\/users\/2"}],"replies":[{"embeddable":true,"href":"https:\/\/www.europesays.com\/no\/wp-json\/wp\/v2\/comments?post=118369"}],"version-history":[{"count":0,"href":"https:\/\/www.europesays.com\/no\/wp-json\/wp\/v2\/posts\/118369\/revisions"}],"wp:featuredmedia":[{"embeddable":true,"href":"https:\/\/www.europesays.com\/no\/wp-json\/wp\/v2\/media\/3844"}],"wp:attachment":[{"href":"https:\/\/www.europesays.com\/no\/wp-json\/wp\/v2\/media?parent=118369"}],"wp:term":[{"taxonomy":"category","embeddable":true,"href":"https:\/\/www.europesays.com\/no\/wp-json\/wp\/v2\/categories?post=118369"},{"taxonomy":"post_tag","embeddable":true,"href":"https:\/\/www.europesays.com\/no\/wp-json\/wp\/v2\/tags?post=118369"}],"curies":[{"name":"wp","href":"https:\/\/api.w.org\/{rel}","templated":true}]}}