{"id":118370,"date":"2025-12-20T18:35:35","date_gmt":"2025-12-20T18:35:35","guid":{"rendered":"https:\/\/www.europesays.com\/no\/118370\/"},"modified":"2025-12-20T18:35:35","modified_gmt":"2025-12-20T18:35:35","slug":"tillitten-til-amerikanske-tall-tviler-mer-enn-for","status":"publish","type":"post","link":"https:\/\/www.europesays.com\/no\/118370\/","title":{"rendered":"Tillitten til amerikanske tall: \u2013 Tviler mer enn f\u00f8r"},"content":{"rendered":"<p>Blant annet omtaler\u00a0Ipek Ozkardeskaya, analytiker i Swissquote, den\u00a0som\u00a0\u00aben sveitsisk ost\u00bb fordi den er \u00abfull av hull\u00bb.<\/p>\n<p>Det er ikke kun de manglende dataene som gj\u00f8r at flere sperrer opp \u00f8ynene, men ogs\u00e5 metoden som ble brukt. I oktober ble det ikke samlet inn noen tall, som gjorde at BLS selv m\u00e5tte estimere oktobertallene.<\/p>\n<p><b>\u00abManglende data ble behandlet for \u00e5 vise ingen prisvekst: en utrolig statistisk malpraksis\u00bb, skriver Ozkardeskaya.<\/b><\/p>\n<p>En annen som er skeptisk er Michael Gapen, Morgan Stanleys sjef\u00f8konom for USA.<\/p>\n<p>\u00abI noen kategorier kan BLS ha brukt tidligere m\u00e5neders priser, og har p\u00e5 den m\u00e5ten effektivt antatt 0 prosent inflasjon\u00bb, tror Gapen, if\u00f8lge <a href=\"https:\/\/www.cnbc.com\/2025\/12\/18\/trust-these-numbers-economists-see-a-lot-of-flaws-in-delayed-cpi-report-showing-downward-inflation.html\" target=\"_blank\" rel=\"nofollow noopener\">CNBC<\/a>.<\/p>\n<p>Fra BLS&#8217; egen metodeh\u00e5ndbok fremg\u00e5r det at n\u00e5r data for en periode ikke er tilgjengelig, beregnes dataene ved \u00e5 bruke tallene fra den siste perioden med tilgjengelig data, som om prisene ikke hadde endret seg.<\/p>\n<p>\u2013 For meg fremst\u00e5r det som usannsynlig at de har gjort noe annet enn \u00e5 m\u00e5le prisvekst\u00f8kningen fra september til november, sier\u00a0SB1 Markets&#8217; Harald Magnus Andreassen til Finansavisen.<\/p>\n<p class=\"subhead\" data-element-type=\"subhead\" data-element-label=\"Mellomtittel\">Tilliten svekket<\/p>\n<p class=\"\">I august <a href=\"https:\/\/www.finansavisen.no\/samfunn\/2025\/09\/17\/8293823\/sparket-alle-vil-lide-under-konsekvensene\" target=\"_blank\" style=\"font-size: 19.773px; font-weight: 400; letter-spacing: 0.003em; background-color: rgb(238, 237, 233);\" rel=\"nofollow noopener\">sparket<\/a> Donald Trump BLS-sjefen Erika McEntarfer etter at hun hadde lagt frem en jobbrapport (nonfarm payrolls) som viste en kraftig nedgang i arbeidsmarkedet.\u00a0 Trump mente rapporten var falsk og rigget mot ham, og anklaget i tillegg McEntarfer for \u00e5 ha forfalsket tidligere rapporter for \u00e5 hjelpe Kamala Harris&#8217; valgkampanje.<\/p>\n<p class=\"\">Trump nominerte Erwin John Anthony til \u00e5 ta over BLS, men endte med \u00e5 <a href=\"https:\/\/www.finansavisen.no\/politikk\/2025\/10\/01\/8296663\/trekker-nominasjon-av-statistikksjef\" target=\"_blank\" rel=\"nofollow noopener\">trekke<\/a> nominasjonen etter nominasjonen av Anthony ble m\u00f8tt et hav av kritikk fra begge sider av det politiske spekteret.<\/p>\n<p><img decoding=\"async\" class=\"lazyload \" src=\"https:\/\/www.europesays.com\/no\/wp-content\/uploads\/2025\/12\/1766255735_748_pipe\"  data- alt=\"\"\/><\/p>\n<p>SMART: Donald Trump sparket statistikksjefen og stengte staten. Da raste plutselig inflasjonen. <strong>Foto: NTB<\/strong><\/p>\n<p class=\"\">\u2013 Med Trumps sparking av McEntarfer i bakhodet, kan det ha v\u00e6rt et innslag av cherry-picking n\u00e5r BLS har valgt hvilke bakgrunnstall de bruker til \u00e5 kalkulere inflasjonen?<\/p>\n<p class=\"\"><b>\u2013 I dag stiller man seg litt mer tvilende til amerikanske tall enn tidligere, av de grunnene du nevner, men kortversjonen er at det er et mangelfullt datasett, sier Hov.<\/b><\/p>\n<p class=\"\">Normalt har BLS samlet opp data p\u00e5 prisene gjennom hele m\u00e5neden, men denne gangen ble innsamlingen alts\u00e5 startet to dager etter nedstengningen var over, den 12. november.<\/p>\n<p>Hov bemerker at det tar litt tid \u00e5 f\u00e5 organisert arbeidet etter oppstarten. Men, timingen p\u00e5 oppstarten gj\u00f8r at prisene samles inn i en veldig fordelaktig periode, sett med \u00f8ynene til de som \u00f8nsker seg en lavere inflasjonen og rentekutt.<\/p>\n<p>\u2013 Det betyr at en del av prisene ble m\u00e5lt i en periode preget av black fridays tilbudskampanjer, avslutter Hov.<\/p>\n","protected":false},"excerpt":{"rendered":"Blant annet omtaler\u00a0Ipek Ozkardeskaya, analytiker i Swissquote, den\u00a0som\u00a0\u00aben sveitsisk ost\u00bb fordi den er \u00abfull av hull\u00bb. Det er&hellip;\n","protected":false},"author":2,"featured_media":118371,"comment_status":"","ping_status":"","sticky":false,"template":"","format":"standard","meta":{"footnotes":""},"categories":[56],"tags":[60,61,62,30,28,29],"class_list":{"0":"post-118370","1":"post","2":"type-post","3":"status-publish","4":"format-standard","5":"has-post-thumbnail","7":"category-naeringsliv","8":"tag-business","9":"tag-economy","10":"tag-naeringsliv","11":"tag-no","12":"tag-norge","13":"tag-norway"},"share_on_mastodon":{"url":"https:\/\/pubeurope.com\/@no\/115753342129911751","error":""},"_links":{"self":[{"href":"https:\/\/www.europesays.com\/no\/wp-json\/wp\/v2\/posts\/118370","targetHints":{"allow":["GET"]}}],"collection":[{"href":"https:\/\/www.europesays.com\/no\/wp-json\/wp\/v2\/posts"}],"about":[{"href":"https:\/\/www.europesays.com\/no\/wp-json\/wp\/v2\/types\/post"}],"author":[{"embeddable":true,"href":"https:\/\/www.europesays.com\/no\/wp-json\/wp\/v2\/users\/2"}],"replies":[{"embeddable":true,"href":"https:\/\/www.europesays.com\/no\/wp-json\/wp\/v2\/comments?post=118370"}],"version-history":[{"count":0,"href":"https:\/\/www.europesays.com\/no\/wp-json\/wp\/v2\/posts\/118370\/revisions"}],"wp:featuredmedia":[{"embeddable":true,"href":"https:\/\/www.europesays.com\/no\/wp-json\/wp\/v2\/media\/118371"}],"wp:attachment":[{"href":"https:\/\/www.europesays.com\/no\/wp-json\/wp\/v2\/media?parent=118370"}],"wp:term":[{"taxonomy":"category","embeddable":true,"href":"https:\/\/www.europesays.com\/no\/wp-json\/wp\/v2\/categories?post=118370"},{"taxonomy":"post_tag","embeddable":true,"href":"https:\/\/www.europesays.com\/no\/wp-json\/wp\/v2\/tags?post=118370"}],"curies":[{"name":"wp","href":"https:\/\/api.w.org\/{rel}","templated":true}]}}