{"id":118374,"date":"2025-12-20T18:38:18","date_gmt":"2025-12-20T18:38:18","guid":{"rendered":"https:\/\/www.europesays.com\/no\/118374\/"},"modified":"2025-12-20T18:38:18","modified_gmt":"2025-12-20T18:38:18","slug":"kvinne-sendt-til-sjukehus-i-oslo-nrk-sorlandet-lokale-nyheter-tv-og-radio","status":"publish","type":"post","link":"https:\/\/www.europesays.com\/no\/118374\/","title":{"rendered":"Kvinne sendt til sjukehus i Oslo \u2013 NRK S\u00f8rlandet \u2013 Lokale nyheter, TV og radio"},"content":{"rendered":"<p>Ei kvinne i 50-\u00e5ra blei laurdag formiddag funnen bevisstlaus utanfor ein bustad i Mandal. Ho blei f\u00f8rst frakta til sjukehus i Kristiansand, deretter vidare til Oslo.<\/p>\n<p><strong>\u2013 Vi etterforskar om det har skjedd ei ulykke i samband med trappa, eller om ho kan ha vore utsett for vald i forkant, seier operasjonsleiar Arve Myklebust i Agder-politiet.<\/strong><\/p>\n<p>Kvinna har if\u00f8lge politiet skader i ansikts- og hovudregionen.<\/p>\n<p>\u2013 Skadane er ikkje alvorlege. Men i og med at ho har var bevisstlaus n\u00e5r ho blei funnen, s\u00e5 er jo tilstanden alvorleg, seier Myklebust.<\/p>\n<p>Politiet \u00f8nsker n\u00e5 hjelp fr\u00e5 publikum, for \u00e5 finne ut kva som har skjedd.<\/p>\n<p><strong>\u2013 Vi kjem til \u00e5 avh\u00f8yre personar som kjenner til vedkommande, for \u00e5 sj\u00e5 om vi kan komme vidare p\u00e5 kva ho har halde p\u00e5 med det siste d\u00f8gnet. Og s\u00e5 er vi interesserte viss nokre andre har opplysningar eller har vore med henne.<\/strong><\/p>\n<p><a class=\"login-banner-hack\" href=\"https:\/\/www.nrk.no\/logginn?context=article-plug\" style=\"padding: 0; border: none; display: none\" rel=\"nofollow noopener\" target=\"_blank\"><\/p>\n<p>            <img decoding=\"async\"   src=\"data:image\/gif;base64,R0lGODlhAQABAIAAAAAAAP\/\/\/yH5BAEAAAAALAAAAAABAAEAAAIBRAA7\" alt=\"Oppfordring til \u00e5 logge p\u00e5 NRKs tjenester\" title=\"Foto: Odd Arne Olderbakk\"\/><\/p>\n<p>            <img decoding=\"async\"   src=\"data:image\/gif;base64,R0lGODlhAQABAIAAAAAAAP\/\/\/yH5BAEAAAAALAAAAAABAAEAAAIBRAA7\" alt=\"Oppfordring til \u00e5 logge p\u00e5 NRKs tjenester\" title=\"Foto: Odd Arne Olderbakk\"\/><\/p>\n<p><\/a><\/p>\n<p>Publisert<\/p>\n<p>20.12.2025, kl. 15.36<\/p>\n<p>Oppdatert<\/p>\n<p>20.12.2025, kl. 15.56<\/p>\n","protected":false},"excerpt":{"rendered":"Ei kvinne i 50-\u00e5ra blei laurdag formiddag funnen bevisstlaus utanfor ein bustad i Mandal. Ho blei f\u00f8rst frakta&hellip;\n","protected":false},"author":2,"featured_media":118375,"comment_status":"","ping_status":"","sticky":false,"template":"","format":"standard","meta":{"footnotes":""},"categories":[10],"tags":[20,21,24,25,15,22,23,13,30,28,29,14,16,26,27],"class_list":{"0":"post-118374","1":"post","2":"type-post","3":"status-publish","4":"format-standard","5":"has-post-thumbnail","7":"category-norge","8":"tag-breaking-news","9":"tag-breakingnews","10":"tag-featured-news","11":"tag-featurednews","12":"tag-headlines","13":"tag-latest-news","14":"tag-latestnews","15":"tag-news","16":"tag-no","17":"tag-norge","18":"tag-norway","19":"tag-nyheter","20":"tag-overskrifter","21":"tag-top-stories","22":"tag-topstories"},"share_on_mastodon":{"url":"https:\/\/pubeurope.com\/@no\/115753353422938341","error":""},"_links":{"self":[{"href":"https:\/\/www.europesays.com\/no\/wp-json\/wp\/v2\/posts\/118374","targetHints":{"allow":["GET"]}}],"collection":[{"href":"https:\/\/www.europesays.com\/no\/wp-json\/wp\/v2\/posts"}],"about":[{"href":"https:\/\/www.europesays.com\/no\/wp-json\/wp\/v2\/types\/post"}],"author":[{"embeddable":true,"href":"https:\/\/www.europesays.com\/no\/wp-json\/wp\/v2\/users\/2"}],"replies":[{"embeddable":true,"href":"https:\/\/www.europesays.com\/no\/wp-json\/wp\/v2\/comments?post=118374"}],"version-history":[{"count":0,"href":"https:\/\/www.europesays.com\/no\/wp-json\/wp\/v2\/posts\/118374\/revisions"}],"wp:featuredmedia":[{"embeddable":true,"href":"https:\/\/www.europesays.com\/no\/wp-json\/wp\/v2\/media\/118375"}],"wp:attachment":[{"href":"https:\/\/www.europesays.com\/no\/wp-json\/wp\/v2\/media?parent=118374"}],"wp:term":[{"taxonomy":"category","embeddable":true,"href":"https:\/\/www.europesays.com\/no\/wp-json\/wp\/v2\/categories?post=118374"},{"taxonomy":"post_tag","embeddable":true,"href":"https:\/\/www.europesays.com\/no\/wp-json\/wp\/v2\/tags?post=118374"}],"curies":[{"name":"wp","href":"https:\/\/api.w.org\/{rel}","templated":true}]}}