{"id":118376,"date":"2025-12-20T18:48:12","date_gmt":"2025-12-20T18:48:12","guid":{"rendered":"https:\/\/www.europesays.com\/no\/118376\/"},"modified":"2025-12-20T18:48:12","modified_gmt":"2025-12-20T18:48:12","slug":"nyheter-lillehammer-drommestart-mot-topplaget-gudbrandsdolen-dagningen","status":"publish","type":"post","link":"https:\/\/www.europesays.com\/no\/118376\/","title":{"rendered":"Nyheter, Lillehammer | Dr\u00f8mmestart mot topplaget &#8211; Gudbrandsd\u00f8len Dagningen"},"content":{"rendered":"<ol>\n<li><a href=\"https:\/\/news.google.com\/rss\/articles\/CBMimgFBVV95cUxQWVZTVHZqUkxJaFFHUHVjc0NCLTU1S3BpZ0VqOEVvanRpUTFWN0tsWGE5bTM3c3JLd1d2OEplNEZCS09GVzFZdEt0OWJibUlEeXAyc2Y2bmJvZ0lESHJDYzA4R3d4RTVxVzJCSGlyd19VOWtpVTl3Q2t6R0pJTXdYWWhLQW5jcy0yZjFvb1c5YzhfTDNiYnV6RjJ3?oc=5\" target=\"_blank\" rel=\"nofollow noopener\">Nyheter, Lillehammer | Dr\u00f8mmestart mot topplaget<\/a>&nbsp;&nbsp;Gudbrandsd\u00f8len Dagningen<\/li>\n<li><a href=\"https:\/\/news.google.com\/rss\/articles\/CBMilwFBVV95cUxPUEFOeUN0T0hnR3dMaTlDMmlVR2xWWFpzVVJQNXFIZGduMVUxYzdPRE5ZQWtiOHJ6SUI0aVZ3a2hrMnI2dE50LXpKZnQtbXpYTVJzWkRnZFNxWHZ4d01iTE9OYjlUalRYMmxnVkQyRXN5TWJ6ZGtPN0tld19rR1NJMUQ0VWR3MnVndnhpaVVweHg3cjZ5bHBF?oc=5\" target=\"_blank\" rel=\"nofollow noopener\">Oilers vant etter h\u00f8ydramatisk kamp<\/a>&nbsp;&nbsp;Stavanger Aftenblad<\/li>\n<li><a href=\"https:\/\/news.google.com\/rss\/articles\/CBMiW0FVX3lxTE1STGNqQ1A5QnFab0E0YjlLb0VQZnVYZmhBMjYyZXQyX0kwNFpDQll6WEt4WkNUWE5kWXI4dG1Fa05fdll4cVluamFZYS1YVEtBc3M4STR2d1dYMTA?oc=5\" target=\"_blank\" rel=\"nofollow noopener\">Alle poengene hjem til jul<\/a>&nbsp;&nbsp;Stavanger Oilers<\/li>\n<li><a href=\"https:\/\/news.google.com\/rss\/articles\/CBMitAFBVV95cUxPVVdQeWx2ZTFtYlREV2diNlNfUVdsNEhBY19sQmFCeUtPSFRkZjBIRVBsMmRfMGJzclNhOV9jNEhHemRacUpNcm1iMkRkZGFQRlp3ZjZqYjhYQTJfM0JmNm45bGFHd1ZJb1RndGkxeUxmNC1OZUdwUmUxQm5fOGR1azh6T2ozQTBfVHJMbjBDejZHcUU5OGhkQjlHVHJMbkpSNjhlRm1MVTd0SFJZTTFZNUtFNkg?oc=5\" target=\"_blank\" rel=\"nofollow noopener\">Fra sykesengen til ungenes bamsehelt<\/a>&nbsp;&nbsp;RA Stavanger<\/li>\n<li><a href=\"https:\/\/news.google.com\/rss\/articles\/CBMiXEFVX3lxTE5oWEx3bGZxU1oyMHNfUmVwYU1KdHlJU0l5alEtSnRJX0VodEFFNmhRUnR1dVd4aV9CS1lfdGd4dk1tMTZFQk1pbG9wM1lzcU4tUmZsbVlBUVlhWFVG?oc=5\" target=\"_blank\" rel=\"nofollow noopener\">Lillehammer siste f\u00f8r julen ringes inn<\/a>&nbsp;&nbsp;Stavanger Oilers<\/li>\n<\/ol>\n","protected":false},"excerpt":{"rendered":"Nyheter, Lillehammer | Dr\u00f8mmestart mot topplaget&nbsp;&nbsp;Gudbrandsd\u00f8len Dagningen Oilers vant etter h\u00f8ydramatisk kamp&nbsp;&nbsp;Stavanger Aftenblad Alle poengene hjem til jul&nbsp;&nbsp;Stavanger&hellip;\n","protected":false},"author":2,"featured_media":118377,"comment_status":"","ping_status":"","sticky":false,"template":"","format":"standard","meta":{"footnotes":""},"categories":[10],"tags":[20,21,24,25,15,22,23,13,30,28,29,14,16,26,27],"class_list":{"0":"post-118376","1":"post","2":"type-post","3":"status-publish","4":"format-standard","5":"has-post-thumbnail","7":"category-norge","8":"tag-breaking-news","9":"tag-breakingnews","10":"tag-featured-news","11":"tag-featurednews","12":"tag-headlines","13":"tag-latest-news","14":"tag-latestnews","15":"tag-news","16":"tag-no","17":"tag-norge","18":"tag-norway","19":"tag-nyheter","20":"tag-overskrifter","21":"tag-top-stories","22":"tag-topstories"},"share_on_mastodon":{"url":"https:\/\/pubeurope.com\/@no\/115753392742574421","error":""},"_links":{"self":[{"href":"https:\/\/www.europesays.com\/no\/wp-json\/wp\/v2\/posts\/118376","targetHints":{"allow":["GET"]}}],"collection":[{"href":"https:\/\/www.europesays.com\/no\/wp-json\/wp\/v2\/posts"}],"about":[{"href":"https:\/\/www.europesays.com\/no\/wp-json\/wp\/v2\/types\/post"}],"author":[{"embeddable":true,"href":"https:\/\/www.europesays.com\/no\/wp-json\/wp\/v2\/users\/2"}],"replies":[{"embeddable":true,"href":"https:\/\/www.europesays.com\/no\/wp-json\/wp\/v2\/comments?post=118376"}],"version-history":[{"count":0,"href":"https:\/\/www.europesays.com\/no\/wp-json\/wp\/v2\/posts\/118376\/revisions"}],"wp:featuredmedia":[{"embeddable":true,"href":"https:\/\/www.europesays.com\/no\/wp-json\/wp\/v2\/media\/118377"}],"wp:attachment":[{"href":"https:\/\/www.europesays.com\/no\/wp-json\/wp\/v2\/media?parent=118376"}],"wp:term":[{"taxonomy":"category","embeddable":true,"href":"https:\/\/www.europesays.com\/no\/wp-json\/wp\/v2\/categories?post=118376"},{"taxonomy":"post_tag","embeddable":true,"href":"https:\/\/www.europesays.com\/no\/wp-json\/wp\/v2\/tags?post=118376"}],"curies":[{"name":"wp","href":"https:\/\/api.w.org\/{rel}","templated":true}]}}