{"id":118378,"date":"2025-12-20T18:55:12","date_gmt":"2025-12-20T18:55:12","guid":{"rendered":"https:\/\/www.europesays.com\/no\/118378\/"},"modified":"2025-12-20T18:55:12","modified_gmt":"2025-12-20T18:55:12","slug":"jeg-ble-dypt-frustrert","status":"publish","type":"post","link":"https:\/\/www.europesays.com\/no\/118378\/","title":{"rendered":"&#8211; Jeg ble dypt frustrert"},"content":{"rendered":"<p class=\"kicker \" style=\"\">Simon Stranger i \u00abLeselyst\u00bb:<\/p>\n<p>  Forfatter Simon Stranger (49) innr\u00f8mmer at han burde ha lest flere selvhjelpsb\u00f8ker.\u00a0<\/p>\n<p>\n    FORFATTER OG LESER: Simon Stranger har utgitt en rekke b\u00f8ker for barn, ungdom og voksne. I h\u00f8st utga han romanen \u00abStranger\u00bb. Foto: Christian Roth Christensen \/ Dagbladet\n  <\/p>\n<p>    \u00abLeselyst\u00bb i Dagbladet:<\/p>\n<p>Dagbladet boks faste spalte, der vi stiller forfattere, kulturfolk og andre kjente folk sp\u00f8rsm\u00e5l om lesevaner og -minner.<\/p>\n<p>Har du et tips til hvem vi b\u00f8r snakke med?\u00a0<a href=\"https:\/\/www.dagbladet.no\/bok\/jeg-ble-dypt-frustrert\/mailto:guro.bjornstad@db.no\" rel=\"nofollow noopener\" target=\"_blank\">Tips meg!<\/a><\/p>\n<p>      Vis mer<br \/>\n      Vis mindre<\/p>\n<p class=\"font-weight-bold m-font-weight-bold italic m-italic\" data-lab-font_weight=\"font-weight-bold\" data-lab-italic=\"italic\">&#8211; Hva leser du n\u00e5? Og hva synes du? \u00a0<\/p>\n<p>&#8211; Jeg leser \u00abVaim\u00bb av Fosse, som jeg ikke synes helt n\u00e5r opp til \u00abSeptologien\u00bb, men det er han jo \u00e5pen p\u00e5 selv, og kalte det \u00aben sm\u00e5kok\u00bb p\u00e5 lanseringen i h\u00f8st.\u00a0<\/p>\n<p>Jeg leser ogs\u00e5 haikudiktene fra \u00ab\u00c5r og dag\u00bb av Joakim Kj\u00f8rsvik et par ganger i uka, og begynte i dag p\u00e5 \u00abHuaco-portrett\u00bb av Gabriela Wiener, fra Peru.<\/p>\n<p>    <a itemprop=\"url\" href=\"https:\/\/www.dagbladet.no\/bok\/har-gjort-noe-med-meg-for-alltid\/83927275\" rel=\"nofollow noopener\" target=\"_blank\"><\/p>\n<p>        <img loading=\"lazy\" decoding=\"async\" src=\"https:\/\/www.europesays.com\/no\/wp-content\/uploads\/2025\/12\/83943439.webp\" width=\"980\" height=\"441\" title=\"- Har gjort noe med meg for alltid\" alt=\"\" class=\"lazyload\" style=\"--aspect-ratio-image: 2.22; \"\/><\/p>\n<p>        &#8211; Har gjort noe med meg for alltid<\/p>\n<p>    <\/a><\/p>\n<p class=\"font-weight-bold m-font-weight-bold italic m-italic\" data-lab-font_weight=\"font-weight-bold\" data-lab-italic=\"italic\">&#8211; Hvilken bok har gjort uutslettelig inntrykk p\u00e5 deg? Og hvorfor?<\/p>\n<p>&#8211; \u00abHvis dette er et menneske\u00bb av Primo Levi er en av b\u00f8kene jeg ikke kan glemme. En s\u00e5 hjerteskj\u00e6rende og samtidig lavm\u00e6lt og usentimental beretning om \u00e5rene hans som fange i Auschwitz. Blant de beste og mest grusomme b\u00f8kene jeg har lest.\u00a0<\/p>\n<p>\u00abHar d\u00f8den tatt noe fra deg s\u00e5 gi det tilbake\u00bb av\u00a0Naja Marie Aidt fikk ogs\u00e5 renset t\u00e5rekanalene da jeg leste den i fjor.<\/p>\n<p class=\"font-weight-bold m-font-weight-bold italic m-italic\" data-lab-font_weight=\"font-weight-bold\" data-lab-italic=\"italic\">&#8211; Hvilken forfatter skulle skrevet boka om deg? Og hvorfor?<\/p>\n<p>&#8211; Det m\u00e5 nesten bli meg selv, og jeg har allerede gjort det, med \u00e5rets bok,\u00a0\u00abSTRANGER\u00bb, om faren min, om adopsjon, psykisk sykdom og om \u00e5 seile over havet i en liten b\u00e5t som gradvis g\u00e5r i stykker.<\/p>\n<p class=\"font-weight-bold m-font-weight-bold italic m-italic\" data-lab-font_weight=\"font-weight-bold\" data-lab-italic=\"italic\">&#8211; Hvilken selvhjelpsbok leste du sist? Og hvorfor?<\/p>\n<p>&#8211; Det er s\u00e5 lenge siden at jeg ikke husker det, men jeg burde antagelig ha lest en hel rekke selvhjelpsb\u00f8ker, om rydding og yoga og om gleden ved \u00e5 jogge i slaps, men forel\u00f8pig ikke \u2026<\/p>\n<p>    <a itemprop=\"url\" href=\"https:\/\/www.dagbladet.no\/bok\/knugende-hemmeligheter\/83872648\" rel=\"nofollow noopener\" target=\"_blank\"><\/p>\n<p>        <img loading=\"lazy\" decoding=\"async\" src=\"https:\/\/www.europesays.com\/no\/wp-content\/uploads\/2025\/12\/1766256912_26_83872996.webp\" width=\"980\" height=\"441\" title=\"Knugende hemmeligheter\" alt=\"\" class=\"lazyload\" style=\"--aspect-ratio-image: 2.22; \"\/><\/p>\n<p>        Knugende hemmeligheter<\/p>\n<p>    <\/a><\/p>\n<p class=\"font-weight-bold m-font-weight-bold italic m-italic\" data-lab-font_weight=\"font-weight-bold\" data-lab-italic=\"italic\">&#8211; Hvilken bok har du smuglest? og hvorfor smugleste du?<\/p>\n<p>&#8211; Den eneste jeg kommer p\u00e5 er \u00abInsektsommer\u00bb av Knut Faldbakken, p\u00e5 grunn av de erotiske partiene, men det var som femten\u00e5ring.<\/p>\n<p class=\"font-weight-bold m-font-weight-bold italic m-italic\" data-lab-font_weight=\"font-weight-bold\" data-lab-italic=\"italic\">&#8211; Hvilken romankarakter kan du ikke fordra? Og hvorfor?<\/p>\n<p>&#8211; Hovedpersonen i \u00abSult\u00bb av Hamsun er s\u00e5 lite flink til \u00e5 ta vare p\u00e5 seg selv at jeg kan huske jeg ble dypt frustrert av \u00e5 lese romanen som 20-\u00e5ring.<\/p>\n<p class=\"font-weight-bold m-font-weight-bold italic m-italic\" data-lab-font_weight=\"font-weight-bold\" data-lab-italic=\"italic\">&#8211; \u2026.og hvilken romankarakter ville du ligget med? Og hvorfor?<\/p>\n<p>&#8211; Hun Rikke fra \u00abLeksikon om lys og m\u00f8rke\u00bb virker jo ganske heit, da.<\/p>\n<p>    Simon Stranger (49)<\/p>\n<ul>\n<li class=\"lab-bodytext-line\">Simon Stranger debuterte i 2003, og har siden utgitt en rekke b\u00f8ker for barn, ungdom og voksne.\u00a0<\/li>\n<\/ul>\n<ul>\n<li class=\"lab-bodytext-line\">I 2014 ble han nominert til Nordisk R\u00e5ds Litteraturpris, for boka\u00a0\u00abDe som ikke finnes\u00bb.\u00a0<\/li>\n<\/ul>\n<ul>\n<li class=\"lab-bodytext-line\">I 2018 fikk han Bokhandlerprisen for boka\u00a0\u00abLeksikon om lys og m\u00f8rke\u00bb.\u00a0<\/li>\n<\/ul>\n<ul>\n<li class=\"lab-bodytext-line\">B\u00f8kene hans er oversatt til 20 spr\u00e5k.\u00a0<\/li>\n<\/ul>\n<p>      Vis mer<br \/>\n      Vis mindre<\/p>\n","protected":false},"excerpt":{"rendered":"Simon Stranger i \u00abLeselyst\u00bb: Forfatter Simon Stranger (49) innr\u00f8mmer at han burde ha lest flere selvhjelpsb\u00f8ker.\u00a0 FORFATTER OG&hellip;\n","protected":false},"author":2,"featured_media":118379,"comment_status":"","ping_status":"","sticky":false,"template":"","format":"standard","meta":{"footnotes":""},"categories":[10],"tags":[150,124,4763,4426,8110,20,21,24,25,15,22,23,13,30,28,29,14,16,26,27],"class_list":{"0":"post-118378","1":"post","2":"type-post","3":"status-publish","4":"format-standard","5":"has-post-thumbnail","7":"category-norge","8":"tag-bok","9":"tag-bokanmeldelse","10":"tag-bokhosten-2025","11":"tag-bokmerker","12":"tag-boknyhet","13":"tag-breaking-news","14":"tag-breakingnews","15":"tag-featured-news","16":"tag-featurednews","17":"tag-headlines","18":"tag-latest-news","19":"tag-latestnews","20":"tag-news","21":"tag-no","22":"tag-norge","23":"tag-norway","24":"tag-nyheter","25":"tag-overskrifter","26":"tag-top-stories","27":"tag-topstories"},"share_on_mastodon":{"url":"https:\/\/pubeurope.com\/@no\/115753420599132240","error":""},"_links":{"self":[{"href":"https:\/\/www.europesays.com\/no\/wp-json\/wp\/v2\/posts\/118378","targetHints":{"allow":["GET"]}}],"collection":[{"href":"https:\/\/www.europesays.com\/no\/wp-json\/wp\/v2\/posts"}],"about":[{"href":"https:\/\/www.europesays.com\/no\/wp-json\/wp\/v2\/types\/post"}],"author":[{"embeddable":true,"href":"https:\/\/www.europesays.com\/no\/wp-json\/wp\/v2\/users\/2"}],"replies":[{"embeddable":true,"href":"https:\/\/www.europesays.com\/no\/wp-json\/wp\/v2\/comments?post=118378"}],"version-history":[{"count":0,"href":"https:\/\/www.europesays.com\/no\/wp-json\/wp\/v2\/posts\/118378\/revisions"}],"wp:featuredmedia":[{"embeddable":true,"href":"https:\/\/www.europesays.com\/no\/wp-json\/wp\/v2\/media\/118379"}],"wp:attachment":[{"href":"https:\/\/www.europesays.com\/no\/wp-json\/wp\/v2\/media?parent=118378"}],"wp:term":[{"taxonomy":"category","embeddable":true,"href":"https:\/\/www.europesays.com\/no\/wp-json\/wp\/v2\/categories?post=118378"},{"taxonomy":"post_tag","embeddable":true,"href":"https:\/\/www.europesays.com\/no\/wp-json\/wp\/v2\/tags?post=118378"}],"curies":[{"name":"wp","href":"https:\/\/api.w.org\/{rel}","templated":true}]}}