{"id":118392,"date":"2025-12-20T19:09:15","date_gmt":"2025-12-20T19:09:15","guid":{"rendered":"https:\/\/www.europesays.com\/no\/118392\/"},"modified":"2025-12-20T19:09:15","modified_gmt":"2025-12-20T19:09:15","slug":"sunnfjord-ulukker-svaert-glatt-pa-e39-ved-forde-fleire-trafikkuhell-pa-kort-tid","status":"publish","type":"post","link":"https:\/\/www.europesays.com\/no\/118392\/","title":{"rendered":"Sunnfjord, Ulukker | Sv\u00e6rt glatt p\u00e5 E39 ved F\u00f8rde \u2013 fleire trafikkuhell p\u00e5 kort tid"},"content":{"rendered":"\n<p>Alarmsentralen 110 Vest melde like over klokka 16 om ei trafikkulukke med ein bil involvert. <\/p>\n<p>\u2013 Det skal vera sv\u00e6rt glatt p\u00e5 staden, melde operasjonsleiar Eirik Loftesnes i Vest politidistrikt like etterp\u00e5.<\/p>\n<p>Det er ikkje meldt om personskade. F\u00f8rste meldinga fr\u00e5 politiet gjekk p\u00e5 at det var fleire bilar involverte, men politiet trur dette er bilar som har f\u00e5tt tr\u00f8bbel p\u00e5 glatta, men kom seg vidare utan skade f\u00f8r naudetatane kom fram.<\/p>\n<p>P\u00e5k\u00f8yrsel bakfr\u00e5<\/p>\n<p>At det er glatt i omr\u00e5det er det liten tvil om. Kort tid etter at naudetatane har kome fram til staden, vert det varsla om ei ny trafikkulukke berre 200 meter unna.<\/p>\n<p>Der skal to bilar ha vore involverte. Klokka 16.13 skriv politiet at det er snakk om p\u00e5k\u00f8yrsel bakfr\u00e5.<\/p>\n<p>\u2013 Det er ikkje meldt om personskade. Partane fyller ut skademelding, skriv politiet. <\/p>\n<p><b>Saltebilen er p\u00e5 veg, og bilistane vert oppmoda av Vegtrafikksentralen vest om \u00e5 k\u00f8yra varsamt.<\/b><\/p>\n<p>Klokka 17.04 melder politiet at det var tre personar i den f\u00f8rste bilen som hamna i gr\u00f8fta. Alle er sett til av helse og uskadde. Politiet har avslutta p\u00e5 staden.<\/p>\n<p><b>Vegen er str\u00f8dd, og det er fri ferdsel.<\/b><\/p>\n","protected":false},"excerpt":{"rendered":"Alarmsentralen 110 Vest melde like over klokka 16 om ei trafikkulukke med ein bil involvert. \u2013 Det skal&hellip;\n","protected":false},"author":2,"featured_media":118315,"comment_status":"","ping_status":"","sticky":false,"template":"","format":"standard","meta":{"footnotes":""},"categories":[10],"tags":[36,20,21,24,25,14206,15,22,23,13,30,28,29,14,16,1510,1466,26,27,224,8008],"class_list":{"0":"post-118392","1":"post","2":"type-post","3":"status-publish","4":"format-standard","5":"has-post-thumbnail","7":"category-norge","8":"tag-art","9":"tag-breaking-news","10":"tag-breakingnews","11":"tag-featured-news","12":"tag-featurednews","13":"tag-glatte-vegar","14":"tag-headlines","15":"tag-latest-news","16":"tag-latestnews","17":"tag-news","18":"tag-no","19":"tag-norge","20":"tag-norway","21":"tag-nyheter","22":"tag-overskrifter","23":"tag-story","24":"tag-sunnfjord","25":"tag-top-stories","26":"tag-topstories","27":"tag-trafikk","28":"tag-ulukker"},"share_on_mastodon":{"url":"https:\/\/pubeurope.com\/@no\/115753475458963489","error":""},"_links":{"self":[{"href":"https:\/\/www.europesays.com\/no\/wp-json\/wp\/v2\/posts\/118392","targetHints":{"allow":["GET"]}}],"collection":[{"href":"https:\/\/www.europesays.com\/no\/wp-json\/wp\/v2\/posts"}],"about":[{"href":"https:\/\/www.europesays.com\/no\/wp-json\/wp\/v2\/types\/post"}],"author":[{"embeddable":true,"href":"https:\/\/www.europesays.com\/no\/wp-json\/wp\/v2\/users\/2"}],"replies":[{"embeddable":true,"href":"https:\/\/www.europesays.com\/no\/wp-json\/wp\/v2\/comments?post=118392"}],"version-history":[{"count":0,"href":"https:\/\/www.europesays.com\/no\/wp-json\/wp\/v2\/posts\/118392\/revisions"}],"wp:featuredmedia":[{"embeddable":true,"href":"https:\/\/www.europesays.com\/no\/wp-json\/wp\/v2\/media\/118315"}],"wp:attachment":[{"href":"https:\/\/www.europesays.com\/no\/wp-json\/wp\/v2\/media?parent=118392"}],"wp:term":[{"taxonomy":"category","embeddable":true,"href":"https:\/\/www.europesays.com\/no\/wp-json\/wp\/v2\/categories?post=118392"},{"taxonomy":"post_tag","embeddable":true,"href":"https:\/\/www.europesays.com\/no\/wp-json\/wp\/v2\/tags?post=118392"}],"curies":[{"name":"wp","href":"https:\/\/api.w.org\/{rel}","templated":true}]}}