{"id":118393,"date":"2025-12-20T19:10:14","date_gmt":"2025-12-20T19:10:14","guid":{"rendered":"https:\/\/www.europesays.com\/no\/118393\/"},"modified":"2025-12-20T19:10:14","modified_gmt":"2025-12-20T19:10:14","slug":"kvinne-i-40-ara-varetektsfengsla-i-fire-veker-for-grov-vald-mot-90-aring-i-elverum-nrk-innlandet-lokale-nyheter-tv-og-radio","status":"publish","type":"post","link":"https:\/\/www.europesays.com\/no\/118393\/","title":{"rendered":"Kvinne i 40-\u00e5ra varetektsfengsla i fire veker for grov vald mot 90-\u00e5ring i Elverum \u2013 NRK Innlandet \u2013 Lokale nyheter, TV og radio"},"content":{"rendered":"<p>Saka samanfatta: <\/p>\n<ul>\n<li>Ein 90 \u00e5r gammal mann vart funnen hardt skadd utand\u00f8rs i Elverum torsdag kveld.<\/li>\n<li>Samstundes oppstod det brann i mannens bustad, som vart totalskadd innvendig.<\/li>\n<li>Ei kvinne i 40-\u00e5ra er sikta for grov vald mot mannen og varetektsfengsla i fire veker.<\/li>\n<li>Politiet unders\u00f8ker om det er ein samanheng mellom brannen og valden.<\/li>\n<li>Den sikta kvinna erkjenner ikkje straffskuld.<\/li>\n<li>Det er ikkje kjent nokon relasjon mellom den forn\u00e6rma mannen og den sikta kvinna.<\/li>\n<\/ul>\n<p>Oppsummeringa er laga av ei KI-teneste fr\u00e5 OpenAI. Innhaldet er kvalitetssikra av NRK sine journalistar f\u00f8r publisering.<\/p>\n<p>Laurdag vart ei kvinne i 40-\u00e5ra varetektsfengsla i fire veker for grov vald mot 90-\u00e5ring i Elverum. Ho vart ogs\u00e5 ilagt brev- og bes\u00f8ksforbod.<\/p>\n<p>Det er det same som p\u00e5talemakta la ned p\u00e5stand om. Fengslinga blir mellom anna grunngitt med fare for bevis\u00f8ydelegging.<\/p>\n<p>Den sikta kvinna motsette seg fengslinga, seier hennar forsvarar, Frode Aabak.<\/p>\n<p>\u2013 Ho erkjenner ikkje straffskuld, seier han til NRK.<\/p>\n<p>Han vil ikkje g\u00e5 inn p\u00e5 kva kvinna forklarte i fengslingsm\u00f8tet.<\/p>\n<p>Vart funnen av forbipasserande<\/p>\n<p>Det var seint torsdag kveld at ein <a href=\"https:\/\/www.nrk.no\/innlandet\/ein-person-pagripe-pagripen-for-brann-og-vald-i-elverum-1.17699555\" ec-id=\"pp:article:1.17699555\" ec-name=\"forbipasserande fann ein eldre mann utand\u00f8rs\" rel=\"nofollow noopener\" target=\"_blank\">forbipasserande fann ein eldre mann utand\u00f8rs<\/a> ved Midtskogen i Elverum.<\/p>\n<p>Samstundes oppstod det brann i eit hus, som if\u00f8lgje politiet tilh\u00f8yrde mannen. Det vart totalskadd innvendig, trass tidleg sl\u00f8kking.<\/p>\n<p>90-\u00e5ringen vart frakta til Hamar sjukehus med omfattande skader som if\u00f8lgje politiet var p\u00e5f\u00f8rt med eit reiskap.<\/p>\n<p><img decoding=\"async\"   src=\"data:image\/gif;base64,R0lGODlhAQABAIAAAAAAAP\/\/\/yH5BAEAAAAALAAAAAABAAEAAAIBRAA7\" loading=\"eager\" alt=\"Bilde viser en murvegg med navnet &quot;Hamar Tinghus&quot; i metallbokstaver. Bakgrunnen er en bl\u00e5 himmel med noen skyer. Bygningens arkitektur fremst\u00e5r moderne med synlige murtegg og vinduer. Bildet er tatt fra en vinkel som fremhever bygningens h\u00f8yde og design. (Bildebeskrivelsen er laget av en KI-tjeneste)\" title=\"Foto: Frode Meskau \/ NRK\"\/><\/p>\n<p class=\"\">Laurdag klokka 13.00 var det fengslingsm\u00f8te i Hamar tinghus. Kvinna vart varetektsfengsla i fire veker med brev- og bes\u00f8ksforbod. <\/p>\n<p>Foto: Frode Meskau \/ NRK<\/p>\n<p>Kvinna i 40-\u00e5ra vart p\u00e5gripen og sikta for grov kroppsskade kort tid etter hendinga. Ho er ogs\u00e5 sikta for brudd p\u00e5 straffelova 355, som omhandlar brannstifting. Den sikta kvinna ville if\u00f8lgje politifullmektig Sofie Lille\u00f8ren Veum ikkje forklare seg til politiet fredag.<\/p>\n<p>\u2013 S\u00e5 langt eg kjenner til, har ho vore i ei prim\u00e6rpsykiatrisk unders\u00f8king, utan at eg vil g\u00e5 n\u00e6rmare inn p\u00e5 resultatet av den. Det er alt eg kan seie, <a href=\"https:\/\/www.nrk.no\/innlandet\/ein-person-pagripe-pagripen-for-brann-og-vald-i-elverum-1.17699555\" ec-id=\"pp:article:1.17699555\" ec-name=\"sa forsvarar Frode Aabak til NRK fredag\" rel=\"nofollow noopener\" target=\"_blank\">sa forsvarar Frode Aabak til NRK fredag<\/a>.<\/p>\n<p>Forn\u00e6rma avh\u00f8yrt<\/p>\n<p>Det skal ikkje vere ein relasjon mellom den sikta kvinna og den forn\u00e6rma mannen.<\/p>\n<p>Den forn\u00e6rma mannen har blitt avh\u00f8yrt av politiet.<\/p>\n<p>\u2013 Han forklarer at han er utsett for vald, og utover dette s\u00e5 er det for tidleg \u00e5 seie noko meir, sa Veum fredag.<\/p>\n<p>If\u00f8lgje politiet er mannen p\u00e5f\u00f8rt skader i form av at det vart brukt eit reiskap. Veum vil ikkje seia noko om kva reiskap det er snakk om, eller kva slags beslag som er gjort.<\/p>\n<p>NRK var fredag i kontakt med bistandsadvokat \u00d8yvind Borg. Han har ikkje \u00f8nskja \u00e5 gje nokon kommentarar p\u00e5 d\u00e5verande tidspunkt.<\/p>\n<p>Brann i same nabolag<\/p>\n<p>Kvinna er ikkje sikta for brannstifting, men politiet ser p\u00e5 om brannen i mannens bustad torsdag og valden kan ha samanheng.<\/p>\n<p>Det var \u00f2g brann i ein fritidsbustad i <a href=\"https:\/\/www.nrk.no\/innlandet\/slukkearbeidet-pagar-fortsatt-etter-boligbrann-pa-elverum-1.17696055\" ec-id=\"pp:article:1.17696055\" ec-name=\"same omr\u00e5de onsdag\" rel=\"nofollow noopener\" target=\"_blank\">same omr\u00e5de onsdag<\/a>. Politiet ser p\u00e5 om det er nokon samanheng mellom dei to hendingane.<\/p>\n<p>Publisert<\/p>\n<p>20.12.2025, kl. 15.25<\/p>\n<p>Oppdatert<\/p>\n<p>20.12.2025, kl. 16.35<\/p>\n","protected":false},"excerpt":{"rendered":"Saka samanfatta: Ein 90 \u00e5r gammal mann vart funnen hardt skadd utand\u00f8rs i Elverum torsdag kveld. Samstundes oppstod&hellip;\n","protected":false},"author":2,"featured_media":118394,"comment_status":"","ping_status":"","sticky":false,"template":"","format":"standard","meta":{"footnotes":""},"categories":[5],"tags":[20,21,24,25,15,19,22,23,17,18,13,30,28,29,14,16,26,27],"class_list":{"0":"post-118393","1":"post","2":"type-post","3":"status-publish","4":"format-standard","5":"has-post-thumbnail","7":"category-overskrifter","8":"tag-breaking-news","9":"tag-breakingnews","10":"tag-featured-news","11":"tag-featurednews","12":"tag-headlines","13":"tag-hovedoppslag","14":"tag-latest-news","15":"tag-latestnews","16":"tag-main-news","17":"tag-mainnews","18":"tag-news","19":"tag-no","20":"tag-norge","21":"tag-norway","22":"tag-nyheter","23":"tag-overskrifter","24":"tag-top-stories","25":"tag-topstories"},"share_on_mastodon":{"url":"https:\/\/pubeurope.com\/@no\/115753479446128189","error":""},"_links":{"self":[{"href":"https:\/\/www.europesays.com\/no\/wp-json\/wp\/v2\/posts\/118393","targetHints":{"allow":["GET"]}}],"collection":[{"href":"https:\/\/www.europesays.com\/no\/wp-json\/wp\/v2\/posts"}],"about":[{"href":"https:\/\/www.europesays.com\/no\/wp-json\/wp\/v2\/types\/post"}],"author":[{"embeddable":true,"href":"https:\/\/www.europesays.com\/no\/wp-json\/wp\/v2\/users\/2"}],"replies":[{"embeddable":true,"href":"https:\/\/www.europesays.com\/no\/wp-json\/wp\/v2\/comments?post=118393"}],"version-history":[{"count":0,"href":"https:\/\/www.europesays.com\/no\/wp-json\/wp\/v2\/posts\/118393\/revisions"}],"wp:featuredmedia":[{"embeddable":true,"href":"https:\/\/www.europesays.com\/no\/wp-json\/wp\/v2\/media\/118394"}],"wp:attachment":[{"href":"https:\/\/www.europesays.com\/no\/wp-json\/wp\/v2\/media?parent=118393"}],"wp:term":[{"taxonomy":"category","embeddable":true,"href":"https:\/\/www.europesays.com\/no\/wp-json\/wp\/v2\/categories?post=118393"},{"taxonomy":"post_tag","embeddable":true,"href":"https:\/\/www.europesays.com\/no\/wp-json\/wp\/v2\/tags?post=118393"}],"curies":[{"name":"wp","href":"https:\/\/api.w.org\/{rel}","templated":true}]}}