{"id":118395,"date":"2025-12-20T19:11:26","date_gmt":"2025-12-20T19:11:26","guid":{"rendered":"https:\/\/www.europesays.com\/no\/118395\/"},"modified":"2025-12-20T19:11:26","modified_gmt":"2025-12-20T19:11:26","slug":"anthony-joshua-jake-paul-jake-paul-bekrefter-to-brudd-i-kjeven-etter-tap-pa-knockout-mot-anthony-joshua","status":"publish","type":"post","link":"https:\/\/www.europesays.com\/no\/118395\/","title":{"rendered":"Anthony Joshua, Jake paul | Jake Paul bekrefter to brudd i kjeven etter tap p\u00e5 knockout mot Anthony Joshua"},"content":{"rendered":"\n<p>Jake Paul (28) avsl\u00f8rer at han har p\u00e5dratt seg flere bruddskader kjeven, etter \u00e5 ha blitt ettertrykkelig satt p\u00e5 plass i den mye omtalte boksekampen mot Anthony Joshua (36) i Miami.<\/p>\n<p>Paul har l\u00f8rdag morgen lagt ut noe som ser ut til \u00e5 v\u00e6re et r\u00f8ntgenbilde av skadene sine p\u00e5 nettsamfunnet <a href=\"https:\/\/x.com\/jakepaul\/status\/2002276994042474799\" rel=\"Follow nofollow\">X<\/a>. Bildet viser tilsynelatende at underkjeven til amerikaneren har brudd p\u00e5 begge sider.<\/p>\n<p>Tidligere tungvektsverdensmester Joshua slo knockout p\u00e5 Paul i den sjette runden av oppgj\u00f8ret etter en tung slagserie. Briten dominerte kampen stort og Paul ble sendt ned i kanvasen hele fire ganger.<\/p>\n<p>   <img decoding=\"async\" width=\"1152\" height=\"648\" fetchpriority=\"low\"  loading=\"lazy\"  src=\"https:\/\/www.europesays.com\/no\/wp-content\/uploads\/2025\/12\/jake-pual-2.jpg\" alt=\"Anthony Joshua (til h\u00f8yre) ga motstander Jake Paul en bokseleksjon i oppgj\u00f8ret.\" class=\"brick-c-cFOWSL\" style=\"--brick-image-ratio: 1152 \/ 648;\"\/><\/p>\n<p>      P\u00c5 DEFENSIVEN: Anthony Joshua (til h\u00f8yre) ga motstander Jake Paul en bokseleksjon i oppgj\u00f8ret.<br \/>\n      Foto: Giorgio Viera (AFP\/NTB)\n    <\/p>\n<p><b>Les ogs\u00e5:<\/b> <a href=\"https:\/\/www.nettavisen.no\/sport\/ringjentene-skaper-overskrifter-for-storkampen-mellom-anthony-joshua-og-jake-paul\/s\/5-95-2788854\" rel=\"Follow nofollow noopener\" target=\"_blank\">Skaper overskrifter f\u00f8r storkampen<\/a><\/p>\n<p>Joshua var som ventet knusende overlegen i kampen mot den mye omtalte influenseren Paul.<\/p>\n<p>Den britiske 36-\u00e5ringen var VM-tittelholder i tungvektsklassen i tre ulike bokseforbund (IBF, IBO og WBO) \u2013 i to forskjellige perioder \u2013da han var p\u00e5 toppen av karrieren. F\u00f8rst fra 2017 til 2019, og deretter da han gjenvant tittelbeltene sine fra Andy Ruiz seinere samme \u00e5r og holdt p\u00e5 dem til 2021.<\/p>\n<p><b>Les ogs\u00e5:<\/b> <a href=\"https:\/\/www.nettavisen.no\/sport\/lordagens-premier-league-rykter\/s\/5-95-2791065\" rel=\"Follow nofollow noopener\" target=\"_blank\">L\u00f8rdagens Premier League-rykter<\/a><\/p>\n<p>Etter to nederlag mot den ubeseirede ukraineren Oleksandr Usyk, har Joshua v\u00e6rt noe mindre aktiv de siste \u00e5rene. Han hadde \u00abbare\u00bb bokset fem oppgj\u00f8r (fire seirer og ett tap) fra sommeren 2022 og fram til nattens duell mot Jake Paul.<\/p>\n<p>Joshua har vunnet 29 av 33 kamper som proffbokser, deriblant 26 ganger p\u00e5 knockout.<\/p>\n<p>Paul hadde f\u00f8r l\u00f8rdagens oppgj\u00f8r vunnet tolv kamper, og bare tapt \u00e9n, siden han begynte med profesjonell boksing i 2020.<\/p>\n","protected":false},"excerpt":{"rendered":"Jake Paul (28) avsl\u00f8rer at han har p\u00e5dratt seg flere bruddskader kjeven, etter \u00e5 ha blitt ettertrykkelig satt&hellip;\n","protected":false},"author":2,"featured_media":118396,"comment_status":"","ping_status":"","sticky":false,"template":"","format":"standard","meta":{"footnotes":""},"categories":[59],"tags":[30,28,29,83,82],"class_list":{"0":"post-118395","1":"post","2":"type-post","3":"status-publish","4":"format-standard","5":"has-post-thumbnail","7":"category-sport","8":"tag-no","9":"tag-norge","10":"tag-norway","11":"tag-sport","12":"tag-sports"},"share_on_mastodon":{"url":"https:\/\/pubeurope.com\/@no\/115753483390255758","error":""},"_links":{"self":[{"href":"https:\/\/www.europesays.com\/no\/wp-json\/wp\/v2\/posts\/118395","targetHints":{"allow":["GET"]}}],"collection":[{"href":"https:\/\/www.europesays.com\/no\/wp-json\/wp\/v2\/posts"}],"about":[{"href":"https:\/\/www.europesays.com\/no\/wp-json\/wp\/v2\/types\/post"}],"author":[{"embeddable":true,"href":"https:\/\/www.europesays.com\/no\/wp-json\/wp\/v2\/users\/2"}],"replies":[{"embeddable":true,"href":"https:\/\/www.europesays.com\/no\/wp-json\/wp\/v2\/comments?post=118395"}],"version-history":[{"count":0,"href":"https:\/\/www.europesays.com\/no\/wp-json\/wp\/v2\/posts\/118395\/revisions"}],"wp:featuredmedia":[{"embeddable":true,"href":"https:\/\/www.europesays.com\/no\/wp-json\/wp\/v2\/media\/118396"}],"wp:attachment":[{"href":"https:\/\/www.europesays.com\/no\/wp-json\/wp\/v2\/media?parent=118395"}],"wp:term":[{"taxonomy":"category","embeddable":true,"href":"https:\/\/www.europesays.com\/no\/wp-json\/wp\/v2\/categories?post=118395"},{"taxonomy":"post_tag","embeddable":true,"href":"https:\/\/www.europesays.com\/no\/wp-json\/wp\/v2\/tags?post=118395"}],"curies":[{"name":"wp","href":"https:\/\/api.w.org\/{rel}","templated":true}]}}