{"id":118405,"date":"2025-12-20T19:26:08","date_gmt":"2025-12-20T19:26:08","guid":{"rendered":"https:\/\/www.europesays.com\/no\/118405\/"},"modified":"2025-12-20T19:26:08","modified_gmt":"2025-12-20T19:26:08","slug":"skyggeflate-russland-russisk-skip-har-ankret-opp-utenfor-sverige-skal-tilhore-skyggeflaten","status":"publish","type":"post","link":"https:\/\/www.europesays.com\/no\/118405\/","title":{"rendered":"Skyggefl\u00e5te, Russland | Russisk skip har ankret opp utenfor Sverige \u2013 skal tilh\u00f8re skyggefl\u00e5ten"},"content":{"rendered":"\n<p>If\u00f8lge He <a rel=\"noopener nofollow\" href=\"https:\/\/www.sydsvenskan.se\/skane\/ryskt-fartyg-med-sanktioner-har-ankrat-utanfor-hoganas\/\" target=\"_blank\">lsingborgs Dagblad <\/a>skal skipet tilh\u00f8re den russiske skyggefl\u00e5ten, og rederiet skal tidligere ha fraktet nordkoreansk ammunisjon til Russland og missiler til Kina.<\/p>\n<p>\u2013 Vi har underrettet alle myndigheter, sier Marco Svensson, sjef ved Sj\u00f6fartsverkets overv\u00e5kingssentral, til avisen. Han legger til at det er uvanlig at et sanksjonert skip har ankret opp s\u00e5 n\u00e6r den svenske kysten.<\/p>\n<p>Fart\u00f8yet skal ha maskinproblemer. Det forlot den russiske havnen Bronka utenfor St. Petersburg for fire dager siden, if\u00f8lge AIS-data. Hvor fart\u00f8yet er p\u00e5 vei, er ikke kjent.<\/p>\n<p>Offisielt er det russiskflaggede skipet Adler et vanlig fraktfart\u00f8y. Men den internasjonale sanksjonsdatabasen OpenSanctions opplyser at fart\u00f8yet eies av selskapet M Leasing LLC. Disse st\u00e5r p\u00e5 sanksjonslister i b\u00e5de USA og EU.<\/p>\n","protected":false},"excerpt":{"rendered":"If\u00f8lge He lsingborgs Dagblad skal skipet tilh\u00f8re den russiske skyggefl\u00e5ten, og rederiet skal tidligere ha fraktet nordkoreansk ammunisjon&hellip;\n","protected":false},"author":2,"featured_media":3844,"comment_status":"","ping_status":"","sticky":false,"template":"","format":"standard","meta":{"footnotes":""},"categories":[12],"tags":[20,21,24,25,15,22,23,13,30,28,29,14,16,26,27,42,43,44,45],"class_list":{"0":"post-118405","1":"post","2":"type-post","3":"status-publish","4":"format-standard","5":"has-post-thumbnail","7":"category-verden","8":"tag-breaking-news","9":"tag-breakingnews","10":"tag-featured-news","11":"tag-featurednews","12":"tag-headlines","13":"tag-latest-news","14":"tag-latestnews","15":"tag-news","16":"tag-no","17":"tag-norge","18":"tag-norway","19":"tag-nyheter","20":"tag-overskrifter","21":"tag-top-stories","22":"tag-topstories","23":"tag-verden","24":"tag-world","25":"tag-world-news","26":"tag-worldnews"},"share_on_mastodon":{"url":"https:\/\/pubeurope.com\/@no\/115753542266103768","error":""},"_links":{"self":[{"href":"https:\/\/www.europesays.com\/no\/wp-json\/wp\/v2\/posts\/118405","targetHints":{"allow":["GET"]}}],"collection":[{"href":"https:\/\/www.europesays.com\/no\/wp-json\/wp\/v2\/posts"}],"about":[{"href":"https:\/\/www.europesays.com\/no\/wp-json\/wp\/v2\/types\/post"}],"author":[{"embeddable":true,"href":"https:\/\/www.europesays.com\/no\/wp-json\/wp\/v2\/users\/2"}],"replies":[{"embeddable":true,"href":"https:\/\/www.europesays.com\/no\/wp-json\/wp\/v2\/comments?post=118405"}],"version-history":[{"count":0,"href":"https:\/\/www.europesays.com\/no\/wp-json\/wp\/v2\/posts\/118405\/revisions"}],"wp:featuredmedia":[{"embeddable":true,"href":"https:\/\/www.europesays.com\/no\/wp-json\/wp\/v2\/media\/3844"}],"wp:attachment":[{"href":"https:\/\/www.europesays.com\/no\/wp-json\/wp\/v2\/media?parent=118405"}],"wp:term":[{"taxonomy":"category","embeddable":true,"href":"https:\/\/www.europesays.com\/no\/wp-json\/wp\/v2\/categories?post=118405"},{"taxonomy":"post_tag","embeddable":true,"href":"https:\/\/www.europesays.com\/no\/wp-json\/wp\/v2\/tags?post=118405"}],"curies":[{"name":"wp","href":"https:\/\/api.w.org\/{rel}","templated":true}]}}