{"id":118408,"date":"2025-12-20T19:30:34","date_gmt":"2025-12-20T19:30:34","guid":{"rendered":"https:\/\/www.europesays.com\/no\/118408\/"},"modified":"2025-12-20T19:30:34","modified_gmt":"2025-12-20T19:30:34","slug":"opplysninger-til-itromso-til-naere-a-gjennomfore-to-rekordkjop-itromso-no","status":"publish","type":"post","link":"https:\/\/www.europesays.com\/no\/118408\/","title":{"rendered":"(+) Opplysninger til iTroms\u00f8: TIL n\u00e6re \u00e5 gjennomf\u00f8re to (!) rekordkj\u00f8p &#8211; itromso.no"},"content":{"rendered":"<ol>\n<li><a href=\"https:\/\/news.google.com\/rss\/articles\/CBMitAFBVV95cUxONWprTW5MYURLRVZMdkdPekgyQ2FaTlAzRDJIT3JrODNyT0lQWHRYZXN2elY0RlgtM05VZWVrRWJ1TEZEWWl1VDV6Um50MWp4N2pKT1NHSUdqWktLZTVSNzVPbmxWUFhyck5MMW1YWmowaGEzRXI5MFdINi14dWNXOWxFVTV1TzJUTDY0bm1GT1VzNkxLRXJiZnJ4QkJWOFNtMUc5aFgwdDJHSUFSelBiVTQ2V0w?oc=5\" target=\"_blank\" rel=\"nofollow noopener\">(+) Opplysninger til iTroms\u00f8: TIL n\u00e6re \u00e5 gjennomf\u00f8re to (!) rekordkj\u00f8p<\/a>&nbsp;&nbsp;itromso.no<\/li>\n<li><a href=\"https:\/\/news.google.com\/rss\/articles\/CBMilAFBVV95cUxPWW5RN0xlUi1oNzc2cjRfMzRtRTdzeVJmOW9oS0RraTlBMXRNelNCaGdHdnRmY3JVenBTR2t6ZUtMTVRwZ0t4Y3VUNXFzV0NDcllIMGlfbWFMb1dwa3M5WVVNSGhaa3JUaWJ5Um5OWHpiMmxGMlJQVmk5cktrWnZGUE1mSzdtYlRqM09NQWNSYUE0R19r?oc=5\" target=\"_blank\" rel=\"nofollow noopener\">KIL, Sport | N\u00e6rmer seg overgang til toppklubb \u2013 bekrefter dialog<\/a>&nbsp;&nbsp;Gl\u00e5mdalen<\/li>\n<li><a href=\"https:\/\/news.google.com\/rss\/articles\/CBMia0FVX3lxTE9EQm80QVVUbzdMRWpDT3J0VmVvRWl4UEs4RVRDZmpveTFucDBpWkxGTzhlbWNxRVZGV3VtMGNXSGIzWlB0dC1FcjJOUGlSMzRRNU9uTXQ0ZGJPSWc3Y0RydmtyQWViVlZteXo0?oc=5\" target=\"_blank\" rel=\"nofollow noopener\">Sport, Eliteserien 2025 | Punger ut store bel\u00f8p<\/a>&nbsp;&nbsp;Nordlys<\/li>\n<li><a href=\"https:\/\/news.google.com\/rss\/articles\/CBMiekFVX3lxTFB0VDNxZ3I0UENpMUJSOWp0RlAwTVIyYVZ6cnl4Q3lKcUV6dHE5Yko5dnJpMjdpS1UwSWMyemN1MU5nekpXWWlhZlNlRnltVGtPMjZmeVlNMkE2Ni05VzhET2Rqb3Uybjd6eW85eC1YT3RJRnZFLTdJRFZR?oc=5\" target=\"_blank\" rel=\"nofollow noopener\">(+) Kan bli klar for Troms\u00f8 f\u00f8r jul<\/a>&nbsp;&nbsp;Mitt Kongsvinger<\/li>\n<li><a href=\"https:\/\/news.google.com\/rss\/articles\/CBMirgFBVV95cUxPMURKdmlmLUV1RTJOSHFkT1l3eUJRc25xd2pKRlRrV0l5VzlOWkd1SWk0YjlnbFVFTy0xR0hpSUpNOWVLeFJBZWVqWnJnV0w1QU9ja0NUOGRBOThnX1BJTkhrUWRmRjJJNGlKWmoxS2dYMTFoZ0NNcko5MlB2a0o2MlpPbnMyZWV6RmEzdElibXAwVS1qeGw0QWw4X05qWUtZNDdnRWJYcTlEV2pDRWc?oc=5\" target=\"_blank\" rel=\"nofollow noopener\">Transfer-spesial: Avsl\u00f8rer hittil ukjent fremst\u00f8t \u2013 TILs gedigne bud p\u00e5 19-\u00e5ringen ble blankt avvist<\/a>&nbsp;&nbsp;itromso.no<\/li>\n<\/ol>\n","protected":false},"excerpt":{"rendered":"(+) Opplysninger til iTroms\u00f8: TIL n\u00e6re \u00e5 gjennomf\u00f8re to (!) rekordkj\u00f8p&nbsp;&nbsp;itromso.no KIL, Sport | N\u00e6rmer seg overgang til&hellip;\n","protected":false},"author":2,"featured_media":118409,"comment_status":"","ping_status":"","sticky":false,"template":"","format":"standard","meta":{"footnotes":""},"categories":[59],"tags":[92,30,28,29,83,82,471,472],"class_list":{"0":"post-118408","1":"post","2":"type-post","3":"status-publish","4":"format-standard","5":"has-post-thumbnail","7":"category-sport","8":"tag-fotball","9":"tag-no","10":"tag-norge","11":"tag-norway","12":"tag-sport","13":"tag-sports","14":"tag-til","15":"tag-tromso-il"},"share_on_mastodon":{"url":"https:\/\/pubeurope.com\/@no\/115753558012874062","error":""},"_links":{"self":[{"href":"https:\/\/www.europesays.com\/no\/wp-json\/wp\/v2\/posts\/118408","targetHints":{"allow":["GET"]}}],"collection":[{"href":"https:\/\/www.europesays.com\/no\/wp-json\/wp\/v2\/posts"}],"about":[{"href":"https:\/\/www.europesays.com\/no\/wp-json\/wp\/v2\/types\/post"}],"author":[{"embeddable":true,"href":"https:\/\/www.europesays.com\/no\/wp-json\/wp\/v2\/users\/2"}],"replies":[{"embeddable":true,"href":"https:\/\/www.europesays.com\/no\/wp-json\/wp\/v2\/comments?post=118408"}],"version-history":[{"count":0,"href":"https:\/\/www.europesays.com\/no\/wp-json\/wp\/v2\/posts\/118408\/revisions"}],"wp:featuredmedia":[{"embeddable":true,"href":"https:\/\/www.europesays.com\/no\/wp-json\/wp\/v2\/media\/118409"}],"wp:attachment":[{"href":"https:\/\/www.europesays.com\/no\/wp-json\/wp\/v2\/media?parent=118408"}],"wp:term":[{"taxonomy":"category","embeddable":true,"href":"https:\/\/www.europesays.com\/no\/wp-json\/wp\/v2\/categories?post=118408"},{"taxonomy":"post_tag","embeddable":true,"href":"https:\/\/www.europesays.com\/no\/wp-json\/wp\/v2\/tags?post=118408"}],"curies":[{"name":"wp","href":"https:\/\/api.w.org\/{rel}","templated":true}]}}