{"id":118412,"date":"2025-12-20T19:35:27","date_gmt":"2025-12-20T19:35:27","guid":{"rendered":"https:\/\/www.europesays.com\/no\/118412\/"},"modified":"2025-12-20T19:35:27","modified_gmt":"2025-12-20T19:35:27","slug":"indre-ostfold-marker-det-gar-mot-kaldere-tider-likevel-ma-man-se-langt-etter-hvit-jul-smaalenenes-avis","status":"publish","type":"post","link":"https:\/\/www.europesays.com\/no\/118412\/","title":{"rendered":"Indre \u00d8stfold, Marker | Det g\u00e5r mot kaldere tider \u2013 likevel m\u00e5 man se langt etter hvit jul &#8211; Smaalenenes Avis"},"content":{"rendered":"<ol>\n<li><a href=\"https:\/\/news.google.com\/rss\/articles\/CBMiqAFBVV95cUxPeWp2SHRNd091Wmo0T1FMMUFlUzRaeUJiRmpweFlvOTRJQkF2cGYyeHdzbzkxREJidDZlTmYwSWJ1TWVrT0NlU1F5RnpCYVBpOWNZWENldWozcF9hRjNQVDNxSFREZVV2eGl3NkFZT1BQWHZDQkhlQ0hDamlWVzZWa2VSMUc4d2J2OXczekJFWi1WQmNNTEV6dlRkdDF3dldFT0VpaXZiYXo?oc=5\" target=\"_blank\" rel=\"nofollow noopener\">Indre \u00d8stfold, Marker | Det g\u00e5r mot kaldere tider \u2013 likevel m\u00e5 man se langt etter hvit jul<\/a>&nbsp;&nbsp;Smaalenenes Avis<\/li>\n<li><a href=\"https:\/\/news.google.com\/rss\/articles\/CBMihAFBVV95cUxQdGk3YWVkVWJQNk5OX2pOdExOZi1vLW9fdHZ0dWFfVllvVXd4UXg3emZ6NTBhYUJ2V3NramFwTzBVUVpCc0JfWHM4eHdmakJMWmFCanhwSzNLOTB4VW9vLXpXRVhaS1UwZ1Q5N3VqZl9Ma0ZyWlM4VVd6NjlCcXpPLTd4VnE?oc=5\" target=\"_blank\" rel=\"nofollow noopener\">\u2013 Desember har v\u00e6rt skikkelig stusselig<\/a>&nbsp;&nbsp;VG<\/li>\n<li><a href=\"https:\/\/news.google.com\/rss\/articles\/CBMiowFBVV95cUxOeEw5YzNtMzlWSHVBVFJUZkhlZHFJYXhvcjJCWFVMM3Bvdm03TTBQY0tTTlI0b0V0NDJyajR2cVZQeWRQUU5QVnd6YXUzejB1REdScWE1ZGZ5ckxua3h0T1BOcTBJMGJkOEJlb1ZOYW0tN1Jra2d0Rk14T2x5eVJZdGlUNlJYaGhwanJMWmM0VjRoNTRNOVg0MTRHLWdZZUdvTXpR?oc=5\" target=\"_blank\" rel=\"nofollow noopener\">(+) Meteoro\u00adlogen: Det er bare \u00e5 venne seg til h\u00e5lke p\u00e5 julaften<\/a>&nbsp;&nbsp;itromso.no<\/li>\n<li><a href=\"https:\/\/news.google.com\/rss\/articles\/CBMiY0FVX3lxTE9uelI3U0FIcEtfOHdaWDRjNDZ1aGdwYmxObVRjTmUtbXFIZlB1ZmZvTUxwYk1scjlVUTE4VTdWOVg2bzBqaThRbU1naEI2OVV3dS1fREtscTZicVkzTFVwN1pWMA?oc=5\" target=\"_blank\" rel=\"nofollow noopener\">N\u00e5 snur det<\/a>&nbsp;&nbsp;Dagbladet<\/li>\n<li><a href=\"https:\/\/news.google.com\/rss\/articles\/CBMiaEFVX3lxTFBZSjYxOW5wNTktQTBtR0N4LWQyX0NXQnlCREZDR0YzM29lbkNLdDVVc2tOYTFmYVBYcW5LTTFkb2lpTGgtS2JzX0xEejF5SzJaeVowTHNEdDJtSUx4Y01Md1E0azhvSlhy?oc=5\" target=\"_blank\" rel=\"nofollow noopener\">Meteorologen har talt: Slik blir v\u00e6ret i jula<\/a>&nbsp;&nbsp;smp.no<\/li>\n<\/ol>\n","protected":false},"excerpt":{"rendered":"Indre \u00d8stfold, Marker | Det g\u00e5r mot kaldere tider \u2013 likevel m\u00e5 man se langt etter hvit jul&nbsp;&nbsp;Smaalenenes&hellip;\n","protected":false},"author":2,"featured_media":118413,"comment_status":"","ping_status":"","sticky":false,"template":"","format":"standard","meta":{"footnotes":""},"categories":[10],"tags":[20,21,24,25,15,22,23,13,30,28,29,14,16,26,27],"class_list":{"0":"post-118412","1":"post","2":"type-post","3":"status-publish","4":"format-standard","5":"has-post-thumbnail","7":"category-norge","8":"tag-breaking-news","9":"tag-breakingnews","10":"tag-featured-news","11":"tag-featurednews","12":"tag-headlines","13":"tag-latest-news","14":"tag-latestnews","15":"tag-news","16":"tag-no","17":"tag-norge","18":"tag-norway","19":"tag-nyheter","20":"tag-overskrifter","21":"tag-top-stories","22":"tag-topstories"},"share_on_mastodon":{"url":"https:\/\/pubeurope.com\/@no\/115753577568444040","error":""},"_links":{"self":[{"href":"https:\/\/www.europesays.com\/no\/wp-json\/wp\/v2\/posts\/118412","targetHints":{"allow":["GET"]}}],"collection":[{"href":"https:\/\/www.europesays.com\/no\/wp-json\/wp\/v2\/posts"}],"about":[{"href":"https:\/\/www.europesays.com\/no\/wp-json\/wp\/v2\/types\/post"}],"author":[{"embeddable":true,"href":"https:\/\/www.europesays.com\/no\/wp-json\/wp\/v2\/users\/2"}],"replies":[{"embeddable":true,"href":"https:\/\/www.europesays.com\/no\/wp-json\/wp\/v2\/comments?post=118412"}],"version-history":[{"count":0,"href":"https:\/\/www.europesays.com\/no\/wp-json\/wp\/v2\/posts\/118412\/revisions"}],"wp:featuredmedia":[{"embeddable":true,"href":"https:\/\/www.europesays.com\/no\/wp-json\/wp\/v2\/media\/118413"}],"wp:attachment":[{"href":"https:\/\/www.europesays.com\/no\/wp-json\/wp\/v2\/media?parent=118412"}],"wp:term":[{"taxonomy":"category","embeddable":true,"href":"https:\/\/www.europesays.com\/no\/wp-json\/wp\/v2\/categories?post=118412"},{"taxonomy":"post_tag","embeddable":true,"href":"https:\/\/www.europesays.com\/no\/wp-json\/wp\/v2\/tags?post=118412"}],"curies":[{"name":"wp","href":"https:\/\/api.w.org\/{rel}","templated":true}]}}