{"id":118416,"date":"2025-12-20T19:38:16","date_gmt":"2025-12-20T19:38:16","guid":{"rendered":"https:\/\/www.europesays.com\/no\/118416\/"},"modified":"2025-12-20T19:38:16","modified_gmt":"2025-12-20T19:38:16","slug":"russell-brand-kritiserer-katy-perrys-forhold-til-justin-trudeau-2","status":"publish","type":"post","link":"https:\/\/www.europesays.com\/no\/118416\/","title":{"rendered":"Russell Brand kritiserer Katy Perrys forhold til Justin Trudeau"},"content":{"rendered":"<p class=\"kicker \" style=\"\">Russell Brand og Katy Perry:<\/p>\n<p>  Skuespilleren har sterke meninger om ekskonas nye forhold.<\/p>\n<p>\n    NYTT FORHOLD: Justin Trudeau og Katy Perry ble f\u00f8rst sett sammen i juli 2025. Foto: Instagram \/ Katy Perry\n  <\/p>\n<p>Torsdag kveld holdt den engelske skuespilleren og komikeren Russell Brand (50) en tale p\u00e5 et Turning Point-arrangement i Phoenix.\u00a0<\/p>\n<p class=\"font-weight-bold m-font-weight-bold\" data-lab-font_weight=\"font-weight-bold\">I talen benyttet han anledningen til \u00e5 prate om ekskona Katy Perry (41) sitt nye forhold med Canadas tidligere statsminister, Justin Trudeau (53).<\/p>\n<p>        <img loading=\"lazy\" decoding=\"async\" src=\"https:\/\/www.europesays.com\/no\/wp-content\/uploads\/2025\/12\/1766259493_526_84009060.webp\" width=\"686\" height=\"968\" title=\"MISFORN\u00d8YD: Russell Brand uttrykker sterk misn\u00f8ye med ekskonas valg av partner. Foto: Jonathan Brady\" alt=\"\" class=\"\" style=\"--aspect-ratio-image: 0.71; \"\/><\/p>\n<p>\n        MISFORN\u00d8YD: Russell Brand uttrykker sterk misn\u00f8ye med ekskonas valg av partner. Foto: Jonathan Brady\n    <\/p>\n<p class=\"font-weight-bold m-font-weight-bold\" data-lab-font_weight=\"font-weight-bold\">&#8211; H\u00f8r her. Katy Perry, jeg var gift med henne. Jeg elsker henne fortsatt, og jeg er glad for at moren hennes er i rommet og h\u00f8rer meg si dette. Men h\u00f8r: Det var greit med Orlando Bloom, men Justin Trudeau? Kom igjen, da! Ikke sett meg i samme b\u00e5s som den fyren, sa Brand.<\/p>\n<p>        \u00abSKAL VI DANSE\u00bb: Danseparet bryter ut i latter under intervjuet. Video: Nora Skavhaug\/ R\u00f8d L\u00f8per<\/p>\n<p>Hadde problemer\t<\/p>\n<p>P\u00e5 nytt\u00e5rsaften i India i 2009, fridde Brand til Perry. Allerede 23. oktober 2010 giftet de seg i samme land. De fikk ingen barn sammen.<\/p>\n<p>Bare\u00a0<a href=\"https:\/\/www.dagbladet.no\/kjendis\/ekteskapet-royk-etter-bare-14-maneder-na-tar-russell-brand-bladet-fra-munnen\/67447668\" rel=\"nofollow noopener\" target=\"_blank\">14 m\u00e5neder<\/a> senere kom nyheten om at det hadde blitt slutt mellom komikeren og popstjernen. If\u00f8lge skilsmissedokumentene var grunnen til bruddet\u00a0\u00abuforenlige forskjeller\u00bb.<\/p>\n<p>    <a itemprop=\"url\" href=\"https:\/\/www.seher.no\/kjendis\/sjokk-anklage-far-til-elvis-sin-etterkommer\/84001482\" rel=\"nofollow noopener\" target=\"_blank\"><\/p>\n<p>        <img loading=\"lazy\" decoding=\"async\" src=\"https:\/\/www.europesays.com\/no\/wp-content\/uploads\/2025\/12\/84001780.webp\" width=\"147\" height=\"98\" title=\"Sjokkanklage\" alt=\"\" class=\"lazyload\" style=\"--aspect-ratio-image: 1.50; \"\/><\/p>\n<p>        Sjokkanklage<\/p>\n<p>    <\/a><\/p>\n<p>&#8211; Dessverre har Katy og jeg valgt \u00e5 avslutte v\u00e5rt ekteskap. Jeg kommer alltid til \u00e5 forgude henne og jeg vet at vi kommer til \u00e5 fortsette \u00e5 v\u00e6re venner, sa Brand i en pressemelding i 2011.<\/p>\n<p><a href=\"https:\/\/www.tmz.com\/2011\/12\/30\/katy-perry-divorce-russell-brand\/\" rel=\"nofollow noopener\" target=\"_blank\">TMZ<\/a>\u00a0meldte det samme \u00e5ret at paret hadde hatt problemer en stund og at de den siste tiden gikk uten gifteringer og feiret jul hver for seg.<\/p>\n<p>        <img loading=\"lazy\" decoding=\"async\" src=\"https:\/\/www.europesays.com\/no\/wp-content\/uploads\/2025\/12\/1766259495_996_84007260.webp\" width=\"667\" height=\"561\" title=\"SL\u00c5TT OPP: Det ble ikke et livslangt ekteskap mellom Katy Perry og Russell Brand. Foto: Rune Hellestad\/UPI\/Shutterstock\" alt=\"\" class=\"\" style=\"--aspect-ratio-image: 1.19; \"\/><\/p>\n<p>\n        SL\u00c5TT OPP: Det ble ikke et livslangt ekteskap mellom Katy Perry og Russell Brand. Foto: Rune Hellestad\/UPI\/Shutterstock\n    <\/p>\n<p>Innholdsrikt \u00e5r\t<\/p>\n<p>P\u00e5 en Golden Globe-fest i 2016 m\u00f8ttes Perry og skuespilleren Orlando Bloom (48). Tre \u00e5r senere forlovet de seg og i 2020 fikk de datteren Daisy Dove (5) sammen.<\/p>\n<p class=\"font-weight-bold m-font-weight-bold\" data-lab-font_weight=\"font-weight-bold\">Men etter \u00e5 ha holdt sammen i ni \u00e5r, bestemte paret seg i juni 2025 for \u00e5 avbryte forlovelsen.\u00a0<\/p>\n<p>        \u00abSKAL VI DANSE\u00bb: Danseparet bryter ut i latter under intervjuet. Video: Nora Skavhaug\/ R\u00f8d L\u00f8per<\/p>\n<p>En m\u00e5neds tid senere ble Perry og Trudeau for f\u00f8rste gang koblet sammen da de ble sett p\u00e5 date i Montreal.<\/p>\n<p>I oktober offentliggjorde dukket de opp sammen, \u00e5penbart godt klar over oppm\u00f8tt presse, utenfor en kabaretforestilling i Paris.<\/p>\n<p>    <a itemprop=\"url\" href=\"https:\/\/www.seher.no\/kjendis\/deler-gladnyhet\/84007304\" rel=\"nofollow noopener\" target=\"_blank\"><\/p>\n<p>        <img loading=\"lazy\" decoding=\"async\" src=\"https:\/\/www.europesays.com\/no\/wp-content\/uploads\/2025\/12\/1766259496_535_84007370.webp\" width=\"980\" height=\"441\" title=\"Deler gladnyhet\" alt=\"\" class=\"lazyload\" style=\"--aspect-ratio-image: 2.22; \"\/><\/p>\n<p>        Deler gladnyhet<\/p>\n<p>    <\/a><\/p>\n<p>Eksmannen Brand ble tidligere i \u00e5r tiltalt for to tilfeller av voldtekt, to tilfeller av seksuelle overgrep og ett tilfelle av uanstendig overfall.<\/p>\n<p>Han har nektet straffskyld p\u00e5 samtlige punkter. Rettssaken mot\u00a0Brand\u00a0er berammet til 3. juni neste \u00e5r.\u00a0<\/p>\n","protected":false},"excerpt":{"rendered":"Russell Brand og Katy Perry: Skuespilleren har sterke meninger om ekskonas nye forhold. NYTT FORHOLD: Justin Trudeau og&hellip;\n","protected":false},"author":2,"featured_media":118417,"comment_status":"","ping_status":"","sticky":false,"template":"","format":"standard","meta":{"footnotes":""},"categories":[58],"tags":[71,8706,3007,479,2543,30,28,29,11002,72],"class_list":{"0":"post-118416","1":"post","2":"type-post","3":"status-publish","4":"format-standard","5":"has-post-thumbnail","7":"category-underholdning","8":"tag-entertainment","9":"tag-justin-trudeau","10":"tag-katy-perry","11":"tag-kjendis","12":"tag-kjendisdesken","13":"tag-no","14":"tag-norge","15":"tag-norway","16":"tag-russell-brand","17":"tag-underholdning"},"share_on_mastodon":{"url":"https:\/\/pubeurope.com\/@no\/115753589439517821","error":""},"_links":{"self":[{"href":"https:\/\/www.europesays.com\/no\/wp-json\/wp\/v2\/posts\/118416","targetHints":{"allow":["GET"]}}],"collection":[{"href":"https:\/\/www.europesays.com\/no\/wp-json\/wp\/v2\/posts"}],"about":[{"href":"https:\/\/www.europesays.com\/no\/wp-json\/wp\/v2\/types\/post"}],"author":[{"embeddable":true,"href":"https:\/\/www.europesays.com\/no\/wp-json\/wp\/v2\/users\/2"}],"replies":[{"embeddable":true,"href":"https:\/\/www.europesays.com\/no\/wp-json\/wp\/v2\/comments?post=118416"}],"version-history":[{"count":0,"href":"https:\/\/www.europesays.com\/no\/wp-json\/wp\/v2\/posts\/118416\/revisions"}],"wp:featuredmedia":[{"embeddable":true,"href":"https:\/\/www.europesays.com\/no\/wp-json\/wp\/v2\/media\/118417"}],"wp:attachment":[{"href":"https:\/\/www.europesays.com\/no\/wp-json\/wp\/v2\/media?parent=118416"}],"wp:term":[{"taxonomy":"category","embeddable":true,"href":"https:\/\/www.europesays.com\/no\/wp-json\/wp\/v2\/categories?post=118416"},{"taxonomy":"post_tag","embeddable":true,"href":"https:\/\/www.europesays.com\/no\/wp-json\/wp\/v2\/tags?post=118416"}],"curies":[{"name":"wp","href":"https:\/\/api.w.org\/{rel}","templated":true}]}}