{"id":118428,"date":"2025-12-20T19:58:10","date_gmt":"2025-12-20T19:58:10","guid":{"rendered":"https:\/\/www.europesays.com\/no\/118428\/"},"modified":"2025-12-20T19:58:10","modified_gmt":"2025-12-20T19:58:10","slug":"nyheiter-trafikk-trafikkulykke-pa-e39-ein-mista-forarkortet","status":"publish","type":"post","link":"https:\/\/www.europesays.com\/no\/118428\/","title":{"rendered":"Nyheiter, Trafikk | Trafikkulykke p\u00e5 E39: Ein mista f\u00f8rarkortet"},"content":{"rendered":"\n<p>\u2013 Det var to bilar involvert i ulykka. Dei k\u00f8yrde i same k\u00f8yreretning, og dei var to personar i kvar bil, seier Innsatsleiar Sindre Erstad i politiet og Nils Medaas i Nordhordland brann og redning.<\/p>\n<p>Klokka 18:15 laurdag kveld fekk politiet melding om ei trafikkulykke p\u00e5 E39 i Alver. Ulykka skjedde om lag femti meter fr\u00e5 krysset mot Fyllingsnes.<\/p>\n<p>Politi og brannvesen rykte ut. Politiet rykte med to patruljar. Brannvesenet rykte med to stasjonar. Ein av stasjonane blei sendt heim, d\u00e5 ein fekk oversikt over skadeomfanget.<\/p>\n<p>Ein av dei involverte personane trong hjelp fr\u00e5 brannvesenet for \u00e5 kome seg ut av bilen, men vedkommande var ikkje fastklemt.<\/p>\n<p>\u2013 Alle fire er sendt til legevakt for sjekk. Ei f\u00f8rstevurdering er at dei ikkje var sv\u00e6rt alvorleg skadde, fortel Erstad og Medaas til NH p\u00e5 staden.<\/p>\n<p>   <img decoding=\"async\" width=\"1280\" height=\"591\" fetchpriority=\"low\"  loading=\"lazy\"  src=\"https:\/\/www.europesays.com\/no\/wp-content\/uploads\/2025\/12\/IMG_20251220_192041.jpg\" alt=\"\" class=\"brick-c-cFOWSL\" style=\"--brick-image-ratio: 1280 \/ 591;\"\/><\/p>\n<p>      Nils Medaas i Nordhordland brann og redning og Sindre Erstad i politiet.<br \/>\n      Foto: Oddbj\u00f8rn Rosnes\n    <\/p>\n<p>  Vegen open att<\/p>\n<p>Dei to bilane fekk, if\u00f8lge Medaas og Erstad, store materielle skadar.<\/p>\n<p>Europavegen blei ein periode steng som f\u00f8lge av ulykka, og NHs utsende reporter fortel om nokre hundre meter med k\u00f8 i begge retningar.<\/p>\n<p>Om lag klokka 19:20 blei vegen opna att.<\/p>\n<p>Klokka 20:06 melde politiet at eitt av k\u00f8yret\u00f8ya blir berga av bilbergar og at vegen blir kosta av entrepren\u00f8r. Det skal vere skadar p\u00e5 ein bil og p\u00e5 autovern. F\u00f8raren av den eine bilen har blitt fr\u00e5teken f\u00f8rarkortet. Politiet opprettar sak.<\/p>\n<p>   <img decoding=\"async\" width=\"951\" height=\"591\" fetchpriority=\"low\"  loading=\"lazy\"  src=\"https:\/\/www.europesays.com\/no\/wp-content\/uploads\/2025\/12\/IMG_20251220_190653.jpg\" alt=\"\" class=\"brick-c-cFOWSL\" style=\"--brick-image-ratio: 951 \/ 591;\"\/><\/p>\n<p>      Vegen var ein periode heilt stengt p\u00e5 grunn av ulykka. Det f\u00f8rte til k\u00f8.<br \/>\n      Foto: Oddbj\u00f8rn Rosnes\n    <\/p>\n","protected":false},"excerpt":{"rendered":"\u2013 Det var to bilar involvert i ulykka. Dei k\u00f8yrde i same k\u00f8yreretning, og dei var to personar&hellip;\n","protected":false},"author":2,"featured_media":118429,"comment_status":"","ping_status":"","sticky":false,"template":"","format":"standard","meta":{"footnotes":""},"categories":[10],"tags":[36,20,21,2298,24,25,15,22,23,13,30,28,29,3274,14,16,1510,26,27,224],"class_list":{"0":"post-118428","1":"post","2":"type-post","3":"status-publish","4":"format-standard","5":"has-post-thumbnail","7":"category-norge","8":"tag-art","9":"tag-breaking-news","10":"tag-breakingnews","11":"tag-e39","12":"tag-featured-news","13":"tag-featurednews","14":"tag-headlines","15":"tag-latest-news","16":"tag-latestnews","17":"tag-news","18":"tag-no","19":"tag-norge","20":"tag-norway","21":"tag-nyheiter","22":"tag-nyheter","23":"tag-overskrifter","24":"tag-story","25":"tag-top-stories","26":"tag-topstories","27":"tag-trafikk"},"share_on_mastodon":{"url":"https:\/\/pubeurope.com\/@no\/115753668729196927","error":""},"_links":{"self":[{"href":"https:\/\/www.europesays.com\/no\/wp-json\/wp\/v2\/posts\/118428","targetHints":{"allow":["GET"]}}],"collection":[{"href":"https:\/\/www.europesays.com\/no\/wp-json\/wp\/v2\/posts"}],"about":[{"href":"https:\/\/www.europesays.com\/no\/wp-json\/wp\/v2\/types\/post"}],"author":[{"embeddable":true,"href":"https:\/\/www.europesays.com\/no\/wp-json\/wp\/v2\/users\/2"}],"replies":[{"embeddable":true,"href":"https:\/\/www.europesays.com\/no\/wp-json\/wp\/v2\/comments?post=118428"}],"version-history":[{"count":0,"href":"https:\/\/www.europesays.com\/no\/wp-json\/wp\/v2\/posts\/118428\/revisions"}],"wp:featuredmedia":[{"embeddable":true,"href":"https:\/\/www.europesays.com\/no\/wp-json\/wp\/v2\/media\/118429"}],"wp:attachment":[{"href":"https:\/\/www.europesays.com\/no\/wp-json\/wp\/v2\/media?parent=118428"}],"wp:term":[{"taxonomy":"category","embeddable":true,"href":"https:\/\/www.europesays.com\/no\/wp-json\/wp\/v2\/categories?post=118428"},{"taxonomy":"post_tag","embeddable":true,"href":"https:\/\/www.europesays.com\/no\/wp-json\/wp\/v2\/tags?post=118428"}],"curies":[{"name":"wp","href":"https:\/\/api.w.org\/{rel}","templated":true}]}}