{"id":118432,"date":"2025-12-20T20:05:13","date_gmt":"2025-12-20T20:05:13","guid":{"rendered":"https:\/\/www.europesays.com\/no\/118432\/"},"modified":"2025-12-20T20:05:13","modified_gmt":"2025-12-20T20:05:13","slug":"femdoblet-pa-tre-ar","status":"publish","type":"post","link":"https:\/\/www.europesays.com\/no\/118432\/","title":{"rendered":"Femdoblet p\u00e5 tre \u00e5r"},"content":{"rendered":"<p>  Over en million pakker ble sendt fra Kina til privatpersoner i Norge bare i november. Organisasjon fortviler over den eksplosive \u00f8kningen.<\/p>\n<p>\n    PAKKEBOOM: Rekordmange vil f\u00e5 julegaver fra Kina i \u00e5r. Trolig er mange av disse fra nettbutikker som Temu. Avbildet er havna i Shanghai, Kinas st\u00f8rste containerhavn. Foto: Costfoto\/NurPhoto\/Shutterstock\/ NTB\n  <\/p>\n<p>Antall varer sendt fra Kina til privatpersoner i Norge er femdoblet p\u00e5 tre \u00e5r.\u00a0<\/p>\n<p>Det viser tall Dagbladet har f\u00e5tt fra Tolletaten.\u00a0<\/p>\n<p>I november 2022 kom det 218 324 pakker fra Kina til privatpersoner i Norge. I november i \u00e5r kom det over en million pakker, helt n\u00f8yaktig 1 081 933.<\/p>\n<p>Milj\u00f8- og solidaritetsorganisasjonen Framtiden i v\u00e5re hender \u00a0(FIVH)\u00a0fortviler over utviklingen.\u00a0<\/p>\n<p> &#8211;\u00a0En femdobling p\u00e5 tre \u00e5r er intet mindre enn en milj\u00f8- og helsekrise i postkassa. At vi n\u00e5 runder over en million pakker i m\u00e5neden, viser hvordan disse turboselskapene har lykkes med \u00e5 oversv\u00f8mme det norske markedet, sier leder\u00a0Tale Hungnes til Dagbladet.\u00a0<\/p>\n<p>    <a itemprop=\"url\" href=\"https:\/\/dinside.dagbladet.no\/fritid\/far-eu-slakt\/83391558\" rel=\"nofollow noopener\" target=\"_blank\"><\/p>\n<p>        <img loading=\"lazy\" decoding=\"async\" src=\"https:\/\/www.europesays.com\/no\/wp-content\/uploads\/2025\/12\/1766261110_307_83391581.webp\" width=\"980\" height=\"441\" title=\"F\u00e5r EU-slakt\" alt=\"\" class=\"lazyload\" style=\"--aspect-ratio-image: 2.22; \"\/><\/p>\n<p>        F\u00e5r EU-slakt<\/p>\n<p>    <\/a><\/p>\n<p>&#8211; Milj\u00f8farlig r\u00e6l\t<\/p>\n<p>Vi er i h\u00f8ysesongen for gavehandel, men det er ikke bare julehandelen som driver denne utviklingen.\u00a0<\/p>\n<p>Samlet sett har niv\u00e5et \u00f8kt kraftig gjennom de siste fire \u00e5ra. Ogs\u00e5 i juli i \u00e5r kom det over en million pakker fra Kina til privatpersoner i Norge, viser tallene. Utover h\u00f8sten har de m\u00e5nedlige tallene ligget p\u00e5 i overkant av 800 000 og 900 000 pakker. <\/p>\n<p>        <img loading=\"lazy\" decoding=\"async\" itemprop=\"image\" src=\"https:\/\/www.europesays.com\/no\/wp-content\/uploads\/2025\/12\/1766261110_28_84011393.webp\" width=\"180\" height=\"180\" alt=\"Tale Hungnes\"\/><\/p>\n<p>            Tale Hungnes<br \/>\n            Tale<br \/>\n            Hungnes        <\/p>\n<p>Leder i Framtiden i v\u00e5re hender<\/p>\n<p>Dette utgj\u00f8r en \u00abpermanent flom av milj\u00f8farlig r\u00e6l\u00bb som fraktes med over 100 flyavganger hver eneste dag, konkluderer\u00a0Hungnes.\u00a0<\/p>\n<p>Antall pakker i 2023 var omtrent en dobling av antallet pakker i 2022. I 2024 \u00f8kte det videre med i underkant av 50 prosent, mens antall pakker i november i \u00e5r er nesten dobbelt s\u00e5 mange som november i fjor.<\/p>\n<p>Tallene Dagbladet har f\u00e5tt fra Tolletaten strekker seg fra januar 2022 til november i \u00e5r.\u00a0<\/p>\n<p class=\"lab-bodytext-line\">I januar 2022 l\u00e5 tallene p\u00e5 73 666, alts\u00e5 er antall pakker fra Kina\u00a0blitt nesten 15 ganger s\u00e5 h\u00f8ye i l\u00f8pet av denne knappe fire\u00e5rsperioden.\u00a0\u00a0<\/p>\n<p class=\"lab-bodytext-line\"> Tallene er ogs\u00e5 ofte h\u00f8yere p\u00e5 h\u00f8sthalv\u00e5ret enn p\u00e5 v\u00e5ren. Tolletaten tar forbehold om at alle\u00a0tallene er basert p\u00e5 innrapporterte sendinger, og at det er ikke sikkert alle sendingene faktisk har kommet til Norge. <\/p>\n<p><\/p>\n<p>    <a itemprop=\"url\" href=\"https:\/\/dinside.dagbladet.no\/okonomi\/slar-alarm-ikke-kjop-dette\/82365731\" rel=\"nofollow noopener\" target=\"_blank\"><\/p>\n<p>        <img loading=\"lazy\" decoding=\"async\" src=\"https:\/\/www.europesays.com\/no\/wp-content\/uploads\/2025\/12\/1766261112_797_82366315.webp\" width=\"980\" height=\"441\" title=\"Sl\u00e5r alarm: - Ikke kj\u00f8p dette\" alt=\"\" class=\"lazyload\" style=\"--aspect-ratio-image: 2.22; \"\/><\/p>\n<p>        Sl\u00e5r alarm: &#8211; Ikke kj\u00f8p dette<\/p>\n<p>    <\/a><\/p>\n<p>&#8211; Direkte farlige\t<\/p>\n<p>Pakkenes innhold er ikke kjent, men det er stor grunn til \u00e5 anta at mange har innhold fra kinesiske nettbutikker som Temu, AliExpress og Shein.\u00a0\u00a0<\/p>\n<p>Tidligere i desember meldte Post Nord at Kina topper listene over pakker som kommer inn i disse f\u00f8rjulstider. Pressesjef i\u00a0 PostNord, Haakon Nikolai Olsen, uttalte til <a href=\"https:\/\/www.nrk.no\/stor-oslo\/nordmenn-kjoper-temu-gaver-som-aldri-for-1.17680854\" rel=\"nofollow noopener\" target=\"_blank\">NRK<\/a>\u00a0at han tror det blir mange\u00a0Temu-pakker under juletr\u00e6rne i \u00e5r. <\/p>\n<p>        JUL: Melania Trump delte mandag en video av julepynten i Det hvite hus for 2025. Video: @FLOTUS<\/p>\n<p> En PostNord-unders\u00f8kelse fra i h\u00f8st viste ogs\u00e5\u00a0 at \u00e9n av tre nordmenn handler p\u00e5 nett fra kinesiske nettbutikker som blant annet\u00a0Temu\u00a0og Shein. <\/p>\n<p> &#8211; Det store problemet her er alle de skjulte kostnadene som ikke st\u00e5r p\u00e5 prislappen. Her er det mange produkter som er direkte farlige, null \u00e5penhet om leverand\u00f8rene, det er sv\u00e6rt h\u00f8y risiko for tvangsarbeid i produksjonen og en forbrukspushing som tar overforbruket til nye h\u00f8yder, sier\u00a0Hungnes.<\/p>\n<p>    <a itemprop=\"url\" href=\"https:\/\/dinside.dagbladet.no\/fritid\/skremmende-funn\/82627572\" rel=\"nofollow noopener\" target=\"_blank\"><\/p>\n<p>        <img loading=\"lazy\" decoding=\"async\" src=\"https:\/\/www.europesays.com\/no\/wp-content\/uploads\/2025\/12\/1766261113_964_82627591.webp\" width=\"980\" height=\"441\" title=\"Skremmende funn\" alt=\"\" class=\"lazyload\" style=\"--aspect-ratio-image: 2.22; \"\/><\/p>\n<p>        Skremmende funn<\/p>\n<p>    <\/a><\/p>\n<p>P\u00e5 Temu-toppen\t<\/p>\n<p>Tidligere i desember ble det klart at EU innf\u00f8rer et midlertidig tollgebyr p\u00e5 tre euro for import av sm\u00e5pakker med en verdi p\u00e5 opptil 150 euro, omkring 180 kroner. Hensikten er \u00e5 bremse flommen av billigvarer fra\u00a0Kina\u00a0og selskaper som Temu og Shein.<\/p>\n<p>Tiltaket er midlertidig i p\u00e5vente av en omfattende tollreform som skal gjelde fra 2028.\u00a0<\/p>\n<p>Forel\u00f8pig er det ingen planer i Norge om \u00e5 kopiere EUs s\u00e5kalte\u00a0Temu-toll p\u00e5 sm\u00e5pakker, men det vurderes endringer fortl\u00f8pende, opplyste Finansdepartementet til NTB.<\/p>\n<p>        Peder (24) l\u00f8p etter tyvene i Bogstadveien, s\u00e5 ble han truffet. Video: Dagbladet-tipser. Reporter: Marte Nyl\u00f8kken Helseth. <\/p>\n<p> Framtiden i v\u00e5re hender er blant organisasjonene som har jobbet for en Temu-toll i Norge.\u00a0<\/p>\n<p>Leder Hungnes mener Norge m\u00e5 innf\u00f8re hastetiltak som er minst like strenge som EU. P\u00e5 lengre sikt mener hun det trengs varige l\u00f8sninger som stopper de farlige smutthullene i regelverket som turboselskapene benytter seg av. <\/p>\n<p> &#8211; Norge ligger p\u00e5 Temu-toppen i Norden og vi har ikke r\u00e5d til \u00e5 vente. Hvis ikke regjeringen girer opp arbeidet med \u00e5 bremseflommen av pakker, risikerer vi at Norge blir en dumpingplass for helsefarlig og milj\u00f8skadelig r\u00e6l. EU har allerede vedtatt en avgift for \u00e5 f\u00e5 redusert antall pakker, s\u00e5 her er det viktig \u00e5 f\u00f8lge p\u00e5, sier Hungnes.\u00a0<\/p>\n","protected":false},"excerpt":{"rendered":"Over en million pakker ble sendt fra Kina til privatpersoner i Norge bare i november. Organisasjon fortviler over&hellip;\n","protected":false},"author":2,"featured_media":118433,"comment_status":"","ping_status":"","sticky":false,"template":"","format":"standard","meta":{"footnotes":""},"categories":[10],"tags":[20,21,24,25,15,2539,413,22,23,13,30,28,29,14,16,4415,9828,26,27],"class_list":{"0":"post-118432","1":"post","2":"type-post","3":"status-publish","4":"format-standard","5":"has-post-thumbnail","7":"category-norge","8":"tag-breaking-news","9":"tag-breakingnews","10":"tag-featured-news","11":"tag-featurednews","12":"tag-headlines","13":"tag-innenriks","14":"tag-kina","15":"tag-latest-news","16":"tag-latestnews","17":"tag-news","18":"tag-no","19":"tag-norge","20":"tag-norway","21":"tag-nyheter","22":"tag-overskrifter","23":"tag-shopping","24":"tag-temu","25":"tag-top-stories","26":"tag-topstories"},"share_on_mastodon":{"url":"https:\/\/pubeurope.com\/@no\/115753696061977337","error":""},"_links":{"self":[{"href":"https:\/\/www.europesays.com\/no\/wp-json\/wp\/v2\/posts\/118432","targetHints":{"allow":["GET"]}}],"collection":[{"href":"https:\/\/www.europesays.com\/no\/wp-json\/wp\/v2\/posts"}],"about":[{"href":"https:\/\/www.europesays.com\/no\/wp-json\/wp\/v2\/types\/post"}],"author":[{"embeddable":true,"href":"https:\/\/www.europesays.com\/no\/wp-json\/wp\/v2\/users\/2"}],"replies":[{"embeddable":true,"href":"https:\/\/www.europesays.com\/no\/wp-json\/wp\/v2\/comments?post=118432"}],"version-history":[{"count":0,"href":"https:\/\/www.europesays.com\/no\/wp-json\/wp\/v2\/posts\/118432\/revisions"}],"wp:featuredmedia":[{"embeddable":true,"href":"https:\/\/www.europesays.com\/no\/wp-json\/wp\/v2\/media\/118433"}],"wp:attachment":[{"href":"https:\/\/www.europesays.com\/no\/wp-json\/wp\/v2\/media?parent=118432"}],"wp:term":[{"taxonomy":"category","embeddable":true,"href":"https:\/\/www.europesays.com\/no\/wp-json\/wp\/v2\/categories?post=118432"},{"taxonomy":"post_tag","embeddable":true,"href":"https:\/\/www.europesays.com\/no\/wp-json\/wp\/v2\/tags?post=118432"}],"curies":[{"name":"wp","href":"https:\/\/api.w.org\/{rel}","templated":true}]}}