{"id":118436,"date":"2025-12-20T20:07:29","date_gmt":"2025-12-20T20:07:29","guid":{"rendered":"https:\/\/www.europesays.com\/no\/118436\/"},"modified":"2025-12-20T20:07:29","modified_gmt":"2025-12-20T20:07:29","slug":"skiskyting-johan-olav-botn-johan-olav-botn-sikret-nye-seier-med-praktfull-jaktstart","status":"publish","type":"post","link":"https:\/\/www.europesays.com\/no\/118436\/","title":{"rendered":"Skiskyting, Johan-Olav Botn | Johan-Olav Botn sikret nye seier med praktfull jaktstart"},"content":{"rendered":"\n<p>Johan-Olav Botn (26) fortsetter den elleville formen han har vist i sesongstarten og gjennomf\u00f8rte en bortimot perfekt jaktstart i Frankrike l\u00f8rdag. Det ga sesongens tredje triumf for St\u00e5rheim-skiskytteren. <\/p>\n<p>Botn og landslagskompis Johannes Dale-Skjevdal (28) sto side om side p\u00e5 standplass, og i fronten av feltet, da l\u00f8rdagens fartsfylte jaktstart i franske Le Grand Bornand skulle avgj\u00f8res.<\/p>\n<p><b>Les ogs\u00e5:<\/b> <a href=\"https:\/\/www.nettavisen.no\/sport\/hevder-manchester-united-gar-for-to-nye-stjerner-i-januar\/s\/5-95-2791425\" rel=\"Follow nofollow noopener\" target=\"_blank\">Avis: United g\u00e5r for disse i januar<\/a><\/p>\n<p>Begge hadde tre feilfrie skytinger etter 15 av 20 skudd og viste ingen tegn til \u00e5 bomme. S\u00e5nn fortsatte det ogs\u00e5 p\u00e5 siste skyting, for \u00e9n av dem.<\/p>\n<p>\u2013 S\u00e5 r\u00e5tt \u00e5 se p\u00e5 <\/p>\n<p>\u2013 Han bommer jo ikke lenger, Johan Olav Botn, bemerket NRK-ekspert Torgeir Bj\u00f8rn etter b\u00e5de tredje og fjerde skyteserie p\u00e5 distansen.<\/p>\n<p>\u2013 Jeg m\u00e5 bare f\u00e5 si det: Han leverer helt perfekt igjen. Det er s\u00e5 r\u00e5tt \u00e5 se p\u00e5, alts\u00e5, supplerte kollegaen Ola Lunde.<\/p>\n<p><b>Les ogs\u00e5:<\/b> <a href=\"https:\/\/www.nettavisen.no\/sport\/fransk-hjemmetriumf-i-skiskyting-ingen-norske-topp-ti\/s\/5-95-2791458\" rel=\"Follow nofollow noopener\" target=\"_blank\">Spolerte for forbannet Tandrevold<\/a><\/p>\n<p>Ogs\u00e5 Sturla Holm L\u00e6greid (28) er mektig imponert. <\/p>\n<p>\u2013 Det er imponerende, hva John-Olav er laget av. Han har ikke bommet i \u00e5r han, nesten. S\u00e5 det er han som er den nye skytterkongen, og det er han jeg m\u00e5 l\u00e6re av. Han er en maskin og er up\u00e5virket av press og alt rundt, oppsummerte mannen som har tre individuelle VM-gull.<\/p>\n<p>Forventet \u00e5 bli sl\u00e5tt <\/p>\n<p>Selv sa vinneren dette til NRK om den tette duellen mot Dale-Skjevdal: <\/p>\n<p>\u2013 Han hadde en bra sisterunde p\u00e5 lager, s\u00e5 jeg f\u00f8lte meg litt som en statist i mitt eget l\u00f8p, for jeg f\u00f8lte alt l\u00e5 til rette for at han skulle vinne, sa Botn.<\/p>\n<p>Dale-Skjevdal, som aldri tidligere hadde skutt 20 av 20 blinker i en tilsvarende konkurranse, misset derimot to ganger. Mannen fra Blaker havnet p\u00e5 etterskudd med tanke p\u00e5 en pallplass, men gikk likevel sterkt p\u00e5 sisterunden.<\/p>\n<p>Han fullf\u00f8rte til slutt med en tredjeplass, etter \u00e5 ha blitt utman\u00f8vrert av Frankrikes Emilien Jaquelin i innspurten. Dale-Skjevdal spurtslo derimot en annen franskmann, \u00c9ric Perrot, i kampen om den siste pallplassen.<\/p>\n<p>Vetle Sj\u00e5stad Christiansen fullf\u00f8rte p\u00e5 en sjuendeplass etter to bomskudd, mens L\u00e6greid endte p\u00e5 plassen bak med like mange bom.<\/p>\n","protected":false},"excerpt":{"rendered":"Johan-Olav Botn (26) fortsetter den elleville formen han har vist i sesongstarten og gjennomf\u00f8rte en bortimot perfekt jaktstart&hellip;\n","protected":false},"author":2,"featured_media":118437,"comment_status":"","ping_status":"","sticky":false,"template":"","format":"standard","meta":{"footnotes":""},"categories":[59],"tags":[30,28,29,83,82],"class_list":{"0":"post-118436","1":"post","2":"type-post","3":"status-publish","4":"format-standard","5":"has-post-thumbnail","7":"category-sport","8":"tag-no","9":"tag-norge","10":"tag-norway","11":"tag-sport","12":"tag-sports"},"share_on_mastodon":{"url":"https:\/\/pubeurope.com\/@no\/115753703388255012","error":""},"_links":{"self":[{"href":"https:\/\/www.europesays.com\/no\/wp-json\/wp\/v2\/posts\/118436","targetHints":{"allow":["GET"]}}],"collection":[{"href":"https:\/\/www.europesays.com\/no\/wp-json\/wp\/v2\/posts"}],"about":[{"href":"https:\/\/www.europesays.com\/no\/wp-json\/wp\/v2\/types\/post"}],"author":[{"embeddable":true,"href":"https:\/\/www.europesays.com\/no\/wp-json\/wp\/v2\/users\/2"}],"replies":[{"embeddable":true,"href":"https:\/\/www.europesays.com\/no\/wp-json\/wp\/v2\/comments?post=118436"}],"version-history":[{"count":0,"href":"https:\/\/www.europesays.com\/no\/wp-json\/wp\/v2\/posts\/118436\/revisions"}],"wp:featuredmedia":[{"embeddable":true,"href":"https:\/\/www.europesays.com\/no\/wp-json\/wp\/v2\/media\/118437"}],"wp:attachment":[{"href":"https:\/\/www.europesays.com\/no\/wp-json\/wp\/v2\/media?parent=118436"}],"wp:term":[{"taxonomy":"category","embeddable":true,"href":"https:\/\/www.europesays.com\/no\/wp-json\/wp\/v2\/categories?post=118436"},{"taxonomy":"post_tag","embeddable":true,"href":"https:\/\/www.europesays.com\/no\/wp-json\/wp\/v2\/tags?post=118436"}],"curies":[{"name":"wp","href":"https:\/\/api.w.org\/{rel}","templated":true}]}}