{"id":118438,"date":"2025-12-20T20:12:09","date_gmt":"2025-12-20T20:12:09","guid":{"rendered":"https:\/\/www.europesays.com\/no\/118438\/"},"modified":"2025-12-20T20:12:09","modified_gmt":"2025-12-20T20:12:09","slug":"tror-fredsprisen-beskyttet-ham-i-fengselet-nrk-urix-utenriksnyheter-og-dokumentarer","status":"publish","type":"post","link":"https:\/\/www.europesays.com\/no\/118438\/","title":{"rendered":"\u2013 Tror fredsprisen beskyttet ham i fengselet \u2013 NRK Urix \u2013 Utenriksnyheter og -dokumentarer"},"content":{"rendered":"<p>\u2013 Det er sv\u00e6rt t\u00f8ft i belarusiske fengsler. Det er ikke som i vanlige europeiske fengsler. Hver dag m\u00e5 du tenke p\u00e5 hvordan du kan overleve. Hvordan du kan klare en dag til.<\/p>\n<p>\u2013 Det finnes knapt medisinsk hjelp. Politiske fanger blir utsatt for fysisk tortur og annen umenneskelig og ydmykende behandling.<\/p>\n<p>Det sier Ales Bjaljatski til NRK. I 2022 ble han tildelt Nobels fredspris for sin lange kamp for menneskerettigheter i Belarus.<\/p>\n<p>Da var han fengslet, tiltalt for \u00e5 ha smuglet penger inn i landet og for \u00e5 ha finansiert grupper som forstyrret den offentlige orden. Dommen ble p\u00e5 ti \u00e5r.<\/p>\n<p>Ales Bjaljatski<\/p>\n<ul>\n<li>Belarusisk forfatter og menneskerettighetsaktivist.<\/li>\n<li>Utdannet ved Homiel-universitetet i Belarus (historie og filologi), samt ved det belarusiske vitenskapelige akademiet (litteratur).<\/li>\n<li>Vinner av Nobels fredspris 2022<\/li>\n<li>F\u00f8dt i Vjartsilia i russisk Karelen i 1962<\/li>\n<li>Aktiv i menneskerettighetsarbeidet i den tidligere sovjetrepublikken Belarus siden 1980-tallet<\/li>\n<li>Leder for menneskerettsorganisasjonen Vjasna, som han grunnla i 1996<\/li>\n<li>Har sittet fengslet 2011-2014 og 2021 til 2025.<\/li>\n<li>Har vunnet flere priser, deriblant den svenske Per Anger-prisen i 2006 og Den norske Helsingforskomiteens Sakharovs frihetspris samme \u00e5r.<\/li>\n<li>Gift med Natalja Pintsjuk og har en s\u00f8nn, Adam.<\/li>\n<\/ul>\n<p>For en uke siden ble <a href=\"https:\/\/www.nrk.no\/urix\/fredsprisvinner-ales-bjaljatski-satt-fri-i-belarus-1.17691429\" ec-id=\"pp:article:1.17691429\" ec-name=\"han sluppet fri sammen med 121 andre\" rel=\"nofollow noopener\" target=\"_blank\">han sluppet fri sammen med 121 andre<\/a>.<\/p>\n<p><strong>I f\u00f8lge med amerikanske diplomater kom han til Litauens hovedstad Vilnius forrige l\u00f8rdag.<\/strong><\/p>\n<p>President Donald Trump har lovet \u00e5 presse president Aleksandr Lukasjenko til \u00e5 l\u00f8slate alle landets politiske fanger.<\/p>\n<p>I bytte skal Belarus f\u00e5 lettelser i sanksjonene landet er ilagt.<\/p>\n<p><img decoding=\"async\"   src=\"data:image\/gif;base64,R0lGODlhAQABAIAAAAAAAP\/\/\/yH5BAEAAAAALAAAAAABAAEAAAIBRAA7\" loading=\"eager\" alt=\"&#10;En bil med diplomatskilter kj\u00f8rer inn til USAs ambassade i Vilnius i Litauen med frigitt politiske fanger fra Belarus. \" title=\"Foto: PETRAS MALUKAS \/ AFP \/ NTB\"\/><\/p>\n<p class=\"\">Amerikanske diplomater har v\u00e6rt sentrale i forhandlingene om l\u00f8slatelsen av de belarusiske fangene. Her er f\u00f8lget av biler som kom kj\u00f8rende til den amerikanske ambassaden i Vilnius l\u00f8rdag 13. desember. <\/p>\n<p>Foto: PETRAS MALUKAS \/ AFP \/ NTB<\/p>\n<p>Kj\u00f8rt av g\u00e5rde med bind foran \u00f8ynene<\/p>\n<p>Ales Bjaljatski forteller om et d\u00f8gn som kunne v\u00e6rt del av en spionfilm.<\/p>\n<p>Forfatteren og menneskerettighetsaktivisten var plassert i en av landets beryktede straffeleire i Gorki.<\/p>\n<p>Byen ligger vel 15 kilometer fra grensen til Russland.<\/p>\n<p>\u2013 En av vokterne vekket meg rundt klokken 4 og ga tegn til at jeg skulle f\u00f8lge ham. Vi var 30 politiske fanger som sov sammen i et stort rom i en l\u00e5velignende bygning.<\/p>\n<p><strong>\u2013 P\u00e5 gangen stod en av lederne og sa: \u00abPakk sakene dine, vi skal dra.\u00bb<\/strong><\/p>\n<p><img decoding=\"async\"   src=\"data:image\/gif;base64,R0lGODlhAQABAIAAAAAAAP\/\/\/yH5BAEAAAAALAAAAAABAAEAAAIBRAA7\" loading=\"eager\" alt=\"Alec Bjaljatski 3. mars 2023\" title=\"Foto: AP\"\/><\/p>\n<p class=\"\">Ales Bjaljatski avbildet under den siste rettssaken mot ham i januar 2023. <\/p>\n<p>Foto: AP<\/p>\n<p>Bjaljatski sier han hadde f\u00e5tt vite at det p\u00e5gikk forhandlinger mellom USA og Belarus. Og at det hadde resultert i to runder med fangel\u00f8slatelser.<\/p>\n<p>Selv trodde han regimet ikke ville la ham g\u00e5, som landets mest internasjonalt kjente fange.<\/p>\n<p><strong>Han ble f\u00f8rt inn i en bil uten registreringsskilter og p\u00e5satt bind foran \u00f8ynene. <\/strong><\/p>\n<p>Tre voktere i sivile kl\u00e6r fulgte ham.<\/p>\n<p>\u2013 Jeg klarte \u00e5 skimte litt og forstod at vi kj\u00f8rte vestover, mot Minsk, deretter p\u00e5 motorveien mot Vilnius. Da antok jeg at vi skulle mot grensen.<\/p>\n<p><strong>\u2013 I grenseomr\u00e5det stanset vi i en skog, der vi ventet i fire timer p\u00e5 en tilsvarende uregistrert bil fra en annen straffeleir.<\/strong> <strong>S\u00e5 ble vi \u2013 rundt ti fanger \u2013 skysset over i en minibuss.<\/strong><\/p>\n<p>\u2013 Sammen med amerikanske diplomater kj\u00f8rte vi over grensen mellom Belarus og Litauen. Da gikk det opp for meg at vi ikke lenger var fanger, sier Bjaljatski.<\/p>\n<p>Det eneste som ergrer ham er at han ikke fikk med seg manuskriptene til to b\u00f8ker. I tillegg ble alle brev og offisielle papirer tatt fra ham.<\/p>\n<p><img decoding=\"async\"   src=\"data:image\/gif;base64,R0lGODlhAQABAIAAAAAAAP\/\/\/yH5BAEAAAAALAAAAAABAAEAAAIBRAA7\" loading=\"eager\" alt=\"Biler kj\u00f8rer gjennom porten til USAs ambassade i Vilnius i Litauen med frigitte politiske fanger fra Belarus.\" title=\"Foto: PETRAS MALUKAS \/ AFP \/ NTB\"\/><\/p>\n<p class=\"\">De l\u00f8slatte belarusiske fangene byttet kj\u00f8ret\u00f8y i et \u00f8de skogomr\u00e5de p\u00e5 grensen mellom Belarus og Litauen. Her kj\u00f8rer minibussene med fangene inn porten til den amerikanske ambassaden. <\/p>\n<p>Foto: PETRAS MALUKAS \/ AFP \/ NTB<\/p>\n<p><img decoding=\"async\"   src=\"data:image\/gif;base64,R0lGODlhAQABAIAAAAAAAP\/\/\/yH5BAEAAAAALAAAAAABAAEAAAIBRAA7\" loading=\"eager\" alt=\"Ales Bjaljatski tas imot av Svetlana Tikhanovskaja ved den amerikanske ambassaden i Vilnius etter l\u00f8slatelsen. \" title=\"Foto: Ints Kalnins \/ Reuters \/ NTB\"\/><\/p>\n<p class=\"\">Da Ales Bjaljatski var ute av minibussen som hadde hentet ham og andre p\u00e5 grensen, ble han m\u00f8tt av Svetlana Tikhanovskaja, som de siste \u00e5rene har m\u00e5ttet v\u00e6re frontfigur for den belarusiske opposisjonen. <\/p>\n<p>Foto: Ints Kalnins \/ Reuters \/ NTB<\/p>\n<p><img decoding=\"async\"   src=\"data:image\/gif;base64,R0lGODlhAQABAIAAAAAAAP\/\/\/yH5BAEAAAAALAAAAAABAAEAAAIBRAA7\" loading=\"eager\" alt=\"Svetlana Tikhanovskaja og Svetlana Tikhanovskaja etter at han ble l\u00f8slatt og fraktet til Litauen. \" title=\"Foto: Gonzalo Fuentes \/ Reuters \/ NTB\"\/><\/p>\n<p class=\"\">Store deler av den belarusiske opposisjonen lever n\u00e5 i eksil i Litauen. Selv vet ikke Ales Bjaljatski hvor han selv kommer til \u00e5 bo. <\/p>\n<p>Foto: Gonzalo Fuentes \/ Reuters \/ NTB<\/p>\n<p>Prisen Trump vil ha<\/p>\n<p>Ales Bjaljatski er ikke i tvil om at fredsprisen \u2013 som hans ektefelle Natallia Pintsjuk m\u00e5tte ta imot i Oslo \u2013 har beskyttet ham.<\/p>\n<p>\u2013 Du sitter ikke bare sammen med politiske fanger, men ogs\u00e5 med voldtektsmenn, drapsmenn og andre tunge kriminelle. Det er viktig \u00e5 vite hvem de er og hvor trygg eller ikke trygg du er, sier han.<\/p>\n<p><strong>\u2013 Mange av dem visste ikke <\/strong>\u2013<strong> naturlig nok <\/strong>\u2013<strong> hva en nobelpris er. Men de skj\u00f8nte den var viktig, det gav meg en form for respekt, sier Bjaljatski og drar p\u00e5 smileb\u00e5ndet.<\/strong><\/p>\n<p>Han forteller at fangene fikk lov til \u00e5 se p\u00e5 russisk og belarusisk TV.<\/p>\n<p>P\u00e5 russiske TV-kanaler var det mye om president Trump og hans \u00f8nske om \u00e5 f\u00e5 fredsprisen.<\/p>\n<p><strong>\u2013 Det ble et paradoks for mange av dem. De ser russere diskutere om USAs president b\u00f8r f\u00e5 Nobels fredspris eller ikke. <\/strong><\/p>\n<p>\u2013 <strong>Og s\u00e5 sitter en vinner av Nobels fredspris, if\u00f8rt fangekl\u00e6r, ved siden av dem, sier Bjaljatski.<\/strong><\/p>\n<p>\u2013 Det var moro p\u00e5 sin m\u00e5te, men det viktige var at prisen beskyttet meg. Mot medfangene, ja, men ogs\u00e5 mot fangevokterne og fengselslederne.<\/p>\n<p><strong>\u2013 De ble redde for \u00e5 bruke de t\u00f8ffeste metodene. Jeg ble ikke fysisk sl\u00e5tt eller utsatt for alvorlig tortur. Selv noen av vokterne viste en viss respekt. <\/strong><\/p>\n<p>Han sier det \u00e5 sitte innel\u00e5st i et lite rom i full isolasjon, m\u00e5ned etter m\u00e5ned, uansett tar p\u00e5.<\/p>\n<p>I lange perioder ble han nektet kontakt med omverdenen. Brev, telefonsamtaler og advokatbes\u00f8k ble overv\u00e5ket.<\/p>\n<p>Han ble nektet medisiner og familien fryktet han ville d\u00f8.<\/p>\n<p><img decoding=\"async\"   src=\"data:image\/gif;base64,R0lGODlhAQABAIAAAAAAAP\/\/\/yH5BAEAAAAALAAAAAABAAEAAAIBRAA7\" loading=\"eager\" alt=\"Natalia Pinchuck med nobelprisen hennes mann Ales Bjaljatskis fikk i 2022. \" title=\"Foto: SERGEI GAPON \/ AFP \/ NTB\"\/><\/p>\n<p class=\"\">Ektefellen Natallia Pintsjuk (t.v.) under utdelingen av Nobels fredspris 10. desember 2022. Ved siden av henne st\u00e5r Jan Ratsjinskij fra den russiske menneskerettighetsorganisasjonen Memorial og Oleksandra Matvijtsjuk fra det ukrainske Senteret for sivile rettigheter, <\/p>\n<p>Foto: SERGEI GAPON \/ AFP \/ NTB<\/p>\n<p>Fikk vite om prisen fra medfangene<\/p>\n<p>Da Ales Bjaljatski fylte 50 \u00e5r i 2012, satt han i fengsel. Da han fylte 60 \u00e5r i 2022, satt han igjen i fengsel.<\/p>\n<p>Han hadde v\u00e6rt nominert til Nobels fredspris en rekke ganger.<\/p>\n<p>Da han fikk vite 7. oktober 2022 at han hadde f\u00e5tt prisen sammen med <a href=\"https:\/\/www.nrk.no\/urix\/nobels-fredspris-gar-til-en-person-og-to-organisasjoner-1.16129834\" ec-id=\"pp:article:1.16129834\" ec-name=\"det ukrainske Senteret for sivile rettigheter og den russiske menneskerettighetsorganisasjonen Memorial\" rel=\"nofollow noopener\" target=\"_blank\">det ukrainske Senteret for sivile rettigheter og den russiske menneskerettighetsorganisasjonen Memorial <\/a>trodde han ikke p\u00e5 det.<\/p>\n<p><strong>\u2013 Noen medfanger kom bort til meg i gangen og sa \u00abAles, det ser ut som du er vinner av Nobels fredspris.\u00bb \u200b\u200b\u200b\u200bJeg svarte: \u00abDet er sikkert bare tull, det er sikkert ikke sant.\u00bb<\/strong><\/p>\n<p>\u2013 S\u00e5 kom advokaten min, vi skulle snakke om saken mot meg, og han sa: \u00abAles, alle skriver at du har f\u00e5tt Nobels fredspris.\u00bb Jeg svarte: \u00abDet er ikke mulig\u00bb.<\/p>\n<p>\u2013 Men s\u00e5 var det mulig! Resten av dagen var det vanskelig \u00e5 tenke p\u00e5 rettssaken, sier han og ler.<\/p>\n<p><img decoding=\"async\"   src=\"data:image\/gif;base64,R0lGODlhAQABAIAAAAAAAP\/\/\/yH5BAEAAAAALAAAAAABAAEAAAIBRAA7\" loading=\"eager\" alt=\"Bilde av Ales Bjaljatski i Nobels hage p\u00e5 Nobels fredssenter. Bjaljatski ble tildelt Nobels fredspris i 2022.\" title=\"Foto: SERGEI GAPON \/ AFP \/ NTB\"\/><\/p>\n<p class=\"\">Bilde av den belarusiske fredsprisvinneren i Nobels hage.<\/p>\n<p>Foto: SERGEI GAPON \/ AFP \/ NTB<\/p>\n<p>Tilbake til sovjettiden<\/p>\n<p>Ales Bjaljatski er klar p\u00e5 at prisen ikke bare var til ham, men til det belarusiske folket og de mange som kjemper for et annet Belarus.<\/p>\n<p><strong>63-\u00e5ringen har v\u00e6rt en torn i \u00f8yet p\u00e5 landets regime i mange \u00e5r.<\/strong><\/p>\n<p>Helt siden Belarus var delrepublikk i Sovjetunionen, har han v\u00e6rt engasjert i menneskerettighetsarbeid.<\/p>\n<p>I 1996 grunnla han menneskerettighetssenteret Vjasna, som betyr v\u00e5r.<\/p>\n<p><strong>Da va<\/strong><strong>r den kommunistiske supermakten blitt historie, men r\u00f8ttene er vanskelig \u00e5 bli kvitt, mener Bjaljatski.<\/strong><\/p>\n<p>\u2013 President Aleksandr Lukasjenko har bestemt seg for \u00e5 ta landet tilbake til sovjetiden. Det er politiet, etterretningstjenesten og alle sikkerhetstjenestene som n\u00e5 styrer, sier han.<\/p>\n<p><img decoding=\"async\"   src=\"data:image\/gif;base64,R0lGODlhAQABAIAAAAAAAP\/\/\/yH5BAEAAAAALAAAAAABAAEAAAIBRAA7\" loading=\"eager\" alt=\"Ales Bjaljatski har v\u00e6rt fengslet og l\u00f8slatt flere ganger. Her fra juni 2014 da han m\u00f8tes av kona Natalia Pinchuk p\u00e5 hovedjernbanestasjonen i Minsk.\" title=\"Foto: Dmitry Brushko \/ AP \/ NTB\"\/><\/p>\n<p class=\"\">Ales Bjaljatski har v\u00e6rt fengslet og l\u00f8slatt flere ganger. Her fra juni 2014. Da ble han sendt til friheten med tog og ble m\u00f8tt av kona Natalia Pinchuk p\u00e5 hovedjernbanestasjonen i Minsk.<\/p>\n<p>Foto: Dmitry Brushko \/ AP \/ NTB<\/p>\n<p>Etter presidentvalget i 2020, har grepet blitt strammet til igjen. Et valg som opposisjonen mener de vant og som f\u00f8rte til store protester mot regimet.<\/p>\n<p><strong>\u2013 Selv om politiske fanger det siste halv\u00e5ret er blitt l\u00f8slatt, har andre politiske aktive blitt fengslet. Regimet f\u00f8lger prinsippet \u00abnoen ut, noen inn\u00bb, sier Bjaljatski.<\/strong><\/p>\n<p>If\u00f8lge Vjasna er det rundt 1200 politiske fanger i belarusiske fengsler og straffeleire.<\/p>\n<p>Han h\u00e5per omverdenen vil fortsette \u00e5 presse regimet. Selv har han ingen planer om \u00e5 gi opp kampen.<\/p>\n<p><strong>\u2013 Historien har vist at diktatoriske regimer ikke varer evig, de kollapser til slutt, sier han t\u00f8rt, men h\u00e5pefullt.<\/strong><\/p>\n<p><img decoding=\"async\"   src=\"data:image\/gif;base64,R0lGODlhAQABAIAAAAAAAP\/\/\/yH5BAEAAAAALAAAAAABAAEAAAIBRAA7\" loading=\"eager\" alt=\"USAs spesialutsending John Coale og president i Belarus Aleksandr Lukasjenko under m\u00f8te 12.desember. \" title=\"Foto: NTB\"\/><\/p>\n<p class=\"\">USAs spesialutsending John Coale og president i Belarus Aleksandr Lukasjenko under m\u00f8tet i presidentpalasset i Minsk 12. desember. Dagen etter ble de politiske fangene l\u00f8slatt. <\/p>\n<p>Foto: NTB<\/p>\n<p>Aner ikke hvor han skal bo<\/p>\n<p>Ektefellen Natallia Pintsjuk, som er professor i historie, ble i Norge etter \u00e5 ha tatt imot fredsprisen p\u00e5 hans vegne.<\/p>\n<p><strong>Det var Ales sitt \u00f8nske, han fryktet hva myndighetene ville gj\u00f8re med henne. S\u00f8nnen Adam hadde for lengst flyttet til utlandet. <\/strong><\/p>\n<p>Siden desember 2022 har Pintsjuk bodd p\u00e5 hemmelig sted, under beskyttelse fra norske myndigheter.<\/p>\n<p>Sist ekteparet s\u00e5 hverandre var i et fengsel 10. november 2022, en m\u00e5ned f\u00f8r nobelutdelingen.<\/p>\n<p>Natallia Pintsjuk dro rett til Vilnius da hun fikk vite at ektemannen var l\u00f8slatt.<\/p>\n<p><strong>\u2013 Vi har sett hverandre en gang de siste fire og halvt \u00e5rene. Jeg er s\u00e5 glad for \u00e5 se og snakke med henne igjen. Snakke med min s\u00f8nn! <\/strong><\/p>\n<p><img decoding=\"async\"   src=\"data:image\/gif;base64,R0lGODlhAQABAIAAAAAAAP\/\/\/yH5BAEAAAAALAAAAAABAAEAAAIBRAA7\" loading=\"eager\" alt=\"To personer st\u00e5r foran speil i en butikk. En kvinne i svart genser observerer en mann i dress som pr\u00f8ver kl\u00e6r. I bakgrunnen er hylle med slips og tilbeh\u00f8r. Omgivelsene har moderne innredning og belysning. (Bildebeskrivelsen er laget av en KI-tjeneste)\" title=\"Foto: SERGEI GAPON \/ AFP \/ NTB\"\/><\/p>\n<p class=\"\">Ales Bjaljatski og ektefellen Natallia Pintsjuk i et pr\u00f8verom p\u00e5 et kj\u00f8pesenter i Vilnius s\u00f8ndag 14. desember. Pintsjuk dro fra Norge til Litauen s\u00e5 raskt hun fikk vite at mannen var sluppet fri.<\/p>\n<p>Foto: SERGEI GAPON \/ AFP \/ NTB<\/p>\n<p><img decoding=\"async\"   src=\"data:image\/gif;base64,R0lGODlhAQABAIAAAAAAAP\/\/\/yH5BAEAAAAALAAAAAABAAEAAAIBRAA7\" loading=\"eager\" alt=\"Ales Bjaljatski og Natalia Pinchuk i et pr\u00f8verom p\u00e5 et kj\u00f8pesenter i Vilnius. s\u00f8ndag 14. desember. \" title=\"Foto: SERGEI GAPON \/ AFP \/ NTB\"\/><\/p>\n<p class=\"\">Nye kl\u00e6r m\u00e5 kj\u00f8pes og papirer skaffes etter den uventede l\u00f8slatelsen av fredsprisvinneren. <\/p>\n<p>Foto: SERGEI GAPON \/ AFP \/ NTB<\/p>\n<p>Etter at Vjasna ble forbudt i 2021, flyttet organisasjonen hovedkontoret til Vilnius.<\/p>\n<p><strong>\u2013 Jeg har truffet igjen venner og kolleger som jeg ikke har sett p\u00e5 mange \u00e5r.<\/strong><\/p>\n<p>Ales Bjaljatski sier han vet lite om hva som venter. Han forlot straffeleiren uten et eneste papir.<\/p>\n<p><strong>\u2013 S\u00e5 jeg trenger \u00e5 bli registrert et sted, slik at jeg kan bo og jobbe lovlig. Hvor det blir, vet jeg ikke n\u00e5, sier han.<\/strong><\/p>\n<p>Publisert<\/p>\n<p>20.12.2025, kl. 20.18<\/p>\n","protected":false},"excerpt":{"rendered":"\u2013 Det er sv\u00e6rt t\u00f8ft i belarusiske fengsler. Det er ikke som i vanlige europeiske fengsler. Hver dag&hellip;\n","protected":false},"author":2,"featured_media":118439,"comment_status":"","ping_status":"","sticky":false,"template":"","format":"standard","meta":{"footnotes":""},"categories":[12],"tags":[20,21,24,25,15,22,23,13,30,28,29,14,16,26,27,42,43,44,45],"class_list":{"0":"post-118438","1":"post","2":"type-post","3":"status-publish","4":"format-standard","5":"has-post-thumbnail","7":"category-verden","8":"tag-breaking-news","9":"tag-breakingnews","10":"tag-featured-news","11":"tag-featurednews","12":"tag-headlines","13":"tag-latest-news","14":"tag-latestnews","15":"tag-news","16":"tag-no","17":"tag-norge","18":"tag-norway","19":"tag-nyheter","20":"tag-overskrifter","21":"tag-top-stories","22":"tag-topstories","23":"tag-verden","24":"tag-world","25":"tag-world-news","26":"tag-worldnews"},"share_on_mastodon":{"url":"https:\/\/pubeurope.com\/@no\/115753723179074808","error":""},"_links":{"self":[{"href":"https:\/\/www.europesays.com\/no\/wp-json\/wp\/v2\/posts\/118438","targetHints":{"allow":["GET"]}}],"collection":[{"href":"https:\/\/www.europesays.com\/no\/wp-json\/wp\/v2\/posts"}],"about":[{"href":"https:\/\/www.europesays.com\/no\/wp-json\/wp\/v2\/types\/post"}],"author":[{"embeddable":true,"href":"https:\/\/www.europesays.com\/no\/wp-json\/wp\/v2\/users\/2"}],"replies":[{"embeddable":true,"href":"https:\/\/www.europesays.com\/no\/wp-json\/wp\/v2\/comments?post=118438"}],"version-history":[{"count":0,"href":"https:\/\/www.europesays.com\/no\/wp-json\/wp\/v2\/posts\/118438\/revisions"}],"wp:featuredmedia":[{"embeddable":true,"href":"https:\/\/www.europesays.com\/no\/wp-json\/wp\/v2\/media\/118439"}],"wp:attachment":[{"href":"https:\/\/www.europesays.com\/no\/wp-json\/wp\/v2\/media?parent=118438"}],"wp:term":[{"taxonomy":"category","embeddable":true,"href":"https:\/\/www.europesays.com\/no\/wp-json\/wp\/v2\/categories?post=118438"},{"taxonomy":"post_tag","embeddable":true,"href":"https:\/\/www.europesays.com\/no\/wp-json\/wp\/v2\/tags?post=118438"}],"curies":[{"name":"wp","href":"https:\/\/api.w.org\/{rel}","templated":true}]}}