{"id":118440,"date":"2025-12-20T20:13:12","date_gmt":"2025-12-20T20:13:12","guid":{"rendered":"https:\/\/www.europesays.com\/no\/118440\/"},"modified":"2025-12-20T20:13:12","modified_gmt":"2025-12-20T20:13:12","slug":"legevakten-mener-de-ga-forsvarlig-helsehjelp-til-linea-14-som-dode-av-blodpropp-i-lungene","status":"publish","type":"post","link":"https:\/\/www.europesays.com\/no\/118440\/","title":{"rendered":"Legevakten mener de ga forsvarlig helsehjelp til Linea (14) som d\u00f8de av blodpropp i lungene"},"content":{"rendered":"\n<p class=\"_lead_o9xde_2 _lead_xtcu6_50 layout-component text-serif-m layout-normal text-serif-l layout-component layout-wide layout-padded _wide_17hqh_1 layout-padded\">Hun hadde blitt sendt hjem fra legevakten flere ganger f\u00f8r hun br\u00e5tt fikk hjertestans og d\u00f8de. <\/p>\n<p><img alt=\" Foto: Privat \/ Privat\" class=\"_image_qp4xg_65 layout-component layout-wide\" data-fullscreen- data-track-element-type=\"Article image fullscreen\" data-track-name=\"ImageFullscreen\" fetchpriority=\"high\" decoding=\"sync\" loading=\"eager\" height=\"563\" itemprop=\"image\"  src=\"https:\/\/www.europesays.com\/no\/wp-content\/uploads\/2025\/12\/7ef91ed5-ae04-4911-b37a-a27c03d025a9\"  style=\"object-position:0% 0%\" width=\"690\"\/> Foto: Privat \/ Privat<\/p>\n<ul aria-hidden=\"true\" class=\"_images_ntbth_112\">\n<li><a class=\"_link_ntbth_117\" href=\"https:\/\/www.vg.no\/forfatter\/live-tronstad\" style=\"z-index:1\" title=\"Live Tronstad\" rel=\"nofollow noopener\" target=\"_blank\"><img alt=\"Bilde av Live Tronstad\" class=\"_image_ntbth_93\" fetchpriority=\"low\" loading=\"lazy\" decoding=\"async\" itemprop=\"image\"  src=\"https:\/\/www.europesays.com\/no\/wp-content\/uploads\/2025\/12\/1766261589_286_730bca66-e713-4274-9d1c-1222feeb3c7d\"  width=\"480\"\/><\/a><\/li>\n<\/ul>\n<p> Oppdatert l\u00f8rdag 20. desember kl. 20:38    <\/p>\n<ul class=\"_list_o9xde_3 _list_64s2r_85 _unordered_o9xde_106 text-sans-m\">\n<li class=\"_item_o9xde_30\">14 \u00e5r gamle Linea Hjortland d\u00f8de av blodpropp etter flere legebes\u00f8k uten unders\u00f8kelser.<\/li>\n<li class=\"_item_o9xde_30\">Familien har politianmeldt saken; Statsforvalteren har \u00e5pnet tilsyn.<\/li>\n<li class=\"_item_o9xde_30\">Legevakten mener de ga forsvarlig helsehjelp, men medgir mulig taushetsbrudd.<\/li>\n<\/ul>\n<p>Vis mer <\/p>\n<p class=\"_paragraph_o9xde_4 _paragraph_xtcu6_10 layout-component text-serif-m layout-normal text-serif-m layout-padded\"><a href=\"https:\/\/www.vg.no\/nyheter\/i\/GyvPKJ\/linea-14-doede-av-blodpropp-hun-kunne-vaert-reddet\" data-track-element-type=\"Link\" data-track-id=\"link:GyvPKJ\" class=\"_link_o9xde_39\" rel=\"nofollow noopener\" target=\"_blank\">14 \u00e5r gamle Linea Hjortland d\u00f8de av en blodpropp<\/a> i lungene i september. Hun hadde akkurat begynt i 9. klasse.<\/p>\n<p class=\"_paragraph_o9xde_4 _paragraph_xtcu6_10 layout-component text-serif-m layout-normal text-serif-m layout-padded\">Ukene i forveien hadde Linea og foreldrene opps\u00f8kt fastlegen og legevakten flere ganger, fordi hun hadde pustevansker. <\/p>\n<p class=\"_paragraph_o9xde_4 _paragraph_xtcu6_10 layout-component text-serif-m layout-normal text-serif-m layout-padded\">Familien har fortalt til VG at hun ble sendt hjem uten at det ble tatt unders\u00f8kelser, fordi legene mente symptomene var angstrelaterte. <\/p>\n<p class=\"_paragraph_o9xde_4 _paragraph_xtcu6_10 layout-component text-serif-m layout-normal text-serif-m layout-padded\">I slutten av september fikk hun hjertestans p\u00e5 legevakten og ble fraktet til Haukeland universitetssjukehus, hvor hun senere ble erkl\u00e6rt d\u00f8d.<\/p>\n<p class=\"_paragraph_o9xde_4 _paragraph_xtcu6_10 layout-component text-serif-m layout-normal text-serif-m layout-padded\"><a href=\"https:\/\/www.vg.no\/nyheter\/i\/GyvPKJ\/linea-14-doede-av-blodpropp-hun-kunne-vaert-reddet\" data-track-element-type=\"Link\" data-track-id=\"link:GyvPKJ\" class=\"_link_o9xde_39\" rel=\"nofollow noopener\" target=\"_blank\"><strong class=\"_strong_o9xde_25\">Les VG intervju med Lineas foreldre her: \u2013 Hun kunne v\u00e6rt reddet<\/strong><\/a><\/p>\n<p class=\"_paragraph_o9xde_4 _paragraph_xtcu6_10 layout-component text-serif-m layout-normal text-serif-m layout-padded\">Foreldrene har politianmeldt saken, og <a href=\"https:\/\/www.vg.no\/tag\/fylkesmannen-i-vestland?utm_source=vg-article&amp;utm_medium=auto-tagger&amp;utm_campaign=q6LR0o\" class=\"_link_o9xde_39\" rel=\"nofollow noopener\" target=\"_blank\">Statsforvalteren i Vestland<\/a> har \u00e5pnet tilsyn.<\/p>\n<p class=\"_paragraph_o9xde_4 _paragraph_xtcu6_10 layout-component text-serif-m layout-normal text-serif-m layout-padded\">N\u00e5 har legevakten kommet med sin versjon. De mener Linea fikk forsvarlig helsehjelp p\u00e5 legevakten. <\/p>\n<p class=\"_paragraph_o9xde_4 _paragraph_xtcu6_10 layout-component text-serif-m layout-normal text-serif-m layout-padded\"><strong class=\"_strong_o9xde_25\">\u2013 Ledelsen vurderer at gjeldende retningslinjer og rutiner i all hovedsak ble fulgt i den aktuelle situasjonen, skriver legevakten i en uttalelse til Statsforvalteren. <\/strong><\/p>\n<p class=\"_paragraph_o9xde_4 _paragraph_xtcu6_10 layout-component text-serif-m layout-normal text-serif-m layout-padded\">VG har sett dokumentene fra Bergen legevakt. Det var <a href=\"https:\/\/www.bt.no\/helse\/i\/e781j4\/linea-hjortland-14-doede-braatt-bergen-legevakt-mener-helsehjelpen-var-forsvarlig\" class=\"_link_o9xde_39\" rel=\"nofollow noopener\" target=\"_blank\">Bergens Tidende<\/a> som f\u00f8rst omtalte saken. <\/p>\n<p class=\"_paragraph_o9xde_4 _paragraph_xtcu6_10 layout-component text-serif-m layout-normal text-serif-m layout-padded\">Legevakten medgir imidlertid at det kan ha skjedd et brudd p\u00e5 taushetsplikten.<\/p>\n<p><img alt=\"Familien ved Lineas grav. Hun ble gravlagt 18. november.  Foto: Privat\" class=\"_image_qp4xg_65 layout-component layout-normal\" data-fullscreen- data-track-element-type=\"Article image fullscreen\" data-track-name=\"ImageFullscreen\" decoding=\"async\" loading=\"lazy\" height=\"564\" itemprop=\"image\"  src=\"https:\/\/www.europesays.com\/no\/wp-content\/uploads\/2025\/12\/5977b17c-628f-4abb-8c25-de9252249a8a\"  style=\"object-position:0% 0%\" width=\"423\"\/>Familien ved Lineas grav. Hun ble gravlagt 18. november.  Foto: Privat\u2013 Helt forferdelig<\/p>\n<p class=\"_paragraph_o9xde_4 _paragraph_xtcu6_10 layout-component text-serif-m layout-normal text-serif-m layout-padded\">\u2013 Det er helt forferdelig for oss at de mener at de har gitt den helsehjelpen Linea trengte, n\u00e5r utfallet ble som det ble, sier Lineas mor, Sarah Hjortland, til VG. <\/p>\n<p class=\"_paragraph_o9xde_4 _paragraph_xtcu6_10 layout-component text-serif-m layout-normal text-serif-m layout-padded\">Legene trodde pustevanskene var angst- og panikkanfall, sier Hjortland. If\u00f8lge henne ble ikke datteren somatisk unders\u00f8kt en eneste gang. <\/p>\n<p class=\"_paragraph_o9xde_4 _paragraph_xtcu6_10 layout-component text-serif-m layout-normal text-serif-m layout-padded\">\u2013 De viser ingen ydmykhet overhodet over det som har skjedd.       <\/p>\n<p><img alt=\"Lineas mor, Sarah Hjortland, kjenner seg ikke igjen flere deler av legevaktens uttalelse.   Foto: Paul S. Amundsen \/ VG\" class=\"_image_qp4xg_65 layout-component layout-normal\" data-fullscreen- data-track-element-type=\"Article image fullscreen\" data-track-name=\"ImageFullscreen\" decoding=\"async\" loading=\"lazy\" height=\"3830\" itemprop=\"image\"  src=\"https:\/\/www.europesays.com\/no\/wp-content\/uploads\/2025\/12\/8d7e5567-b1d9-4192-854a-abb3aa879779\"  style=\"object-position:0% 0%\" width=\"5742\"\/>Lineas mor, Sarah Hjortland, kjenner seg ikke igjen flere deler av legevaktens uttalelse.   Foto: Paul S. Amundsen \/ VG<\/p>\n<p class=\"_paragraph_o9xde_4 _paragraph_xtcu6_10 layout-component text-serif-m layout-normal text-serif-m layout-padded\">Hjortland reagerer p\u00e5 flere deler av legenes gjengivelse av hendelsene, som hun ikke kjenner seg igjen i. Hun mener ogs\u00e5 at flere hendelser har uteblitt fra legenes uttalelse. <\/p>\n<p class=\"_paragraph_o9xde_4 _paragraph_xtcu6_10 layout-component text-serif-m layout-normal text-serif-m layout-padded\">Moren selv er nevnt flere ganger i uttalelsen. Blant annet er det nevnt at hun snakket p\u00e5 vegne av Linea og hvilken informasjon som hun hadde gitt til legene. <\/p>\n<p class=\"_paragraph_o9xde_4 _paragraph_xtcu6_10 layout-component text-serif-m layout-normal text-serif-m layout-padded\">\u2013 Linea var sjenert og syk, s\u00e5 jeg snakket mye. Jeg f\u00f8ler nesten at de legger dette litt over p\u00e5 meg, sier hun. <\/p>\n<p class=\"_paragraph_o9xde_4 _paragraph_xtcu6_10 layout-component text-serif-m layout-normal text-serif-m layout-padded\">Hun sier at familien n\u00e5 skal forberede et svar til uttalelsen. <\/p>\n<p class=\"_paragraph_o9xde_4 _paragraph_xtcu6_10 layout-component text-serif-m layout-normal text-serif-m layout-padded\">Politiadvokat Kristina Munkejord opplyser til Bergens Tidende at de venter p\u00e5 en innstilling fra Statsforvalteren, f\u00f8r de bestemmer seg for om de \u00e5pner etterforskning. <\/p>\n<p class=\"_paragraph_o9xde_4 _paragraph_xtcu6_10 layout-component text-serif-m layout-normal text-serif-m layout-padded\">Statsforvalteren vil ikke kommentere tilsynssaken f\u00f8r den er ferdigbehandlet.<\/p>\n<p>Ble donor<\/p>\n<p class=\"_paragraph_o9xde_4 _paragraph_xtcu6_10 layout-component text-serif-m layout-normal text-serif-m layout-padded\">\u2013 N\u00e5 kommer julen, og dette er tungt for oss. Det var ikke det vi hadde h\u00e5pet p\u00e5, sier Hjortland.   <\/p>\n<p><img alt=\"Sarah Hjortland og datteren Linea.  Foto: Privat \/ Privat\" class=\"_image_qp4xg_65 layout-component layout-normal\" data-fullscreen- data-track-element-type=\"Article image fullscreen\" data-track-name=\"ImageFullscreen\" decoding=\"async\" loading=\"lazy\" height=\"1600\" itemprop=\"image\"  src=\"https:\/\/www.europesays.com\/no\/wp-content\/uploads\/2025\/12\/7cd34e2e-4807-41f5-82d3-3ec65806e931\"  style=\"object-position:0% 0%\" width=\"720\"\/>Sarah Hjortland og datteren Linea.  Foto: Privat \/ Privat<\/p>\n<p class=\"_paragraph_o9xde_4 _paragraph_xtcu6_10 layout-component text-serif-m layout-normal text-serif-m layout-padded\">Moren \u00f8nsker ogs\u00e5 \u00e5 formidle at Linea ble organdonor. Hjortland sier hun har f\u00e5tt vite at tre unge voksne har f\u00e5tt nye liv med Lineas lever og nyrer. <\/p>\n<p class=\"_paragraph_o9xde_4 _paragraph_xtcu6_10 layout-component text-serif-m layout-normal text-serif-m layout-padded\"><strong class=\"_strong_o9xde_25\">\u2013 Vi f\u00e5r ikke ha Linea til jul i \u00e5r, men hun har reddet noen andre. Det var julegaven fra henne. <\/strong><\/p>\n","protected":false},"excerpt":{"rendered":"Hun hadde blitt sendt hjem fra legevakten flere ganger f\u00f8r hun br\u00e5tt fikk hjertestans og d\u00f8de. Foto: Privat&hellip;\n","protected":false},"author":2,"featured_media":118441,"comment_status":"","ping_status":"","sticky":false,"template":"","format":"standard","meta":{"footnotes":""},"categories":[10],"tags":[20,21,24,25,15,22,23,5806,13,30,28,29,14,16,10851,26,27],"class_list":{"0":"post-118440","1":"post","2":"type-post","3":"status-publish","4":"format-standard","5":"has-post-thumbnail","7":"category-norge","8":"tag-breaking-news","9":"tag-breakingnews","10":"tag-featured-news","11":"tag-featurednews","12":"tag-headlines","13":"tag-latest-news","14":"tag-latestnews","15":"tag-legevakt","16":"tag-news","17":"tag-no","18":"tag-norge","19":"tag-norway","20":"tag-nyheter","21":"tag-overskrifter","22":"tag-statsforvalteren-i-vestland","23":"tag-top-stories","24":"tag-topstories"},"share_on_mastodon":{"url":"https:\/\/pubeurope.com\/@no\/115753727777371318","error":""},"_links":{"self":[{"href":"https:\/\/www.europesays.com\/no\/wp-json\/wp\/v2\/posts\/118440","targetHints":{"allow":["GET"]}}],"collection":[{"href":"https:\/\/www.europesays.com\/no\/wp-json\/wp\/v2\/posts"}],"about":[{"href":"https:\/\/www.europesays.com\/no\/wp-json\/wp\/v2\/types\/post"}],"author":[{"embeddable":true,"href":"https:\/\/www.europesays.com\/no\/wp-json\/wp\/v2\/users\/2"}],"replies":[{"embeddable":true,"href":"https:\/\/www.europesays.com\/no\/wp-json\/wp\/v2\/comments?post=118440"}],"version-history":[{"count":0,"href":"https:\/\/www.europesays.com\/no\/wp-json\/wp\/v2\/posts\/118440\/revisions"}],"wp:featuredmedia":[{"embeddable":true,"href":"https:\/\/www.europesays.com\/no\/wp-json\/wp\/v2\/media\/118441"}],"wp:attachment":[{"href":"https:\/\/www.europesays.com\/no\/wp-json\/wp\/v2\/media?parent=118440"}],"wp:term":[{"taxonomy":"category","embeddable":true,"href":"https:\/\/www.europesays.com\/no\/wp-json\/wp\/v2\/categories?post=118440"},{"taxonomy":"post_tag","embeddable":true,"href":"https:\/\/www.europesays.com\/no\/wp-json\/wp\/v2\/tags?post=118440"}],"curies":[{"name":"wp","href":"https:\/\/api.w.org\/{rel}","templated":true}]}}