{"id":118444,"date":"2025-12-20T20:15:31","date_gmt":"2025-12-20T20:15:31","guid":{"rendered":"https:\/\/www.europesays.com\/no\/118444\/"},"modified":"2025-12-20T20:15:31","modified_gmt":"2025-12-20T20:15:31","slug":"har-lagt-ol-drommen-pa-is-jeg-hadde-store-forhapninger-bladet-no","status":"publish","type":"post","link":"https:\/\/www.europesays.com\/no\/118444\/","title":{"rendered":"Har lagt OL-dr\u00f8mmen p\u00e5 is: \u2013 Jeg hadde store forh\u00e5pninger &#8211; bladet.no"},"content":{"rendered":"<ol>\n<li><a href=\"https:\/\/news.google.com\/rss\/articles\/CBMimgFBVV95cUxOQXMtc3VISXVSbGZMUTB1anBmNGdVUmFaRmhMR0hVWUxLLTNvNXg5ckp3aEZSRmFuNld4WTlfSi1LR1BiVFNqdW9vSjVnMjhJZDlKOTlJQ1JEYXdhVTBxSnB2NVcwdWlfTHNVR3U0cFdoeWZMcmpHa2RfRjU4QXJzWGhpUFdMbUpNN2k0NmRGMURYaHJjbHd5UUN3?oc=5\" target=\"_blank\" rel=\"nofollow noopener\">Har lagt OL-dr\u00f8mmen p\u00e5 is: \u2013 Jeg hadde store forh\u00e5pninger<\/a>&nbsp;&nbsp;bladet.no<\/li>\n<li><a href=\"https:\/\/news.google.com\/rss\/articles\/CBMicEFVX3lxTE5ERjMtbXR3ZDdpd3BZeVg1OGtORHcyb3ZtVVlER3ZOMjBKOXIwcEhhcjZCY0VXQjMyWlB5ZGVCVUNuZFZ2Zy1QSnhwX3VXTU9zRmJtbzEtbG1WeHlRQndjTkI4WW5IUDlhQVpMajJrMG0?oc=5\" target=\"_blank\" rel=\"nofollow noopener\">F\u00f8lg sportsd\u00f8gnet<\/a>&nbsp;&nbsp;Tr\u00f8nder-Avisa<\/li>\n<li><a href=\"https:\/\/news.google.com\/rss\/articles\/CBMigwFBVV95cUxNdjdudXNiZWlsUll2SFBtVHI3OGVBN2RfMHdIMTlYZmFHVDh6a3FESlJObm9oMmNHR1pyOV9tNWw4V2xNVHVHS2prcmNuQ0tzMFBXYUQyS3FYTWFaWmJicEtncUczR2hFYURlZHVtbHFMR3BXN2hxU0s0dHZfbV81WGV5cw?oc=5\" target=\"_blank\" rel=\"nofollow noopener\">Norsk 24-\u00e5ring med seier i sesongdebuten<\/a>&nbsp;&nbsp;Langrenn.com<\/li>\n<li><a href=\"https:\/\/news.google.com\/rss\/articles\/CBMiiAFBVV95cUxQek5IcHdIcnVLUEtyUGJGdlFuVy1XbU5ZM3A0OWxOQ1c2Q0pZSkZNa2gzT2lMR3pEbGVuX01UTzV6V3dqVEthV2NqQ0xpbE5YR1Q1MjRQRnEyM0pGaDVHV2xMUmQyZDg5a2NhcVF5V29USWtNOWZkelJxNS1nZnNBVExhQjRneGtW?oc=5\" target=\"_blank\" rel=\"nofollow noopener\">Kasper \u00c5gheim Kalkenberg, IBU | Kasper havnet et stykke bak p\u00e5 fellesstarten<\/a>&nbsp;&nbsp;Rana No<\/li>\n<li><a href=\"https:\/\/news.google.com\/rss\/articles\/CBMif0FVX3lxTE9KbVBsOVNlZ3FZVGM0SFpXRlowUEtqdC1Xd3B6RDJRNWV3bDkxaW01MWxyYVVoWWpxZllocHhoLXEyUEpseGlJSjN4MmM2SlFsYjhMTEhlUnRTRTFOMk9LZm9tVy1MNDN3UEJWdmVMaEJCb1Rid2tjNWd2OGJ0Y00?oc=5\" target=\"_blank\" rel=\"nofollow noopener\">Sverre knuste all motstand i Sveits<\/a>&nbsp;&nbsp;bladet.no<\/li>\n<\/ol>\n","protected":false},"excerpt":{"rendered":"Har lagt OL-dr\u00f8mmen p\u00e5 is: \u2013 Jeg hadde store forh\u00e5pninger&nbsp;&nbsp;bladet.no F\u00f8lg sportsd\u00f8gnet&nbsp;&nbsp;Tr\u00f8nder-Avisa Norsk 24-\u00e5ring med seier i sesongdebuten&nbsp;&nbsp;Langrenn.com&hellip;\n","protected":false},"author":2,"featured_media":118445,"comment_status":"","ping_status":"","sticky":false,"template":"","format":"standard","meta":{"footnotes":""},"categories":[59],"tags":[30,28,29,83,82],"class_list":{"0":"post-118444","1":"post","2":"type-post","3":"status-publish","4":"format-standard","5":"has-post-thumbnail","7":"category-sport","8":"tag-no","9":"tag-norge","10":"tag-norway","11":"tag-sport","12":"tag-sports"},"share_on_mastodon":{"url":"https:\/\/pubeurope.com\/@no\/115753734821847636","error":""},"_links":{"self":[{"href":"https:\/\/www.europesays.com\/no\/wp-json\/wp\/v2\/posts\/118444","targetHints":{"allow":["GET"]}}],"collection":[{"href":"https:\/\/www.europesays.com\/no\/wp-json\/wp\/v2\/posts"}],"about":[{"href":"https:\/\/www.europesays.com\/no\/wp-json\/wp\/v2\/types\/post"}],"author":[{"embeddable":true,"href":"https:\/\/www.europesays.com\/no\/wp-json\/wp\/v2\/users\/2"}],"replies":[{"embeddable":true,"href":"https:\/\/www.europesays.com\/no\/wp-json\/wp\/v2\/comments?post=118444"}],"version-history":[{"count":0,"href":"https:\/\/www.europesays.com\/no\/wp-json\/wp\/v2\/posts\/118444\/revisions"}],"wp:featuredmedia":[{"embeddable":true,"href":"https:\/\/www.europesays.com\/no\/wp-json\/wp\/v2\/media\/118445"}],"wp:attachment":[{"href":"https:\/\/www.europesays.com\/no\/wp-json\/wp\/v2\/media?parent=118444"}],"wp:term":[{"taxonomy":"category","embeddable":true,"href":"https:\/\/www.europesays.com\/no\/wp-json\/wp\/v2\/categories?post=118444"},{"taxonomy":"post_tag","embeddable":true,"href":"https:\/\/www.europesays.com\/no\/wp-json\/wp\/v2\/tags?post=118444"}],"curies":[{"name":"wp","href":"https:\/\/api.w.org\/{rel}","templated":true}]}}