{"id":118446,"date":"2025-12-20T20:19:25","date_gmt":"2025-12-20T20:19:25","guid":{"rendered":"https:\/\/www.europesays.com\/no\/118446\/"},"modified":"2025-12-20T20:19:25","modified_gmt":"2025-12-20T20:19:25","slug":"domt-til-ni-maneder-i-fengsel-i-romania","status":"publish","type":"post","link":"https:\/\/www.europesays.com\/no\/118446\/","title":{"rendered":"D\u00f8mt til ni m\u00e5neder i fengsel i Romania"},"content":{"rendered":"<p>Khalifa, som egentlig heter Cameron Jibril Thomaz, ble stanset av rumensk politi i juli 2024 etter \u00e5 ha r\u00f8ykte cannabis p\u00e5 scenen under en festivalopptreden i strandbyen Costinesti. Han ble s\u00e5 funnet med mer enn 18 gram cannabis p\u00e5 seg.<\/p>\n<p>Rapperen ble f\u00f8rst d\u00f8mt til \u00e5 betale en bot p\u00e5 rundt 830 dollar, men p\u00e5talemyndigheten anket den dommen. Torsdagens dom kan imidlertid ikke ankes, skriver det rumenske nyhetsbyr\u00e5et Agerpres.<\/p>\n<p>Det er uklart om rumenske myndigheter vil fors\u00f8ke \u00e5 f\u00e5 Khalifa utlevert fra USA, der han bor.<\/p>\n<p><a href=\"https:\/\/trdby.adressa.no\/aktuelt\/i\/2p1QKG\/band-fengslet-for-rumperisting-paa-scenen\" rel=\"nofollow noopener\" target=\"_blank\"> <img decoding=\"async\" src=\"data:image\/gif;base64,R0lGODlhEAAJAIAAAP\/\/\/wAAACH5BAEAAAAALAAAAAAQAAkAAAIKhI+py+0Po5yUFQA7\" alt=\"\"\/>   Band fengsles for rumpe\u00adristing p\u00e5 scenen  <\/a> <\/p>\n","protected":false},"excerpt":{"rendered":"Khalifa, som egentlig heter Cameron Jibril Thomaz, ble stanset av rumensk politi i juli 2024 etter \u00e5 ha&hellip;\n","protected":false},"author":2,"featured_media":118447,"comment_status":"","ping_status":"","sticky":false,"template":"","format":"standard","meta":{"footnotes":""},"categories":[12],"tags":[20,21,24,25,15,22,23,13,30,28,29,14,16,26,27,42,14092,43,44,45],"class_list":{"0":"post-118446","1":"post","2":"type-post","3":"status-publish","4":"format-standard","5":"has-post-thumbnail","7":"category-verden","8":"tag-breaking-news","9":"tag-breakingnews","10":"tag-featured-news","11":"tag-featurednews","12":"tag-headlines","13":"tag-latest-news","14":"tag-latestnews","15":"tag-news","16":"tag-no","17":"tag-norge","18":"tag-norway","19":"tag-nyheter","20":"tag-overskrifter","21":"tag-top-stories","22":"tag-topstories","23":"tag-verden","24":"tag-wiz-khalifa","25":"tag-world","26":"tag-world-news","27":"tag-worldnews"},"share_on_mastodon":{"url":"https:\/\/pubeurope.com\/@no\/115753750726587587","error":""},"_links":{"self":[{"href":"https:\/\/www.europesays.com\/no\/wp-json\/wp\/v2\/posts\/118446","targetHints":{"allow":["GET"]}}],"collection":[{"href":"https:\/\/www.europesays.com\/no\/wp-json\/wp\/v2\/posts"}],"about":[{"href":"https:\/\/www.europesays.com\/no\/wp-json\/wp\/v2\/types\/post"}],"author":[{"embeddable":true,"href":"https:\/\/www.europesays.com\/no\/wp-json\/wp\/v2\/users\/2"}],"replies":[{"embeddable":true,"href":"https:\/\/www.europesays.com\/no\/wp-json\/wp\/v2\/comments?post=118446"}],"version-history":[{"count":0,"href":"https:\/\/www.europesays.com\/no\/wp-json\/wp\/v2\/posts\/118446\/revisions"}],"wp:featuredmedia":[{"embeddable":true,"href":"https:\/\/www.europesays.com\/no\/wp-json\/wp\/v2\/media\/118447"}],"wp:attachment":[{"href":"https:\/\/www.europesays.com\/no\/wp-json\/wp\/v2\/media?parent=118446"}],"wp:term":[{"taxonomy":"category","embeddable":true,"href":"https:\/\/www.europesays.com\/no\/wp-json\/wp\/v2\/categories?post=118446"},{"taxonomy":"post_tag","embeddable":true,"href":"https:\/\/www.europesays.com\/no\/wp-json\/wp\/v2\/tags?post=118446"}],"curies":[{"name":"wp","href":"https:\/\/api.w.org\/{rel}","templated":true}]}}