{"id":118448,"date":"2025-12-20T20:20:16","date_gmt":"2025-12-20T20:20:16","guid":{"rendered":"https:\/\/www.europesays.com\/no\/118448\/"},"modified":"2025-12-20T20:20:16","modified_gmt":"2025-12-20T20:20:16","slug":"krim-brann-kvinnen-i-40-ara-erklaerte-ikke-straffeskyld-etter-voldshendelse-og-ildpasettelse-ostlendingen","status":"publish","type":"post","link":"https:\/\/www.europesays.com\/no\/118448\/","title":{"rendered":"Krim, Brann | Kvinnen i 40-\u00e5ra erkl\u00e6rte ikke straffeskyld etter voldshendelse og ildp\u00e5settelse &#8211; \u00d8stlendingen"},"content":{"rendered":"<ol>\n<li><a href=\"https:\/\/news.google.com\/rss\/articles\/CBMijwFBVV95cUxOR3NLMy1qeC1NNWhpeWRzeDNfQk9hbkEtM01maDNOQ25qdmZYLUZaLW5OTE9tZkRvOGcxU3pSU296cjdVRWxlQVdYZzZST2l6enE2Y1FJdDFyckY3MkRyN3NCY1IwZkZ0bW05R0tObXR4RF9sdmQyU1dhSEdRcEc4elgwbnVWYlRmUEs0UFU1dw?oc=5\" target=\"_blank\" rel=\"nofollow noopener\">Krim, Brann | Kvinnen i 40-\u00e5ra erkl\u00e6rte ikke straffeskyld etter voldshendelse og ildp\u00e5settelse<\/a>&nbsp;&nbsp;\u00d8stlendingen<\/li>\n<li><a href=\"https:\/\/news.google.com\/rss\/articles\/CBMimwFBVV95cUxOVXNwSDlEak1oc3lSeUxqcHZGUjhUd3pFdklzVmFlMnc2bktZdGJHQ0IwRDlrQnJCaW1CTWtvSEp3WWcwRGZGWTdVS0ZNYXc2dkwyNkhRZVUzT1RNRXZCc2ptaENKVklXdzhrZmI2VG13RHlrU2ZFSmc2MWxUaWtqRVp4NzVTQUMtdTNjX25NNkZBVWNzYlZmaExmbw?oc=5\" target=\"_blank\" rel=\"nofollow noopener\">Mann i 90-\u00e5ra utsett for vald og eldsp\u00e5setting \u2013 kvinne p\u00e5gripen<\/a>&nbsp;&nbsp;NRK<\/li>\n<li><a href=\"https:\/\/news.google.com\/rss\/articles\/CBMijgFBVV95cUxPREpGVk9NcXhRcmZCWktQX0h6eVJVaUhMVTVPcUdQZ2FRbWtFbTduR0JlZU5Pa3pVRFVIb0VXV2sxMHFwYVRUaXRBNkJyeFlja3VPMjM3OHBiX180cTE4ME1ST3hNLXV1eDAyV3NyNURvbS1SLTNSeTFUSHBMNFdXV1R0UGo2YldQY0pwWlZR?oc=5\" target=\"_blank\" rel=\"nofollow noopener\">Mann funnet alvorlig skadet i Elverum \u2013 kvinne p\u00e5grepet<\/a>&nbsp;&nbsp;VG<\/li>\n<li><a href=\"https:\/\/news.google.com\/rss\/articles\/CBMigAFBVV95cUxQQWtKUFotOVU1MTZEdVZZM25aNzZNaUFBelRPcW1hbUFicDBhWmZtVzJYakpMZ1dwVG41TUVZS2ZhT0ZuZlVjNUZEX01VaVAwU0J1b19yRl9vTFBuRm9fYkRpNm1aem9KSHhQS2ZwUTBwRjRvWERRUnJHV0h3RUVfbg?oc=5\" target=\"_blank\" rel=\"nofollow noopener\">Brann, Politi | Kobler voldshendelse mot boligbrann<\/a>&nbsp;&nbsp;Gl\u00e5mdalen<\/li>\n<li><a href=\"https:\/\/news.google.com\/rss\/articles\/CBMihwFBVV95cUxQTG1TSzNuOTdzXzJxSHhKWlU5NmU0Z19NN09lR3NLVHY1cU1jbHNDM2lSS0RTYTBseUlNSVpVbG1TMFZxQVhkQ0JSQjdnWldxbUtYeWZZNzMtclgyanJNRlQ0MTZFSi1nLVh2QURmRlBOLVZ0UHA1bFBXdU5oMVpFeEJVNVRsUk0?oc=5\" target=\"_blank\" rel=\"nofollow noopener\">Brann, Politi | Boligbrann i Elverum: En person er sendt til sjukehus og en er p\u00e5grepet<\/a>&nbsp;&nbsp;Ringsaker Blad<\/li>\n<\/ol>\n","protected":false},"excerpt":{"rendered":"Krim, Brann | Kvinnen i 40-\u00e5ra erkl\u00e6rte ikke straffeskyld etter voldshendelse og ildp\u00e5settelse&nbsp;&nbsp;\u00d8stlendingen Mann i 90-\u00e5ra utsett for&hellip;\n","protected":false},"author":2,"featured_media":118449,"comment_status":"","ping_status":"","sticky":false,"template":"","format":"standard","meta":{"footnotes":""},"categories":[10],"tags":[20,21,24,25,15,22,23,13,30,28,29,14,16,26,27],"class_list":{"0":"post-118448","1":"post","2":"type-post","3":"status-publish","4":"format-standard","5":"has-post-thumbnail","7":"category-norge","8":"tag-breaking-news","9":"tag-breakingnews","10":"tag-featured-news","11":"tag-featurednews","12":"tag-headlines","13":"tag-latest-news","14":"tag-latestnews","15":"tag-news","16":"tag-no","17":"tag-norge","18":"tag-norway","19":"tag-nyheter","20":"tag-overskrifter","21":"tag-top-stories","22":"tag-topstories"},"share_on_mastodon":{"url":"https:\/\/pubeurope.com\/@no\/115753754440366161","error":""},"_links":{"self":[{"href":"https:\/\/www.europesays.com\/no\/wp-json\/wp\/v2\/posts\/118448","targetHints":{"allow":["GET"]}}],"collection":[{"href":"https:\/\/www.europesays.com\/no\/wp-json\/wp\/v2\/posts"}],"about":[{"href":"https:\/\/www.europesays.com\/no\/wp-json\/wp\/v2\/types\/post"}],"author":[{"embeddable":true,"href":"https:\/\/www.europesays.com\/no\/wp-json\/wp\/v2\/users\/2"}],"replies":[{"embeddable":true,"href":"https:\/\/www.europesays.com\/no\/wp-json\/wp\/v2\/comments?post=118448"}],"version-history":[{"count":0,"href":"https:\/\/www.europesays.com\/no\/wp-json\/wp\/v2\/posts\/118448\/revisions"}],"wp:featuredmedia":[{"embeddable":true,"href":"https:\/\/www.europesays.com\/no\/wp-json\/wp\/v2\/media\/118449"}],"wp:attachment":[{"href":"https:\/\/www.europesays.com\/no\/wp-json\/wp\/v2\/media?parent=118448"}],"wp:term":[{"taxonomy":"category","embeddable":true,"href":"https:\/\/www.europesays.com\/no\/wp-json\/wp\/v2\/categories?post=118448"},{"taxonomy":"post_tag","embeddable":true,"href":"https:\/\/www.europesays.com\/no\/wp-json\/wp\/v2\/tags?post=118448"}],"curies":[{"name":"wp","href":"https:\/\/api.w.org\/{rel}","templated":true}]}}