{"id":118465,"date":"2025-12-20T20:48:14","date_gmt":"2025-12-20T20:48:14","guid":{"rendered":"https:\/\/www.europesays.com\/no\/118465\/"},"modified":"2025-12-20T20:48:14","modified_gmt":"2025-12-20T20:48:14","slug":"brak-pa-buss-en-person-skal-ha-blitt-slatt","status":"publish","type":"post","link":"https:\/\/www.europesays.com\/no\/118465\/","title":{"rendered":"Br\u00e5k p\u00e5 buss: \u2013 En person skal ha blitt sl\u00e5tt"},"content":{"rendered":"<p data-testid=\"textWithMarkup-text\" data-v-81d7dc2b=\"\" data-v-62d58f52=\"\">L\u00f8rdag kveld rykka politiet ut til Brusdalen etter etter melding om ordensforstyrrelse p\u00e5 en buss. <\/p>\n<p data-testid=\"textWithMarkup-text\" data-v-81d7dc2b=\"\" data-v-62d58f52=\"\">\u2013 Vi fikk f\u00f8rst melding om et uromoment p\u00e5 bussen. Da vi kom fram, fikk vi h\u00f8re at en person skal ha blitt sl\u00e5tt, sier operasjonsleder Tove Susann Holst-Dyrnes.<\/p>\n<p data-testid=\"textWithMarkup-text\" data-v-81d7dc2b=\"\" data-v-62d58f52=\"\">Hun forteller at hendinga skjedde p\u00e5 linje 100 i retning \u00c5lesund. Linje 100 er ekspressbussen mellom Kristiansund, Molde og \u00c5lesund.<\/p>\n<p data-testid=\"textWithMarkup-text\" data-v-81d7dc2b=\"\" data-v-62d58f52=\"\">En person er tatt med til politistasjonen i \u00c5lesund. P\u00e5 sp\u00f8rsm\u00e5l fra Sunnm\u00f8rsposten, sier operasjonslederen at vedkommende var rusa.<\/p>\n<p data-testid=\"textWithMarkup-text\" data-v-81d7dc2b=\"\" data-v-62d58f52=\"\">\u2013 Vi mistenker at vedkommende har sl\u00e5tt en person og spytta inne p\u00e5 bussen. Det opprettes sak p\u00e5 ordensforstyrrelse, opplyser Holst-Dyrnes.<\/p>\n","protected":false},"excerpt":{"rendered":"L\u00f8rdag kveld rykka politiet ut til Brusdalen etter etter melding om ordensforstyrrelse p\u00e5 en buss. \u2013 Vi fikk&hellip;\n","protected":false},"author":2,"featured_media":118466,"comment_status":"","ping_status":"","sticky":false,"template":"","format":"standard","meta":{"footnotes":""},"categories":[10],"tags":[20,21,24,25,15,22,23,13,30,28,29,14,16,26,27],"class_list":{"0":"post-118465","1":"post","2":"type-post","3":"status-publish","4":"format-standard","5":"has-post-thumbnail","7":"category-norge","8":"tag-breaking-news","9":"tag-breakingnews","10":"tag-featured-news","11":"tag-featurednews","12":"tag-headlines","13":"tag-latest-news","14":"tag-latestnews","15":"tag-news","16":"tag-no","17":"tag-norge","18":"tag-norway","19":"tag-nyheter","20":"tag-overskrifter","21":"tag-top-stories","22":"tag-topstories"},"share_on_mastodon":{"url":"https:\/\/pubeurope.com\/@no\/115753864574262915","error":""},"_links":{"self":[{"href":"https:\/\/www.europesays.com\/no\/wp-json\/wp\/v2\/posts\/118465","targetHints":{"allow":["GET"]}}],"collection":[{"href":"https:\/\/www.europesays.com\/no\/wp-json\/wp\/v2\/posts"}],"about":[{"href":"https:\/\/www.europesays.com\/no\/wp-json\/wp\/v2\/types\/post"}],"author":[{"embeddable":true,"href":"https:\/\/www.europesays.com\/no\/wp-json\/wp\/v2\/users\/2"}],"replies":[{"embeddable":true,"href":"https:\/\/www.europesays.com\/no\/wp-json\/wp\/v2\/comments?post=118465"}],"version-history":[{"count":0,"href":"https:\/\/www.europesays.com\/no\/wp-json\/wp\/v2\/posts\/118465\/revisions"}],"wp:featuredmedia":[{"embeddable":true,"href":"https:\/\/www.europesays.com\/no\/wp-json\/wp\/v2\/media\/118466"}],"wp:attachment":[{"href":"https:\/\/www.europesays.com\/no\/wp-json\/wp\/v2\/media?parent=118465"}],"wp:term":[{"taxonomy":"category","embeddable":true,"href":"https:\/\/www.europesays.com\/no\/wp-json\/wp\/v2\/categories?post=118465"},{"taxonomy":"post_tag","embeddable":true,"href":"https:\/\/www.europesays.com\/no\/wp-json\/wp\/v2\/tags?post=118465"}],"curies":[{"name":"wp","href":"https:\/\/api.w.org\/{rel}","templated":true}]}}