{"id":118467,"date":"2025-12-20T20:50:48","date_gmt":"2025-12-20T20:50:48","guid":{"rendered":"https:\/\/www.europesays.com\/no\/118467\/"},"modified":"2025-12-20T20:50:48","modified_gmt":"2025-12-20T20:50:48","slug":"imponerte-nytt-skremmeskudd","status":"publish","type":"post","link":"https:\/\/www.europesays.com\/no\/118467\/","title":{"rendered":"Imponerte: Nytt skremmeskudd"},"content":{"rendered":"<p class=\"kicker \" style=\"\">Epstein-dokumentene:<\/p>\n<p>  Tusenvis av Epstein-dokumenter ble offentliggjort fredag, men Donald Trump glimrer med sitt frav\u00e6r. Det er neppe tilfeldig, mener USA-ekspert.<\/p>\n<p>\n    IKKE OFFENTLIGGJORT: USAs president Donald Trump er ikke \u00e5 finne i mange av de til n\u00e5 offentliggjorte Epstein-dokumentene, til tross for at Trump hadde et n\u00e6rt forhold til finansmannen og den d\u00f8mte seksualforbryteren Jeffery Epstein. Foto: Andrews Caballero-Reynolds\/ AFP\/ NTB\n  <\/p>\n<p>Fredag kveld norsk tid begynte <a href=\"https:\/\/www.dagbladet.no\/nyheter\/slipper-epstein-dokumenter\/84012952\" rel=\"nofollow noopener\" target=\"_blank\">offentliggj\u00f8ringen av de s\u00e5kalte Epstein-dokumentene<\/a> fra\u00a0 justisdepartementet i USA.<\/p>\n<p>Men alt ble ikke frigitt som planlagt.\u00a0<\/p>\n<p>        <img loading=\"lazy\" decoding=\"async\" src=\"https:\/\/www.europesays.com\/no\/wp-content\/uploads\/2025\/12\/84015159.webp\" width=\"667\" height=\"447\" title=\"Jeffrey Epstein med en person p\u00e5 fanget, dokumentert 12. august 2019 under en ransaking av hans hjem. Foto: U.S. Department of Justice via AP\" alt=\"\" class=\"\" style=\"--aspect-ratio-image: 1.49; \"\/><\/p>\n<p>\n        Jeffrey Epstein med en person p\u00e5 fanget, dokumentert 12. august 2019 under en ransaking av hans hjem. Foto: U.S. Department of Justice via AP\n    <\/p>\n<p>If\u00f8lge CNN er det bare ti prosent av FBIs filer som er sluppet.<\/p>\n<p>Visejustisminister Todd Blanche bekreftet at resten vil komme i l\u00f8pet av de neste ukene.<\/p>\n<p>    <a itemprop=\"url\" href=\"https:\/\/www.dagbladet.no\/nyheter\/slipper-epstein-dokumenter\/84012952\" rel=\"nofollow noopener\" target=\"_blank\"><\/p>\n<p>        <img loading=\"lazy\" decoding=\"async\" src=\"https:\/\/www.europesays.com\/no\/wp-content\/uploads\/2025\/12\/83961003.webp\" width=\"980\" height=\"441\" title=\"Slipper Epstein-dokumenter\" alt=\"\" class=\"lazyload\" style=\"--aspect-ratio-image: 2.22; \"\/><\/p>\n<p>        Slipper Epstein-dokumenter<\/p>\n<p>    <\/a><\/p>\n<p>Clinton med offer  <\/p>\n<p> Jeffrey Epstein pleide omgang med en rekke mektige politikere og kjendiser som han inviterte til sin private \u00f8y i Karibia. Blant dem han var omgangsvenner med var Donald Trump og britenes prins Andrew. <\/p>\n<p>En person har f\u00e5tt ekstra oppmerksomhet etter g\u00e5rsdagens frigivelse: USAs tidligere president Bill Clinton.<\/p>\n<p>        <img loading=\"lazy\" decoding=\"async\" src=\"https:\/\/www.europesays.com\/no\/wp-content\/uploads\/2025\/12\/84015156.webp\" width=\"667\" height=\"527\" title=\"Bill Clinton i boblebadet med en sladdet person i bakgrunnen. Foto: Criminal Justice Services\" alt=\"\" class=\"\" style=\"--aspect-ratio-image: 1.27; \"\/><\/p>\n<p>\n        Bill Clinton i boblebadet med en sladdet person i bakgrunnen. Foto: Criminal Justice Services\n    <\/p>\n<p>Han er avbildet en rekke ganger i det til n\u00e5 frigitte materialet. P\u00e5 flere av bildene holder han rundt det som fremst\u00e5r som unge kvinner.<\/p>\n<p>Ett av bildene viser Clinton i et boblebad sammen med minst en annen person som er sladdet. Vedkommende skal, if\u00f8lge USAs justisdepartement, v\u00e6re et av Epsteins ofre.<\/p>\n<p>    <a itemprop=\"url\" href=\"https:\/\/www.dagbladet.no\/nyheter\/oppkalte-det-etter-seg-selv-overrasket\/84007006\" rel=\"nofollow noopener\" target=\"_blank\"><\/p>\n<p>        <img loading=\"lazy\" decoding=\"async\" src=\"https:\/\/www.europesays.com\/no\/wp-content\/uploads\/2025\/12\/1766263842_16_84010746.webp\" width=\"980\" height=\"441\" title=\"Oppkalte det etter seg selv: - Overrasket\" alt=\"\" class=\"lazyload\" style=\"--aspect-ratio-image: 2.22; \"\/><\/p>\n<p>        Oppkalte det etter seg selv: &#8211; Overrasket<\/p>\n<p>    <\/a><\/p>\n<p>Clintons talsperson Angel Ure\u00f1a skriver p\u00e5 X at\u00a0Trump-administrasjonen fors\u00f8ker \u00e5 \u00abskjerme seg selv mot det som kommer\u00bb. <\/p>\n<p>&#8211; Det hvite hus har ikke holdt disse dokumentene skjult i m\u00e5nedsvis bare for \u00e5 dumpe dem sent en fredag for \u00e5 beskytte Bill Clinton. Dette handler om \u00e5 skjerme seg selv mot det som kommer, eller mot det de vil fors\u00f8ke \u00e5 skjule for alltid, skriver Ure\u00f1a.<\/p>\n<p>        \u00abUTVIST\u00bb: Prins Andrew er ikke lenger prins og er \u00abutvist\u00bb fra kongefamilien p\u00e5 grunn av sine forbindelser til Jeffrey Epstein. Reporter: Sanne Holt\/ R\u00f8d L\u00f8per. Video: NTB\/ Stella Pictures\/ AFP\/ YouTube\/ BBC\/ Netflix\/ 60Minutes Australia<\/p>\n<p>Samtidig med at Clinton framg\u00e5r p\u00e5 flere av bildene, glimrer Epsteins tidligere n\u00e6re venn, USAs president Donald Trump, med sitt frav\u00e6r i de til n\u00e5 offentliggjorte dokumentene.<\/p>\n<p>        <img loading=\"lazy\" decoding=\"async\" src=\"https:\/\/www.europesays.com\/no\/wp-content\/uploads\/2025\/12\/84015155.webp\" width=\"667\" height=\"381\" title=\"OFFENTLIGGJ\u00d8RING: Offentliggj\u00f8ringen av flere hundre tusen dokumenter i Epstein-saken startet fredag. Blant dem som dukker opp i materialet, er tidligere president Bill Clinton. Foto: Criminal Justice Services\" alt=\"\" class=\"\" style=\"--aspect-ratio-image: 1.75; \"\/><\/p>\n<p>\n        OFFENTLIGGJ\u00d8RING: Offentliggj\u00f8ringen av flere hundre tusen dokumenter i Epstein-saken startet fredag. Blant dem som dukker opp i materialet, er tidligere president Bill Clinton. Foto: Criminal Justice Services\n    <\/p>\n<p>&#8211; Elendig kriseh\u00e5ndtering  <\/p>\n<p>Eirik L\u00f8kke, Civita-r\u00e5dgiver og USA-ekspert, tror ikke det er tilfeldig at Trump ikke er \u00e5 finne i mange av de til n\u00e5 offentliggjorte dokumentene.<\/p>\n<p>    <a itemprop=\"url\" href=\"https:\/\/www.dagbladet.no\/nyheter\/jerngrepet-har-losnet\/84000695\" rel=\"nofollow noopener\" target=\"_blank\"><\/p>\n<p>        <img loading=\"lazy\" decoding=\"async\" src=\"https:\/\/www.europesays.com\/no\/wp-content\/uploads\/2025\/12\/84000855.webp\" width=\"980\" height=\"441\" title=\"- Jerngrepet har l\u00f8snet\" alt=\"\" class=\"lazyload\" style=\"--aspect-ratio-image: 2.22; \"\/><\/p>\n<p>        &#8211; Jerngrepet har l\u00f8snet<\/p>\n<p>    <\/a><\/p>\n<p>&#8211; Jeg tror ikke det er tilfeldig. Hadde Trump offentliggjort alt med en gang, kunne han ha tjent p\u00e5 det. N\u00e5 virker det derimot som om han har noe \u00e5 skjule. Dette er elendig kriseh\u00e5ndtering, sier L\u00f8kke til Dagbladet.<\/p>\n<p>        <img loading=\"lazy\" decoding=\"async\" src=\"https:\/\/www.europesays.com\/no\/wp-content\/uploads\/2025\/12\/84015158.webp\" width=\"667\" height=\"447\" title=\"INGEN TREFF: Et s\u00f8k etter \u00abTrump\u00bb viser ingen treff i det amerikanske justisdepartementets nettbaserte bibliotek med nye dokumenter fra den avd\u00f8de finansmannen og seksualforbryteren Jeffrey Epstein. Foto: Reuters\/Jonathan Ernst\/ NTB\" alt=\"\" class=\"\" style=\"--aspect-ratio-image: 1.49; \"\/><\/p>\n<p>\n        INGEN TREFF: Et s\u00f8k etter \u00abTrump\u00bb viser ingen treff i det amerikanske justisdepartementets nettbaserte bibliotek med nye dokumenter fra den avd\u00f8de finansmannen og seksualforbryteren Jeffrey Epstein. Foto: Reuters\/Jonathan Ernst\/ NTB\n    <\/p>\n<p>Han tror heller ingen blir s\u00e6rlig overrasket over hva som eventuelt kan komme fram om Trump i dokumentene.\u00a0<\/p>\n<p>&#8211; P\u00e5 dette tidspunktet vet alle hvem Trump er n\u00e5r det gjelder forholdet til damer og vennskapet med Epstein. Jeg tror likevel neppe at det vil komme fram bevis for at Trump har gjort noe straffbart, sier USA-eksperten.<\/p>\n<p>    <a itemprop=\"url\" href=\"https:\/\/www.dagbladet.no\/nyheter\/washington-koker-gar-mot-slutten\/83995855\" rel=\"nofollow noopener\" target=\"_blank\"><\/p>\n<p>        <img loading=\"lazy\" decoding=\"async\" src=\"https:\/\/www.europesays.com\/no\/wp-content\/uploads\/2025\/12\/1766263846_631_83993804.webp\" width=\"980\" height=\"441\" title=\"Washington koker: - G\u00e5r mot slutten\" alt=\"\" class=\"lazyload\" style=\"--aspect-ratio-image: 2.22; \"\/><\/p>\n<p>        Washington koker: &#8211; G\u00e5r mot slutten<\/p>\n<p>    <\/a><\/p>\n<p>&#8211; Dypt problematisk<\/p>\n<p>L\u00f8kke ser ogs\u00e5 kritisk p\u00e5 at dokumentene frigis i utgangspunktet.<\/p>\n<p> &#8211; Det har v\u00e6rt tusenvis av etterforskningstimer. Hadde det v\u00e6rt grunnlag for rettsforf\u00f8lgelse av noen, ville det ha blitt tatt ut tiltale for lenge siden. Det er liten eller ingen grunn til \u00e5 tro at dette kan lede til noe nytt i sammenheng med selve etterforskningen, sier L\u00f8kke og legger til:<\/p>\n<p>        ALDRI SETT F\u00d8R: Demokratene i Kongressens tilsynskomit\u00e9 har onsdag offentliggjort hittil ukjente bilder og videoer fra Jeffrey Epsteins private \u00f8y. <\/p>\n<p>&#8211; Det er ogs\u00e5 problematisk at de publiserer dette uten kontekst og sammenheng. Uskyldige personer kan dukke opp i dokumentene og bli dratt inn i saken og satt i s\u00f8kelyset. Det er dypt problematisk i et rettssamfunn.<\/p>\n<p>        <img loading=\"lazy\" decoding=\"async\" src=\"https:\/\/www.europesays.com\/no\/wp-content\/uploads\/2025\/12\/84015157.webp\" width=\"667\" height=\"454\" title=\"FLERE OFRE: Jeffrey Epstein er her avbildet med flere av det som skal v\u00e6re hans ofre. Foto: Criminal Justice Services\" alt=\"\" class=\"\" style=\"--aspect-ratio-image: 1.47; \"\/><\/p>\n<p>\n        FLERE OFRE: Jeffrey Epstein er her avbildet med flere av det som skal v\u00e6re hans ofre. Foto: Criminal Justice Services\n    <\/p>\n<p>Krever sladde-forklaring  <\/p>\n<p> Loven som ble vedtatt av kongressen krevde at alle Epstein-dokumentene m\u00e5tte slippes innen 30 dager. Ro\u00a0Khanna, som var en av demokratene som sto bak forslaget, beskriver fredagens offentliggj\u00f8ring som \u00abskuffende\u00bb. <\/p>\n<p>\u00c5rsaken skal blant annet v\u00e6re at flere av dokumentene er helt sladdet, uten forklaring.<\/p>\n<p>    <a itemprop=\"url\" href=\"https:\/\/www.dagbladet.no\/kjendis\/vil-ikke-etterforske\/83980511\" rel=\"nofollow noopener\" target=\"_blank\"><\/p>\n<p>        <img loading=\"lazy\" decoding=\"async\" src=\"https:\/\/www.europesays.com\/no\/wp-content\/uploads\/2025\/12\/83980546.webp\" width=\"980\" height=\"441\" title=\"Vil ikke etterforske\" alt=\"\" class=\"lazyload\" style=\"--aspect-ratio-image: 2.22; \"\/><\/p>\n<p>        Vil ikke etterforske<\/p>\n<p>    <\/a><\/p>\n<p>&#8211; Loven v\u00e5r krever at de forklarer sladdinger. Det finnes ikke \u00e9n eneste forklaring p\u00e5 hvorfor hele dokumentet er sladdet, skriver han p\u00e5 X.<\/p>\n<p>Eirik L\u00f8kke mener at det skaper et inntrykk at justisdepartementet har noe \u00e5 skjule. Samtidig tror han at de ikke har rukket fristen for \u00e5 frigj\u00f8re dokumentene.<\/p>\n<p>        EPSTEIN: Nylig uttalte president Donald Trump at Jeffrey Epstein hadde \u00abstj\u00e5let\u00bb folk fra spaet hans inne p\u00e5 Mar-a-Lago-eiendommen hans i Florida. To dager senere kom ytterligere sjokkerende uttalelser fra den amerikanske presidentene. Reporter: Edward Stenlund. Video: AP \/ Reuters<\/p>\n<p>&#8211; Jeg tror \u00e5rsaken er at de ikke har greid tidsfristen for \u00e5 finne ut hva de skal offentliggj\u00f8re og hva de ikke skal offentliggj\u00f8re av navn, opplysninger og bilder, sier han.<\/p>\n<p>    <a itemprop=\"url\" href=\"https:\/\/www.dagbladet.no\/nyheter\/vekker-oppsikt-jeg-er-svaer\/83978337\" rel=\"nofollow noopener\" target=\"_blank\"><\/p>\n<p>        <img loading=\"lazy\" decoding=\"async\" src=\"https:\/\/www.europesays.com\/no\/wp-content\/uploads\/2025\/12\/1766263848_489_83978524.webp\" width=\"980\" height=\"441\" title=\"Vekker oppsikt: \u00abJeg er sv\u00e6r\u00bb\" alt=\"\" class=\"lazyload\" style=\"--aspect-ratio-image: 2.22; \"\/><\/p>\n<p>        Vekker oppsikt: \u00abJeg er sv\u00e6r\u00bb<\/p>\n<p>    <\/a><\/p>\n<p>Kilder opplyser til <a href=\"https:\/\/edition.cnn.com\/2025\/12\/18\/politics\/epstein-documents-redaction-process\" rel=\"nofollow noopener\" target=\"_blank\">CNN <\/a>at advokatene i justisdepartementet har jobbet p\u00e5 spreng helt siden begynnelsen av november med \u00e5 g\u00e5 gjennom dokumentene.<\/p>\n<p>B\u00e5de Epsteins ofre og \u00abpolitisk eksponerte personer\u00bb er blitt fjernet fra dokumentene.<\/p>\n","protected":false},"excerpt":{"rendered":"Epstein-dokumentene: Tusenvis av Epstein-dokumenter ble offentliggjort fredag, men Donald Trump glimrer med sitt frav\u00e6r. Det er neppe tilfeldig,&hellip;\n","protected":false},"author":2,"featured_media":118468,"comment_status":"","ping_status":"","sticky":false,"template":"","format":"standard","meta":{"footnotes":""},"categories":[59],"tags":[249,247,30,28,29,83,82],"class_list":{"0":"post-118467","1":"post","2":"type-post","3":"status-publish","4":"format-standard","5":"has-post-thumbnail","7":"category-sport","8":"tag-alpint","9":"tag-lindsey-vonn","10":"tag-no","11":"tag-norge","12":"tag-norway","13":"tag-sport","14":"tag-sports"},"share_on_mastodon":{"url":"https:\/\/pubeurope.com\/@no\/115753876721561606","error":""},"_links":{"self":[{"href":"https:\/\/www.europesays.com\/no\/wp-json\/wp\/v2\/posts\/118467","targetHints":{"allow":["GET"]}}],"collection":[{"href":"https:\/\/www.europesays.com\/no\/wp-json\/wp\/v2\/posts"}],"about":[{"href":"https:\/\/www.europesays.com\/no\/wp-json\/wp\/v2\/types\/post"}],"author":[{"embeddable":true,"href":"https:\/\/www.europesays.com\/no\/wp-json\/wp\/v2\/users\/2"}],"replies":[{"embeddable":true,"href":"https:\/\/www.europesays.com\/no\/wp-json\/wp\/v2\/comments?post=118467"}],"version-history":[{"count":0,"href":"https:\/\/www.europesays.com\/no\/wp-json\/wp\/v2\/posts\/118467\/revisions"}],"wp:featuredmedia":[{"embeddable":true,"href":"https:\/\/www.europesays.com\/no\/wp-json\/wp\/v2\/media\/118468"}],"wp:attachment":[{"href":"https:\/\/www.europesays.com\/no\/wp-json\/wp\/v2\/media?parent=118467"}],"wp:term":[{"taxonomy":"category","embeddable":true,"href":"https:\/\/www.europesays.com\/no\/wp-json\/wp\/v2\/categories?post=118467"},{"taxonomy":"post_tag","embeddable":true,"href":"https:\/\/www.europesays.com\/no\/wp-json\/wp\/v2\/tags?post=118467"}],"curies":[{"name":"wp","href":"https:\/\/api.w.org\/{rel}","templated":true}]}}