{"id":118469,"date":"2025-12-20T20:54:09","date_gmt":"2025-12-20T20:54:09","guid":{"rendered":"https:\/\/www.europesays.com\/no\/118469\/"},"modified":"2025-12-20T20:54:09","modified_gmt":"2025-12-20T20:54:09","slug":"saudi-arabia-henrettet-340-personer-i-2025-nrk-urix-utenriksnyheter-og-dokumentarer","status":"publish","type":"post","link":"https:\/\/www.europesays.com\/no\/118469\/","title":{"rendered":"Saudi-Arabia henrettet 340 personer i 2025 \u2013 NRK Urix \u2013 Utenriksnyheter og -dokumentarer"},"content":{"rendered":"<p>Denne veka blei tre menneske avretta i Saudi-Arabia. <\/p>\n<p>Dermed har landet avretta totalt 340 fangar i 2025, if\u00f8lge ei oppteljing fr\u00e5 nyheitsbyr\u00e5et AFP.<\/p>\n<p>Tala er baserte p\u00e5 kunngjeringar fr\u00e5 det saudiske innanriksdepartementet og statlege Saudi Press Agency (SPA).<\/p>\n<p>\u2013 Saudi-Arabia har alltid hatt mange avrettingar, men niv\u00e5et dei siste \u00e5ra er h\u00f8gare enn det vi har sett f\u00f8r, seier Charlotte Lysa, forskar ved Universitetet i Oslo.<\/p>\n<p>Ogs\u00e5 i fjor sette Saudi-Arabia \u00abrekord\u00bb, d\u00e5 344 menneske blei avretta. <\/p>\n<p>Det er andre \u00e5ret p\u00e5 rad at landet sl\u00e5r sitt eige rekordniv\u00e5.\n<\/p>\n<p><img decoding=\"async\"   src=\"data:image\/gif;base64,R0lGODlhAQABAIAAAAAAAP\/\/\/yH5BAEAAAAALAAAAAABAAEAAAIBRAA7\" loading=\"eager\" alt=\"En gruppe mennesker g\u00e5r langs en bred gangvei foran en stor bygning i en solfylt by. Noen personer er kledd i tradisjonelle kl\u00e6r, mens andre har p\u00e5 seg moderne kl\u00e6r. Bakgrunnen viser flere personer som ogs\u00e5 beveger seg mot inngangen til bygningen. Omgivelsene preges av lys og steinlagte flater. (Bildebeskrivelsen er laget av en KI-tjeneste)\" title=\"Foto: Sidsel Wold \/ NRK\"\/><\/p>\n<p class=\"\">Dirah-plassen i Riyadh var tidlegare kjend som stad for offentlege avrettingar, men er i dag brukt som ein historisk og turistprega plass. Offentlege avrettingar blir ikkje lenger gjennomf\u00f8rte.<\/p>\n<p>Foto: Sidsel Wold \/ NRK<\/p>\n<p>Mange arbeidsmigrantar blant dei avretta<\/p>\n<p>If\u00f8lge styresmaktene er fleirtalet av avrettingane knytte til narkotikarelaterte lovbrot. <\/p>\n<p>I 2023 starta landet ein \u00abkrig mot narkotika\u00bb, med strengare kontroll og hardare straffer.<\/p>\n<p>AFP sine tal viser at 232 av dei 340 avrettingane i 2025 gjeld narkotikasaker.<\/p>\n<p>Arbeidsmigrantar utgjer omlag <a href=\"https:\/\/arg.am\/3BC3025E\" ec-id=\"https:\/\/arg.am\/3BC3025E\" ec-name=\"13 millionar\" rel=\"nofollow noopener\" target=\"_blank\">13 millionar<\/a> av arbeidskrafta i landet.\n<\/p>\n<p><img decoding=\"async\"   src=\"data:image\/gif;base64,R0lGODlhAQABAIAAAAAAAP\/\/\/yH5BAEAAAAALAAAAAABAAEAAAIBRAA7\" loading=\"eager\" alt=\"Bilde viser to menn, en i milit\u00e6runiform og en if\u00f8rt T-skjorte, som st\u00e5r foran en gr\u00f8nn duk. De begge har p\u00e5 seg svarte masker og er i ferd med \u00e5 h\u00e5ndtere en stor mengde hvite granuler, muligens en type rusmiddel. I bakgrunnen kan man se en vegg med arabisk tekst og emblemer. Bildet gir inntrykk av en pressekonferanse knyttet til beslag av illegale stoffer. (Bildebeskrivelsen er laget av en KI-tjeneste)\" title=\"Foto: FAYEZ NURELDINE \/ AFP \/ NTB\"\/><\/p>\n<p class=\"\">Saudiarabisk narkotikapoliti viser fram beslaglagd captagon i Jidda i 2022. Stoffet er eit amfetaminliknande rusmiddel og eit sentralt m\u00e5l i landet sin kamp mot narkotika.<\/p>\n<p>Foto: FAYEZ NURELDINE \/ AFP \/ NTB<\/p>\n<p>\u2013 Over 30 prosent av befolkninga i Saudi-Arabia er utanlandske statsborgarar, men dei utgjer nesten halvparten av dei som blir avretta, seier Lysa ved UiO.<\/p>\n<p>Saudi-Arabia har i mange \u00e5r vore avhengig av millionar av utanlandske arbeidarar for \u00e5 bygge infrastruktur og arbeide i private heimar, som if\u00f8lge Lysa har ofte har ein svak posisjon i rettssystemet.<\/p>\n<p>\u2013 S\u00e6rleg dei som ikkje snakkar arabisk, har ein svak posisjon. Det finst mange d\u00f8me p\u00e5 at dei ikkje f\u00e5r god informasjon om skuldingane mot seg eller om dommen.\n<\/p>\n<p><img decoding=\"async\"   src=\"data:image\/gif;base64,R0lGODlhAQABAIAAAAAAAP\/\/\/yH5BAEAAAAALAAAAAABAAEAAAIBRAA7\" loading=\"eager\" alt=\"Gruppe menn sitter samlet p\u00e5 en gr\u00f8nn matte i et urbant omr\u00e5de. De er engasjert i et kortspill, og flere av dem holder kort i h\u00e5nden. Omgivelsene viser en gate med asfalt og personer som g\u00e5r forbi i bakgrunnen. Det er en avslappet atmosf\u00e6re med casual antrekk. (Bildebeskrivelsen er laget av en KI-tjeneste)\" title=\"Foto: Amr Nabil \/ AP \/ NTB\"\/><\/p>\n<p class=\"\">Arbeidsmigrantar spelar kort i gamlebyen i Jeddah. Bilete fr\u00e5 november 2020 d\u00e5 Saudi-Arabia varsla reformer som skulle lette nokre av restriksjonane for migrantarbeidarar.<\/p>\n<p>Foto: Amr Nabil \/ AP \/ NTB<\/p>\n<p>Ho forklarer at rettsprosessane generelt er lite opne, noko som kan gjere situasjonen end\u00e5 meir krevjande for utlendingar.<\/p>\n<p>Avviser kritikken<\/p>\n<p>Menneskerettsorganisasjonar har <a href=\"http:\/\/amnesty.no\/sites\/default\/files\/94\/killing_in_the_name_of_justice_-_the_death_penalty_in_saudi_arabia_final.pdf\" ec-id=\"http:\/\/amnesty.no\/sites\/default\/files\/94\/killing_in_the_name_of_justice_-_the_death_penalty_in_saudi_arabia_final.pdf\" ec-name=\"lenge kritisert\" rel=\"nofollow noopener\" target=\"_blank\">lenge kritisert<\/a> bruken av d\u00f8dsstraff i Saudi-Arabia.<\/p>\n<p>Human Rights Watch (HRW) har dokumentert fleire tilfelle der personar er d\u00f8mde til d\u00f8den etter \u00e5 ha blitt tiltala under Saudi-Arabias antiterrorlover.\n<\/p>\n<p><img decoding=\"async\"   src=\"data:image\/gif;base64,R0lGODlhAQABAIAAAAAAAP\/\/\/yH5BAEAAAAALAAAAAABAAEAAAIBRAA7\" loading=\"eager\" alt=\"To personer sitter p\u00e5 en scene under en offisiell seremoni. Den f\u00f8rste personen er kledd i en m\u00f8rk dress, mens den andre er if\u00f8rt tradisjonell arabisk drakt med r\u00f8dt og hvitt sjal. Begge ser mot en annen del av arrangementet, omgitt av et publikum. Omgivelsene gir inntrykk av en formell begivenhet med flere tilskuere i bakgrunnen. (Bildebeskrivelsen er laget av en KI-tjeneste)\" title=\"Foto: - \/ AFP \/ NTB\"\/><\/p>\n<p class=\"\">Kronprins Mohammed bin Salman og president Emmanuel Macron under One Water Summit i Riyadh 3. desember 2024.<\/p>\n<p>Foto: &#8211; \/ AFP \/ NTB<\/p>\n<p>\u2013 Dette er ikkje valdelege kriminelle, og dei fleste er utanlandske statsborgarar. \u00c5 avrette dei bryt med folkeretten, som seier at d\u00f8dsstraff berre kan brukast ved overlagt drap, seier Harriet McCulloch i menneskerettsorganisasjonen Reprieve.<\/p>\n<p>Etter ein pause p\u00e5 rundt tre \u00e5r tok Saudi-Arabia i slutten av 2022 opp att bruken av d\u00f8dsstraff i narkotikasaker. Det <a href=\"https:\/\/www.ohchr.org\/en\/press-briefing-notes\/2022\/11\/saudi-arabia-resumption-executions-drug-related-offences\" ec-id=\"https:\/\/www.ohchr.org\/en\/press-briefing-notes\/2022\/11\/saudi-arabia-resumption-executions-drug-related-offences\" ec-name=\"reagerte\" rel=\"nofollow noopener\" target=\"_blank\">reagerte <\/a><a href=\"https:\/\/www.ohchr.org\/en\/press-briefing-notes\/2022\/11\/saudi-arabia-resumption-executions-drug-related-offences\" ec-id=\"https:\/\/www.ohchr.org\/en\/press-briefing-notes\/2022\/11\/saudi-arabia-resumption-executions-drug-related-offences\" ec-name=\"FN sterkt\" rel=\"nofollow noopener\" target=\"_blank\">FN sterkt<\/a> p\u00e5. <\/p>\n<p>Saudiske styresmakter avviser kritikken. <\/p>\n<p>Dei meiner d\u00f8dsstraff er n\u00f8dvendig for \u00e5 halde oppe lov og orden, og at straffa berre blir brukt etter at alle ankemoglegheiter er utt\u00f8mde.\n<\/p>\n<p><img decoding=\"async\"   src=\"data:image\/gif;base64,R0lGODlhAQABAIAAAAAAAP\/\/\/yH5BAEAAAAALAAAAAABAAEAAAIBRAA7\" loading=\"eager\" alt=\"Et anonymisert individ, if\u00f8rt tradisjonelle kl\u00e6r, gestikulerer med h\u00e5nden. Bakgrunnen viser en stilren innend\u00f8rs setting, delvis dekorert med tekstiler som representerer en arabisk kultur. Det ser ut til \u00e5 v\u00e6re en samtale eller diskusjon i gang. Det er ingen kommersielle elementer eller grafiske innhold i bildet. (Bildebeskrivelsen er laget av en KI-tjeneste)\" title=\"Foto: BANDAR AL-JALOUD \/ AFP \/ NTB\"\/><\/p>\n<p class=\"\">Mohammed bin Salman tok over makta i 2017.<\/p>\n<p>Foto: BANDAR AL-JALOUD \/ AFP \/ NTB<\/p>\n<p>Vanskeleg \u00e5 f\u00e5 oversikt over politiske motstemmer<\/p>\n<p>If\u00f8lge Lysa finst det d\u00f8me p\u00e5 at d\u00f8dsstraff er brukt, men det er vanskeleg \u00e5 f\u00e5 full oversikt.<\/p>\n<p>\u2013 Det har vore tilfelle der d\u00f8dsstraff er brukt i saker behandla i terrordomstolen. Lovgivinga er sv\u00e6rt vag, og mykje kan bli definert som trugsm\u00e5l mot statens tryggleik.\n<\/p>\n<p><img decoding=\"async\"   src=\"data:image\/gif;base64,R0lGODlhAQABAIAAAAAAAP\/\/\/yH5BAEAAAAALAAAAAABAAEAAAIBRAA7\" loading=\"eager\" alt=\"Charlotte Lysa, forsker\" title=\"Foto: Ksenia Novikova\"\/><\/p>\n<p class=\"\">Charlotte Lysa, forskar p\u00e5 Midtausten, s\u00e6rleg Saudi-Arabia og Qatar ved Universitetet i Oslo.<\/p>\n<p>Foto: Ksenia Novikova<\/p>\n<p>Menneskerettsorganisasjonar viser til desse sakene som politisk relaterte:<\/p>\n<ul>\n<li>Mohammed al-Ghamdi \u2013 pensjonert l\u00e6rar, d\u00f8md til d\u00f8den i 2023 etter \u00e5 ha blitt tiltalt under landets antiterrorlov for ytringar p\u00e5 sosiale medium, if\u00f8lge <a href=\"https:\/\/www.hrw.org\/news\/2023\/08\/29\/saudi-arabia-man-sentenced-death-tweets\" ec-id=\"https:\/\/www.hrw.org\/news\/2023\/08\/29\/saudi-arabia-man-sentenced-death-tweets\" ec-name=\"HRW\" rel=\"nofollow noopener\" target=\"_blank\">HRW<\/a>.<\/li>\n<li>Youssef al-Manasif \u2013 sjiamuslim, d\u00f8md til d\u00f8den etter demonstrasjonar. Var mindre\u00e5rig d\u00e5 han blei arrestert, if\u00f8lge ein amerikansk <a href=\"https:\/\/www.uscirf.gov\/religious-prisoners-conscience\/forb-victims-database\/youssef-al-manasif\" ec-id=\"https:\/\/www.uscirf.gov\/religious-prisoners-conscience\/forb-victims-database\/youssef-al-manasif\" ec-name=\"kommisjon\" rel=\"nofollow noopener\" target=\"_blank\">kommisjon<\/a>.<\/li>\n<li>Ali al-Mabiouq \u2013 d\u00f8md til d\u00f8den i samband med protestar. Ogs\u00e5 han var mindre\u00e5rig d\u00e5 han blei arrestert, if\u00f8lge <a href=\"https:\/\/www.hrw.org\/news\/2025\/10\/20\/saudi-arabia-spate-of-executions-of-child-offenders\" ec-id=\"https:\/\/www.hrw.org\/news\/2025\/10\/20\/saudi-arabia-spate-of-executions-of-child-offenders\" ec-name=\"HRW.\" rel=\"nofollow noopener\" target=\"_blank\">HRW.<\/a><\/li>\n<li>Salman al-Awda \u2013 kjend sunnimuslimsk aktivist som har vore fengsla sidan 2017. Saudisk p\u00e5talemakt har bedt om d\u00f8dsstraff, men saka har vore behandla for stengde d\u00f8rer og er framleis uavklart, if\u00f8lge ein amerikansk <a href=\"https:\/\/www.uscirf.gov\/religious-prisoners-conscience\/forb-victims-database\/salman-al-ouda\" ec-id=\"https:\/\/www.uscirf.gov\/religious-prisoners-conscience\/forb-victims-database\/salman-al-ouda\" ec-name=\"kommisjon\" rel=\"nofollow noopener\" target=\"_blank\">kommisjon<\/a>.<\/li>\n<\/ul>\n<p>\u2013 Har ikkje vore ei politisk liberalisering<\/p>\n<p>\u2013 Det mest p\u00e5fallande er kanskje ikkje at d\u00f8dsstraffa finst, men korleis ho blir presentert. Staten har blitt meir opptatt av image, og d\u00f8dsstraffa er i st\u00f8rre grad flytta ut av det offentlege rommet, seier Lysa.<\/p>\n<p>Ho meiner mykje av endringa handlar om korleis Saudi-Arabia \u00f8nsker \u00e5 framst\u00e5 overfor omverda.\n<\/p>\n<p><img decoding=\"async\"   src=\"data:image\/gif;base64,R0lGODlhAQABAIAAAAAAAP\/\/\/yH5BAEAAAAALAAAAAABAAEAAAIBRAA7\" loading=\"eager\" alt=\"En mann st\u00e5r utend\u00f8rs med en hvit skjorte og har en falk p\u00e5 armen. Falken har hvit fj\u00e6rdrakt med svarte prikker, og den sitter p\u00e5 en gr\u00f8nn hanske. Bakgrunnen viser en bygning med steinvegg og palmer i horisonten. Lyset er klart og omgivelsene ser ut til \u00e5 v\u00e6re en offentlig plass. (Bildebeskrivelsen er laget av en KI-tjeneste)\" title=\"Foto: HANDOUT \/ Reuters \/ NTB\"\/><\/p>\n<p class=\"\">Saudi-Arabia har brukt mange ressursar p\u00e5 \u00e5 profilere seg som ein turist og sportsattraksjon. Her eit offisielt bes\u00f8k av Lionel Messi i mai 2023.<\/p>\n<p>Foto: HANDOUT \/ Reuters \/ NTB<\/p>\n<p>Sidan kronprins Mohammed bin Salman, tok over den reelle makta i 2017, har landet jobba for \u00e5 framst\u00e5 som eit meir moderne og ope land.<\/p>\n<p>Dei har investert tungt i kultur, turisme og internasjonal idrett, mellom anna gjennom store fotballsatsingar og sportsarrangement. <\/p>\n<p>Landet m\u00f8ter vedvarande kritikk fr\u00e5 menneskerettsorganisasjonar for den omfattande bruken av d\u00f8dsstraff.\n<\/p>\n<p><img decoding=\"async\"   src=\"data:image\/gif;base64,R0lGODlhAQABAIAAAAAAAP\/\/\/yH5BAEAAAAALAAAAAABAAEAAAIBRAA7\" loading=\"eager\" alt=\"To personer sitter i en m\u00f8tesetting med en luksuri\u00f8s innredning. Den ene personen er if\u00f8rt tradisjonell arabisk drakt, mens den andre har p\u00e5 seg dress med r\u00f8d slips. Begge ser ut til \u00e5 delta i en samtale, med en rekke gjenstander p\u00e5 bordet mellom dem. Omgivelsene inkluderer utsmykkede vegger og m\u00f8bler som gir et inntrykk av h\u00f8y status. (Bildebeskrivelsen er laget av en KI-tjeneste)\" title=\"Foto: Evan Vucci \/ AP \/ NTB\"\/><\/p>\n<p class=\"\">MBS under eit offisielt bes\u00f8ket til USA i november 2025, her med den amerikanske presidenten Donald Trump.<\/p>\n<p>Foto: Evan Vucci \/ AP \/ NTB<\/p>\n<p>Organisasjonane meiner praksisen st\u00e5r i sterk kontrast til biletet landet \u00f8nsker \u00e5 vise verda, som er ein sentral del av kronprinsen si Vision 2030-satsing.<\/p>\n<p>Lysa p\u00e5peikar det viktig \u00e5 skilje mellom sosial og politisk utvikling i landet.<\/p>\n<p>\u2013 Det har vore ei omfattande sosial liberalisering, men det har ikkje vore ei politisk liberalisering. Tvert imot har landet blitt meir autorit\u00e6rt.<\/p>\n<p>Publisert<\/p>\n<p>20.12.2025, kl. 21.20<\/p>\n","protected":false},"excerpt":{"rendered":"Denne veka blei tre menneske avretta i Saudi-Arabia. Dermed har landet avretta totalt 340 fangar i 2025, if\u00f8lge&hellip;\n","protected":false},"author":2,"featured_media":118470,"comment_status":"","ping_status":"","sticky":false,"template":"","format":"standard","meta":{"footnotes":""},"categories":[12],"tags":[20,21,24,25,15,22,23,13,30,28,29,14,16,26,27,42,43,44,45],"class_list":{"0":"post-118469","1":"post","2":"type-post","3":"status-publish","4":"format-standard","5":"has-post-thumbnail","7":"category-verden","8":"tag-breaking-news","9":"tag-breakingnews","10":"tag-featured-news","11":"tag-featurednews","12":"tag-headlines","13":"tag-latest-news","14":"tag-latestnews","15":"tag-news","16":"tag-no","17":"tag-norge","18":"tag-norway","19":"tag-nyheter","20":"tag-overskrifter","21":"tag-top-stories","22":"tag-topstories","23":"tag-verden","24":"tag-world","25":"tag-world-news","26":"tag-worldnews"},"share_on_mastodon":{"url":"https:\/\/pubeurope.com\/@no\/115753888357947677","error":""},"_links":{"self":[{"href":"https:\/\/www.europesays.com\/no\/wp-json\/wp\/v2\/posts\/118469","targetHints":{"allow":["GET"]}}],"collection":[{"href":"https:\/\/www.europesays.com\/no\/wp-json\/wp\/v2\/posts"}],"about":[{"href":"https:\/\/www.europesays.com\/no\/wp-json\/wp\/v2\/types\/post"}],"author":[{"embeddable":true,"href":"https:\/\/www.europesays.com\/no\/wp-json\/wp\/v2\/users\/2"}],"replies":[{"embeddable":true,"href":"https:\/\/www.europesays.com\/no\/wp-json\/wp\/v2\/comments?post=118469"}],"version-history":[{"count":0,"href":"https:\/\/www.europesays.com\/no\/wp-json\/wp\/v2\/posts\/118469\/revisions"}],"wp:featuredmedia":[{"embeddable":true,"href":"https:\/\/www.europesays.com\/no\/wp-json\/wp\/v2\/media\/118470"}],"wp:attachment":[{"href":"https:\/\/www.europesays.com\/no\/wp-json\/wp\/v2\/media?parent=118469"}],"wp:term":[{"taxonomy":"category","embeddable":true,"href":"https:\/\/www.europesays.com\/no\/wp-json\/wp\/v2\/categories?post=118469"},{"taxonomy":"post_tag","embeddable":true,"href":"https:\/\/www.europesays.com\/no\/wp-json\/wp\/v2\/tags?post=118469"}],"curies":[{"name":"wp","href":"https:\/\/api.w.org\/{rel}","templated":true}]}}