{"id":118471,"date":"2025-12-20T20:55:13","date_gmt":"2025-12-20T20:55:13","guid":{"rendered":"https:\/\/www.europesays.com\/no\/118471\/"},"modified":"2025-12-20T20:55:13","modified_gmt":"2025-12-20T20:55:13","slug":"hva-skal-egentlig-til","status":"publish","type":"post","link":"https:\/\/www.europesays.com\/no\/118471\/","title":{"rendered":"\u2013 Hva skal egentlig til?"},"content":{"rendered":"\n<ul class=\"_list_o9xde_3 _list_64s2r_85 _unordered_o9xde_106 text-sans-m\">\n<li class=\"_item_o9xde_30\">Therese Engejordet Pardal mener svikt fra fastlegen gjorde at hun ikke fikk riktig behandling og tr\u00f8bbel med NAV. <\/li>\n<li class=\"_item_o9xde_30\">Mange pasienter har klaget om d\u00e5rlig journalf\u00f8ring og kommunikasjon med legen. <\/li>\n<li class=\"_item_o9xde_30\">Fastlegen, som fortsatt kan praktisere, er nylig for vold. Dommen er anket og ikke rettskraftig.<\/li>\n<li class=\"_item_o9xde_30\">F\u00f8rst etter at VG tok kontakt, \u00e5pnet Helsetilsynet unders\u00f8kelser.<\/li>\n<\/ul>\n<p>Vis mer <\/p>\n<p class=\"_paragraph_o9xde_4 _paragraph_xtcu6_10 layout-component text-serif-m layout-normal text-serif-m layout-padded\">Therese Engejordet Pardal (43) fra H\u00f8nefoss opps\u00f8kte fastlegen i 2020, blant annet med bl\u00f8dningsforstyrrelser og smerter i underlivet.<\/p>\n<p class=\"_paragraph_o9xde_4 _paragraph_xtcu6_10 layout-component text-serif-m layout-normal text-serif-m layout-padded\">Senere ble det funnet endometrioseendometrioseEndometriose er en tilstand hvor vev som ligner slimhinnen som kler innsiden av livmoren finnes andre steder i kroppen. De fleste kvinner med endometriose kan f\u00e5 barn, men det kan ogs\u00e5 f\u00f8re til at man trenger medsisinsk hjelp for \u00e5 f\u00e5 det til.  i store deler av underlivsstrukturen hennes, og eggstokken m\u00e5tte fjernes. <\/p>\n<p class=\"_paragraph_o9xde_4 _paragraph_xtcu6_10 layout-component text-serif-m layout-normal text-serif-m layout-padded\"><strong class=\"_strong_o9xde_25\">\u2013 Dr\u00f8mmen v\u00e5r om barn ble knust.<\/strong><\/p>\n<p><img alt=\"\" class=\"_image_qp4xg_65 layout-component layout-normal\" data-fullscreen- data-track-element-type=\"Article image fullscreen\" data-track-name=\"ImageFullscreen\" decoding=\"async\" loading=\"lazy\" height=\"1500\" itemprop=\"image\"  src=\"https:\/\/www.europesays.com\/no\/wp-content\/uploads\/2025\/12\/c4517773-e20b-44f0-95e3-dfe24e4407f2\"  style=\"object-position:75.06666666666668% 37.266666666666666%\" width=\"1125\"\/><\/p>\n<p class=\"_paragraph_o9xde_4 _paragraph_xtcu6_10 layout-component text-serif-m layout-normal text-serif-m layout-padded\">\u2013 De fem siste \u00e5rene har v\u00e6rt en ond spiral som startet med disse fire linjene, sier hun og viser frem et ark.<\/p>\n<p class=\"_paragraph_o9xde_4 _paragraph_xtcu6_10 layout-component text-serif-m layout-normal text-serif-m layout-padded\">If\u00f8lge Pardal var dette alt fastlegen hennes hadde \u00e5 rapportere til NAV etter det hun ansl\u00e5r var syv legebes\u00f8k i l\u00f8pet av 2020. <\/p>\n<p class=\"_paragraph_o9xde_4 _paragraph_xtcu6_10 layout-component text-serif-m layout-normal text-serif-m layout-padded\">Der st\u00e5r det ingenting om bl\u00f8dningsforstyrrelser og smerter i underlivet. <\/p>\n<p><img alt=\"Foto: Annemor Larsen \/ VG\" class=\"_image_qp4xg_65 layout-component layout-normal\" data-fullscreen- data-track-element-type=\"Article image fullscreen\" data-track-name=\"ImageFullscreen\" decoding=\"async\" loading=\"lazy\" height=\"5464\" itemprop=\"image\"  src=\"https:\/\/www.europesays.com\/no\/wp-content\/uploads\/2025\/12\/234d7f0a-5d36-4e24-afba-e130a5a1478f\"  style=\"object-position:0% 0%\" width=\"8192\"\/>Foto: Annemor Larsen \/ VG<\/p>\n<p class=\"_paragraph_o9xde_4 _paragraph_xtcu6_10 layout-component text-serif-m layout-normal text-serif-m layout-padded\">Da hun ba om innsyn i pasientjournalen sinpasientjournalen sinDen som yter helsehjelp har if\u00f8lge helsepersonelloven journalf\u00f8ringsplikt. Form\u00e5let er \u00e5 sikre at opplysninger som er n\u00f8dvendige og relevante for en forsvarlig behandling av pasienten blir nedtegnet og kan gjenfinnes., var alle sidene tomme. <\/p>\n<p class=\"_paragraph_o9xde_4 _paragraph_xtcu6_10 layout-component text-serif-m layout-normal text-serif-m layout-padded\">If\u00f8lge Therese unders\u00f8kte ikke fastlegen plagene hennes, og henviste henne ikke videre til spesialist.<\/p>\n<p class=\"_paragraph_o9xde_4 _paragraph_xtcu6_10 layout-component text-serif-m layout-normal text-serif-m layout-padded\">Det har ogs\u00e5 kommet frem at hun i ti \u00e5r har blitt medisinert med en for h\u00f8y dose av en medisin for en hudsykdom som gir uheldige bivirkninger, noe Rikshospitalet senere har beklaget, viser dokumentasjon VG har sett.<\/p>\n<p class=\"_paragraph_o9xde_4 _paragraph_xtcu6_10 layout-component text-serif-m layout-normal text-serif-m layout-padded\">\u2013 Helseplagene mine gjorde at jeg ikke kunne jobbe, men jeg fikk ingen utbetaling hos NAV eller forsikringsselskap fordi jeg ikke fikk legeerkl\u00e6ring i tide, sier Therese. <\/p>\n<p class=\"_paragraph_o9xde_4 _paragraph_xtcu6_10 layout-component text-serif-m layout-normal text-serif-m layout-padded\">\u2013 Hvis du sitter igjen med en ulegitimert frav\u00e6rsperiode, \u00f8delegger det alle rettighetene dine. Ingen kan overstyre en lege som ikke skriver ut sykmelding.<\/p>\n<p class=\"_paragraph_o9xde_4 _paragraph_xtcu6_10 layout-component text-serif-m layout-normal text-serif-m layout-padded\">VG har sett dokumentasjon p\u00e5 at NAV etterlyste legeerkl\u00e6ringer fra fastlegen.<\/p>\n<p class=\"_paragraph_o9xde_4 _paragraph_xtcu6_10 layout-component text-serif-m layout-normal text-serif-m layout-padded\">\u00abVi viser til gjentatte henvendelser fra NAV-kontoret, b\u00e5de skriftlig og per telefon\u00bb, skriver de i brevet til legen og minner om at leger m\u00e5 f\u00f8lge helsepersonelloven.<\/p>\n<p class=\"_paragraph_o9xde_4 _paragraph_xtcu6_10 layout-component text-serif-m layout-normal text-serif-m layout-padded\"><strong class=\"_strong_o9xde_25\">Therese tror legens manglende rapportering s\u00e5dde tvil i NAV-systemet om at hun i det hele tatt var syk.<\/strong><\/p>\n<p class=\"_paragraph_o9xde_4 _paragraph_xtcu6_10 layout-component text-serif-m layout-normal text-serif-m layout-padded\">\u2013 Jeg har jobbet siden jeg var 13 \u00e5r, s\u00e5 det var fortvilende da de fryste alle rettighetene mine.<\/p>\n<p class=\"_paragraph_o9xde_4 _paragraph_xtcu6_10 layout-component text-serif-m layout-normal text-serif-m layout-padded\">Den aktuelle legen ble i tingretten i h\u00f8st d\u00f8mt for vold, men har anket saken. <\/p>\n<p class=\"_paragraph_o9xde_4 _paragraph_xtcu6_10 layout-component text-serif-m layout-normal text-serif-m layout-padded\">VG har rettet gjentatte foresp\u00f8rsler til hans forsvarer, for \u00e5 f\u00e5 mannens uttalelser b\u00e5de om dommen og p\u00e5standene fra Pardal, men forsvareren viser til sin taushetsplikt og har ikke besvart sp\u00f8rsm\u00e5lene. <\/p>\n<p><img alt=\"Therese f\u00f8r hun ble syk.\" class=\"_image_qp4xg_65 layout-component layout-normal\" data-fullscreen- data-track-element-type=\"Article image fullscreen\" data-track-name=\"ImageFullscreen\" decoding=\"async\" loading=\"lazy\" height=\"1347\" itemprop=\"image\"  src=\"https:\/\/www.europesays.com\/no\/wp-content\/uploads\/2025\/12\/7cdc9efa-8c42-4c5e-ac9a-b090850b1d12\"  style=\"object-position:40.1980198019802% 10.876020786933928%\" width=\"1010\"\/>Therese f\u00f8r hun ble syk.<\/p>\n<p class=\"_paragraph_o9xde_4 _paragraph_xtcu6_10 layout-component text-serif-m layout-normal text-serif-m layout-padded\">Therese hadde ogs\u00e5 store nakke- og ryggproblemer, og helseproblemene hennes<strong class=\"_strong_o9xde_25\"> <\/strong>eskalerte samtidig med at landet var coronastengt. <\/p>\n<p class=\"_paragraph_o9xde_4 _paragraph_xtcu6_10 layout-component text-serif-m layout-normal text-serif-m layout-padded\">Samtidig sto ektemannen Bruno, som jobber i restaurantbransjen, plutselig uten jobb.<\/p>\n<p class=\"_paragraph_o9xde_4 _paragraph_xtcu6_10 layout-component text-serif-m layout-normal text-serif-m layout-padded\"><strong class=\"_strong_o9xde_25\">Dermed ble det raskt store konsekvenser for parets \u00f8konomi.<\/strong><\/p>\n<p class=\"_paragraph_o9xde_4 _paragraph_xtcu6_10 layout-component text-serif-m layout-normal text-serif-m layout-padded\">\u2013 For \u00e5 f\u00e5 r\u00e5d til mat i julen 2020, m\u00e5tte jeg selge bunaden min. Vi hadde ikke r\u00e5d til husleie og m\u00e5tte flytte til Brunos hjemland Portugal for \u00e5 kunne bo med hans familie, sier Therese.<\/p>\n<p><img alt=\"\" class=\"_image_qp4xg_65 layout-component layout-normal\" data-fullscreen- data-track-element-type=\"Article image fullscreen\" data-track-name=\"ImageFullscreen\" decoding=\"async\" loading=\"lazy\" height=\"6505\" itemprop=\"image\"  src=\"https:\/\/www.europesays.com\/no\/wp-content\/uploads\/2025\/12\/9b0e3a58-efde-4218-abd0-bcd1cb2eaa68\"  style=\"object-position:0% 0%\" width=\"4879\"\/><\/p>\n<p class=\"_paragraph_o9xde_4 _paragraph_xtcu6_10 layout-component text-serif-m layout-normal text-serif-m layout-padded\">Hun forteller at de har v\u00e6rt utsatt for en rekke uheldige omstendigheter, men mener at mye startet med manglende oppf\u00f8lging fra deres forrige fastlege.<\/p>\n<p class=\"_paragraph_o9xde_4 _paragraph_xtcu6_10 layout-component text-serif-m layout-normal text-serif-m layout-padded\">\u2013 Jeg forst\u00e5r at det kan v\u00e6re legemangel p\u00e5 sm\u00e5 steder, men jeg ville mye heller kj\u00f8rt en halvtime ekstra for \u00e5 komme til en ordentlig lege enn \u00e5 bli utsatt for en som er udugelig. Man er helt maktesl\u00f8s overfor en fastlege som ikke fungerer.<\/p>\n<p class=\"_paragraph_o9xde_4 _paragraph_xtcu6_10 layout-component text-serif-m layout-normal text-serif-m layout-padded\">Therese forteller at helsen hennes i dag er verre enn noensinne. Hun er sengeliggende store deler av d\u00f8gnet og trenger mye hjelp fra Bruno. <\/p>\n<p><img alt=\"\" class=\"_image_qp4xg_65 layout-component layout-left\" data-fullscreen- data-track-element-type=\"Article image fullscreen\" data-track-name=\"ImageFullscreen\" decoding=\"async\" loading=\"lazy\" height=\"4492\" itemprop=\"image\"  src=\"https:\/\/www.europesays.com\/no\/wp-content\/uploads\/2025\/12\/b5e7d947-68ba-4d9e-9d60-9f36b0d77c89\"  style=\"object-position:0% 0%\" width=\"5992\"\/>Mange klager<\/p>\n<p class=\"_paragraph_o9xde_4 _paragraph_xtcu6_10 layout-component text-serif-m layout-normal text-serif-m layout-padded\">Ekteparet fra H\u00f8nefoss er langt fra de eneste som har klaget p\u00e5 denne fastlegen.<\/p>\n<p class=\"_paragraph_o9xde_4 _paragraph_xtcu6_10 layout-component text-serif-m layout-normal text-serif-m layout-padded\">VG har f\u00e5tt innsyn i en rekke klager til statsforvalteren i \u00d8stfold, Buskerud og Akershus fra pasienter, som blant annet dreier seg om feil i journaler, d\u00e5rlig kommunikasjon, manglende reseptfornyelse og diagnosesetting per telefon. <\/p>\n<p class=\"_paragraph_o9xde_4 _paragraph_xtcu6_10 layout-component text-serif-m layout-normal text-serif-m layout-padded\">I tillegg mottok statsforvalteren en bekymringsmelding fra kommuneoverlegen i Ringerike.<\/p>\n<p class=\"_paragraph_o9xde_4 _paragraph_xtcu6_10 layout-component text-serif-m layout-normal text-serif-m layout-padded\">Den tok for seg flere forhold, som:<\/p>\n<ul class=\"_list_o9xde_3 _list_xtcu6_9 _unordered_o9xde_106 layout-component text-serif-m layout-normal text-serif-m layout-padded\">\n<li class=\"_item_o9xde_30\">Legens hyppige sykefrav\u00e6r (b\u00e5de korttidsfrav\u00e6r og lengre frav\u00e6r i mange uker uten at kommunen eller pasientene fikk beskjed)<\/li>\n<li class=\"_item_o9xde_30\">Faglige forhold (blant annet utskrivning av medisiner til tross for sterk frar\u00e5ding fra spesialisthelsetjeneste)<\/li>\n<li class=\"_item_o9xde_30\">Manglende samhandling med offentlige instanser (NAV varslet om mangelfull sykefrav\u00e6rsoppf\u00f8lging og mangelfulle legeerkl\u00e6ringer fra legen).<\/li>\n<\/ul>\n<p class=\"_paragraph_o9xde_4 _paragraph_xtcu6_10 layout-component text-serif-m layout-normal text-serif-m layout-padded\"><strong class=\"_strong_o9xde_25\">Kommuneoverlegen forteller til VG at de ogs\u00e5 gjorde tiltak, som \u00e5 avlaste legen ved \u00e5 redusere pasientlisten hans.<\/strong><\/p>\n<p>Varslet ikke Helsetilsynet<\/p>\n<p class=\"_paragraph_o9xde_4 _paragraph_xtcu6_10 layout-component text-serif-m layout-normal text-serif-m layout-padded\">I mars 2024 sendte han en \u00abutvidet bekymring\u00bb til Statsforvalteren. Det har kommet enda flere bekymringer som vurderes som \u00abpotensielt farlige for pasientsikkerheten\u00bb.<\/p>\n<p class=\"_paragraph_o9xde_4 _paragraph_xtcu6_10 layout-component text-serif-m layout-normal text-serif-m layout-padded\"><strong class=\"_strong_o9xde_25\">Men statsforvalteren tar ikke videre kontakt med Statens HelsetilsynStatens HelsetilsynStatlig etat som f\u00f8rer tilsyn med helse- og omsorgstjenester for \u00e5 sikre at de er forsvarlige og i tr\u00e5d med lovverket.<br \/>\n.<\/strong><\/p>\n<p class=\"_paragraph_o9xde_4 _paragraph_xtcu6_10 layout-component text-serif-m layout-normal text-serif-m layout-padded\">\u2013 Det er riktig at det ikke kom noen sanksjoner fra Statsforvalteren og at legen derfor ble v\u00e6rende i stillingen i en noe lengre periode f\u00f8r engasjementet ble avsluttet, sier kommuneoverlegen til VG.<\/p>\n<p class=\"_paragraph_o9xde_4 _paragraph_xtcu6_10 layout-component text-serif-m layout-normal text-serif-m layout-padded\"><strong class=\"_strong_o9xde_25\">Legens fastlegeavtale med denne kommunen ble avsluttet sensommeren 2024, men med legeautorisasjonenlegeautorisasjonenEn offisiell godkjenning som gir en person rett til \u00e5 praktisere som lege i Norge. i behold kunne han fritt s\u00f8ke jobber andre steder.<\/strong> <\/p>\n<p class=\"_paragraph_o9xde_4 _paragraph_xtcu6_10 layout-component text-serif-m layout-normal text-serif-m layout-padded\">VG kjenner ikke til om han har jobbet som lege etterp\u00e5.<\/p>\n<p class=\"_paragraph_o9xde_4 _paragraph_xtcu6_10 layout-component text-serif-m layout-normal text-serif-m layout-padded\">\u2013 Er denne saken et eksempel p\u00e5 at systemet ikke beskytter pasientene tilstrekkelig?<\/p>\n<p class=\"_paragraph_o9xde_4 _paragraph_xtcu6_10 layout-component text-serif-m layout-normal text-serif-m layout-padded\">\u2013 Pasientsikkerheten kommer alltid f\u00f8rst, men vi m\u00e5 samtidig s\u00f8rge for at leger i en vanskelig situasjon f\u00e5r hjelp og oppf\u00f8lging, sier kommuneoverlegen.<\/p>\n<p class=\"_paragraph_o9xde_4 _paragraph_xtcu6_10 layout-component text-serif-m layout-normal text-serif-m layout-padded\">F\u00f8rst i oktober i \u00e5r, etter at arbeidsforholdet ved legekontoret ble avsluttet, sendte Statsforvalteren i \u00d8stfold, Buskerud, Oslo og Akershus en sak om den aktuelle legen til Helsetilsynet.<\/p>\n<p class=\"_paragraph_o9xde_4 _paragraph_xtcu6_10 layout-component text-serif-m layout-normal text-serif-m layout-padded\">De forteller at de ogs\u00e5 varslet om ham i 2015. <\/p>\n<p class=\"_paragraph_o9xde_4 _paragraph_xtcu6_10 layout-component text-serif-m layout-normal text-serif-m layout-padded\">Helsetilsynet finner ogs\u00e5 en sak p\u00e5 legen fra 2011. \u00abDen ble avsluttet uten reaksjon\u00bb, skriver presseansvarlig i en e-post.<\/p>\n<p class=\"_paragraph_o9xde_4 _paragraph_xtcu6_10 layout-component text-serif-m layout-normal text-serif-m layout-padded\">\u2013 Hvor alvorlige hendelser skal til for at Statsforvalteren kontakter Helsetilsynet?<\/p>\n<p class=\"_paragraph_o9xde_4 _paragraph_xtcu6_10 layout-component text-serif-m layout-normal text-serif-m layout-padded\">\u2013 Vi dr\u00f8fter alltid saker med Helsetilsynet dersom vi mener at saken umiddelbart b\u00f8r oversendes for vurdering av suspensjon, svarer assisterende avdelingsdirekt\u00f8r hos statsforvalteren i \u00d8stfold, Buskerud, Oslo og Akershus, Thea Belseth.<\/p>\n<p><img decoding=\"async\" alt=\"Bilde av Assisterende avdelingsdirekt\u00f8r \" class=\"_image_ygndg_42\" height=\"40\" itemprop=\"image\" loading=\"lazy\"  src=\"https:\/\/www.europesays.com\/no\/wp-content\/uploads\/2025\/12\/c45d6cc0-fdc7-48b2-a2d9-54e499104d73\"  width=\"40\"\/><strong class=\"_name_ygndg_51 title-serif-xs\">Assisterende avdelingsdirekt\u00f8r <\/strong><\/p>\n<p class=\"_paragraph_o9xde_4 text-sans-m _description_ygndg_56\">Thea Belseth<\/p>\n<p class=\"_paragraph_o9xde_4 _paragraph_xtcu6_10 layout-component text-serif-m layout-normal text-serif-m layout-padded\">\u2013 Dette gjelder saker der det er grunn til \u00e5 tro at vilk\u00e5rene for tilbakekall av autorisasjon er oppfylt, og der vedkommende anses \u00e5 v\u00e6re til fare for sikkerheten. Det gjelder ogs\u00e5 saker der det er n\u00f8dvendig \u00e5 stanse virksomhet som kan v\u00e6re til fare for sikkerheten og tilliten til helse- og omsorgstjenesten.<\/p>\n<p>D\u00f8mt for vold<\/p>\n<p class=\"_paragraph_o9xde_4 _paragraph_xtcu6_10 layout-component text-serif-m layout-normal text-serif-m layout-padded\">I h\u00f8st ble legen d\u00f8mt for vold.<\/p>\n<p class=\"_paragraph_o9xde_4 _paragraph_xtcu6_10 layout-component text-serif-m layout-normal text-serif-m layout-padded\"><strong class=\"_strong_o9xde_25\">I dommen st\u00e5r det at krangelen skal ha handlet om mannens bruk av alkohol.<\/strong><\/p>\n<p class=\"_paragraph_o9xde_4 _paragraph_xtcu6_10 layout-component text-serif-m layout-normal text-serif-m layout-padded\">Det endte if\u00f8lge dommen med at han festet et halsgrep p\u00e5 offeret og deretter skallet hen i ansiktet, slik at vedkommende begynte \u00e5 bl\u00f8 neseblod.<\/p>\n<p class=\"_paragraph_o9xde_4 _paragraph_xtcu6_10 layout-component text-serif-m layout-normal text-serif-m layout-padded\">Mannen hadde over to i promille da politiet testet ham senere. <\/p>\n<p class=\"_paragraph_o9xde_4 _paragraph_xtcu6_10 layout-component text-serif-m layout-normal text-serif-m layout-padded\">Under rettssaken erkjente han at det hadde oppst\u00e5tt h\u00e5ndgemeng mellom dem, men sa seg ikke skyldig i tiltalen. <\/p>\n<p><img alt=\"\" class=\"_image_qp4xg_65 layout-component layout-right\" data-fullscreen- data-track-element-type=\"Article image fullscreen\" data-track-name=\"ImageFullscreen\" decoding=\"async\" loading=\"lazy\" height=\"4407\" itemprop=\"image\"  src=\"https:\/\/www.europesays.com\/no\/wp-content\/uploads\/2025\/12\/1449cdaa-1ac5-4005-8361-b9b71998afd5\"  style=\"object-position:0% 0%\" width=\"6607\"\/><\/p>\n<p class=\"_paragraph_o9xde_4 _paragraph_xtcu6_10 layout-component text-serif-m layout-normal text-serif-m layout-padded\">Mannen ble d\u00f8mt til 45 dagers fengsel. I dommen st\u00e5r det at mannen fortsatt \u00aber i arbeid som lege\u00bb.<\/p>\n<p class=\"_paragraph_o9xde_4 _paragraph_xtcu6_10 layout-component text-serif-m layout-normal text-serif-m layout-padded\"><strong class=\"_strong_o9xde_25\"> I Helsedirektoratets register over helsepersonell i Norge, er han oppf\u00f8rt med en aktiv legeautorisasjon.<\/strong><\/p>\n<p class=\"_paragraph_o9xde_4 _paragraph_xtcu6_10 layout-component text-serif-m layout-normal text-serif-m layout-padded\">Det betyr at mannen fortsatt kan jobbe som lege. <\/p>\n<p class=\"_paragraph_o9xde_4 _paragraph_xtcu6_10 layout-component text-serif-m layout-normal text-serif-m layout-padded\">Det oppr\u00f8rer Therese Engejordet Pardal, som sp\u00f8r:  <\/p>\n<p class=\"_paragraph_o9xde_4 _paragraph_xtcu6_10 layout-component text-serif-m layout-normal text-serif-m layout-padded\">\u2013 Hva skal egentlig til for \u00e5 miste autorisasjonen?<\/p>\n<p><img alt=\"\" class=\"_image_qp4xg_65 layout-component layout-normal\" data-fullscreen- data-track-element-type=\"Article image fullscreen\" data-track-name=\"ImageFullscreen\" decoding=\"async\" loading=\"lazy\" height=\"5464\" itemprop=\"image\"  src=\"https:\/\/www.europesays.com\/no\/wp-content\/uploads\/2025\/12\/75c886c9-657b-44f6-a899-5df0a65441c2\"  style=\"object-position:0% 0%\" width=\"7282\"\/><\/p>\n<p class=\"_paragraph_o9xde_4 _paragraph_xtcu6_10 layout-component text-serif-m layout-normal text-serif-m layout-padded\">VG kontakter Statens helsetilsyn 5. desember. Over en m\u00e5ned etter at legen ble d\u00f8mt, har tilsynet fortsatt ikke f\u00e5tt noe informasjon om domfellelsen.<\/p>\n<p class=\"_paragraph_o9xde_4 _paragraph_xtcu6_10 layout-component text-serif-m layout-normal text-serif-m layout-padded\">\u2013 Vi er kjent med at det har v\u00e6rt tidligere klagesaker p\u00e5 legen, men ikke dommen fra Oslo Tingrett, svarer Nina Vedholm i presseavdelingen.<\/p>\n<p class=\"_paragraph_o9xde_4 _paragraph_xtcu6_10 layout-component text-serif-m layout-normal text-serif-m layout-padded\"><strong class=\"_strong_o9xde_25\">Hun bekrefter at Helsetilsynet n\u00e5 vil innhente dommen og opprette tilsynssak.<\/strong><\/p>\n<p class=\"_paragraph_o9xde_4 _paragraph_xtcu6_10 layout-component text-serif-m layout-normal text-serif-m layout-padded\">Statsforvalteren kjenner heller ikke til denne voldsdommen.<\/p>\n<p class=\"_paragraph_o9xde_4 _paragraph_xtcu6_10 layout-component text-serif-m layout-normal text-serif-m layout-padded\"><strong class=\"_strong_o9xde_25\">Hvem har egentlig ansvaret for \u00e5 melde fra til helsemyndighetene?<\/strong><\/p>\n<p class=\"_paragraph_o9xde_4 _paragraph_xtcu6_10 layout-component text-serif-m layout-normal text-serif-m layout-padded\">Et regjeringsoppnevnt utvalg, som ble oppnevnt etter VGs avsl\u00f8ringer om psykolog Sverre Varhaug i 2021, sl\u00e5r i sin rapport fra 2022 fast i et eget punkt:<\/p>\n<p class=\"_paragraph_o9xde_4 _paragraph_xtcu6_10 layout-component text-serif-m layout-normal text-serif-m layout-padded\"><strong class=\"_strong_o9xde_25\">Samarbeidet mellom helsetilsynet og politi- og p\u00e5talemyndighet m\u00e5 styrkes.<\/strong><\/p>\n<p class=\"_paragraph_o9xde_4 _paragraph_xtcu6_10 layout-component text-serif-m layout-normal text-serif-m layout-padded\">P\u00e5 VGs sp\u00f8rsm\u00e5l til Helse- og omsorgsdepartementet, Helsetilsynet og Helsedirektoratet om rapporten i november i \u00e5r, var svaret at samarbeidet er styrket etter at rapporten kom.<\/p>\n<p class=\"_paragraph_o9xde_4 _paragraph_xtcu6_10 layout-component text-serif-m layout-normal text-serif-m layout-padded\">Men: \u00abHelsetilsynets erfaring er at det er klare regionale forskjeller p\u00e5 hvor godt dette samarbeidet er.\u00bb<\/p>\n<p><img decoding=\"async\" alt=\"Bilde av Helsedirekt\u00f8r \" class=\"_image_ygndg_42\" height=\"27\" itemprop=\"image\" loading=\"lazy\"  src=\"https:\/\/www.europesays.com\/no\/wp-content\/uploads\/2025\/12\/348040c8-1cdd-4f3e-850b-c09fdd9359a2\"  width=\"40\"\/><strong class=\"_name_ygndg_51 title-serif-xs\">Helsedirekt\u00f8r <\/strong><\/p>\n<p class=\"_paragraph_o9xde_4 text-sans-m _description_ygndg_56\">Sjur Lehmann<\/p>\n<p class=\"_paragraph_o9xde_4 _paragraph_xtcu6_10 layout-component text-serif-m layout-normal text-serif-m layout-padded\">Burde Helsetilsynet v\u00e6rt informert om at denne legen \u2013 med full autorisasjon \u2013 er blitt d\u00f8mt for vold?<\/p>\n<p class=\"_paragraph_o9xde_4 _paragraph_xtcu6_10 layout-component text-serif-m layout-normal text-serif-m layout-padded\">Helsetilsynets direkt\u00f8r Sjur Lehmann mener det.<\/p>\n<p class=\"_paragraph_o9xde_4 _paragraph_xtcu6_10 layout-component text-serif-m layout-normal text-serif-m layout-padded\"><strong class=\"_strong_o9xde_25\">\u2013 Vi mener at p\u00e5talemyndighetene\/politiet b\u00f8r informere tilsynsmyndighetene, n\u00e5r et helsepersonell er siktet eller d\u00f8mt for alvorlige forhold. Og vi \u00f8nsker informasjon p\u00e5 et tidlig tidspunkt, sier Lehmann.<\/strong><\/p>\n<p class=\"_paragraph_o9xde_4 _paragraph_xtcu6_10 layout-component text-serif-m layout-normal text-serif-m layout-padded\">Han understreker at de n\u00e5 vil f\u00f8lge opp dette videre.<\/p>\n<p class=\"_paragraph_o9xde_4 _paragraph_xtcu6_10 layout-component text-serif-m layout-normal text-serif-m layout-padded\">\u2013 S\u00e5 det er ikke riktig at samarbeidet er styrket? <\/p>\n<p class=\"_paragraph_o9xde_4 _paragraph_xtcu6_10 layout-component text-serif-m layout-normal text-serif-m layout-padded\">\u2013 Samhandling i straffesaker har v\u00e6rt tema i dialogm\u00f8ter mellom Helsetilsynet og statsforvalterne, og v\u00e5r veiledning til statsforvalterne er endret for \u00e5 fremme dette. Vi oppfatter likevel at det er regionale forskjeller og at dialogen sentralt b\u00f8r styrkes, svarer Sjur Lehmann. <\/p>\n<p class=\"_paragraph_o9xde_4 _paragraph_xtcu6_10 layout-component text-serif-m layout-normal text-serif-m layout-padded\">Han vil f\u00f8lge opp for \u00e5 sikre kompetanseheving og utvikling av samarbeidet.<\/p>\n<p><img alt=\"\" class=\"_image_qp4xg_65 layout-component layout-left\" data-fullscreen- data-track-element-type=\"Article image fullscreen\" data-track-name=\"ImageFullscreen\" decoding=\"async\" loading=\"lazy\" height=\"5363\" itemprop=\"image\"  src=\"https:\/\/www.europesays.com\/no\/wp-content\/uploads\/2025\/12\/d99463f6-ae05-48ee-906d-6fffd6881c00\"  style=\"object-position:0% 0%\" width=\"7147\"\/><\/p>\n<p class=\"_paragraph_o9xde_4 _paragraph_xtcu6_10 layout-component text-serif-m layout-normal text-serif-m layout-padded\">Therese Engejordet Pardal har selv jobbet p\u00e5 lederniv\u00e5 i en kommune, og er sterkt kritisk til hvordan varslene mot hennes tidligere fastlege ble h\u00e5ndtert.<\/p>\n<p class=\"_paragraph_o9xde_4 _paragraph_xtcu6_10 layout-component text-serif-m layout-normal text-serif-m layout-padded\">\u2013 Legen trenerte og forsinket kritisk helsehjelp og rettigheter for oss. Han var farlig for pasienter, men fikk kun et lite \u00absmekk p\u00e5 labben\u00bb av Statsforvalteren, som skal passe p\u00e5 at innbyggerne f\u00e5r forsvarlig helsehjelp, sier hun.<\/p>\n","protected":false},"excerpt":{"rendered":"Therese Engejordet Pardal mener svikt fra fastlegen gjorde at hun ikke fikk riktig behandling og tr\u00f8bbel med NAV.&hellip;\n","protected":false},"author":2,"featured_media":118472,"comment_status":"","ping_status":"","sticky":false,"template":"","format":"standard","meta":{"footnotes":""},"categories":[10],"tags":[20,21,4298,24,25,15,22,23,3643,13,30,28,29,14,16,5458,26,27,493],"class_list":{"0":"post-118471","1":"post","2":"type-post","3":"status-publish","4":"format-standard","5":"has-post-thumbnail","7":"category-norge","8":"tag-breaking-news","9":"tag-breakingnews","10":"tag-fastlegene","11":"tag-featured-news","12":"tag-featurednews","13":"tag-headlines","14":"tag-latest-news","15":"tag-latestnews","16":"tag-lege","17":"tag-news","18":"tag-no","19":"tag-norge","20":"tag-norway","21":"tag-nyheter","22":"tag-overskrifter","23":"tag-statsforvalteren","24":"tag-top-stories","25":"tag-topstories","26":"tag-vold"},"share_on_mastodon":{"url":"https:\/\/pubeurope.com\/@no\/115753894196612594","error":""},"_links":{"self":[{"href":"https:\/\/www.europesays.com\/no\/wp-json\/wp\/v2\/posts\/118471","targetHints":{"allow":["GET"]}}],"collection":[{"href":"https:\/\/www.europesays.com\/no\/wp-json\/wp\/v2\/posts"}],"about":[{"href":"https:\/\/www.europesays.com\/no\/wp-json\/wp\/v2\/types\/post"}],"author":[{"embeddable":true,"href":"https:\/\/www.europesays.com\/no\/wp-json\/wp\/v2\/users\/2"}],"replies":[{"embeddable":true,"href":"https:\/\/www.europesays.com\/no\/wp-json\/wp\/v2\/comments?post=118471"}],"version-history":[{"count":0,"href":"https:\/\/www.europesays.com\/no\/wp-json\/wp\/v2\/posts\/118471\/revisions"}],"wp:featuredmedia":[{"embeddable":true,"href":"https:\/\/www.europesays.com\/no\/wp-json\/wp\/v2\/media\/118472"}],"wp:attachment":[{"href":"https:\/\/www.europesays.com\/no\/wp-json\/wp\/v2\/media?parent=118471"}],"wp:term":[{"taxonomy":"category","embeddable":true,"href":"https:\/\/www.europesays.com\/no\/wp-json\/wp\/v2\/categories?post=118471"},{"taxonomy":"post_tag","embeddable":true,"href":"https:\/\/www.europesays.com\/no\/wp-json\/wp\/v2\/tags?post=118471"}],"curies":[{"name":"wp","href":"https:\/\/api.w.org\/{rel}","templated":true}]}}