{"id":118475,"date":"2025-12-20T20:57:21","date_gmt":"2025-12-20T20:57:21","guid":{"rendered":"https:\/\/www.europesays.com\/no\/118475\/"},"modified":"2025-12-20T20:57:21","modified_gmt":"2025-12-20T20:57:21","slug":"stryningar-vart-heidra-fjordingen-no","status":"publish","type":"post","link":"https:\/\/www.europesays.com\/no\/118475\/","title":{"rendered":"Stryningar vart heidra &#8211; fjordingen.no"},"content":{"rendered":"<ol>\n<li><a href=\"https:\/\/news.google.com\/rss\/articles\/CBMic0FVX3lxTE1LcUFWY203b0Zqdm5hTmcwQ3lZSEx5dDRvLUNUTlBFbDFQRi1PS2RpTm5NbUNCcXdIWFRHRng1RFkxbEFWenl2bFdwUC1FRmJTNUI5SXpxYndxd2JNTmhIcTAtN3BMaGtOa2FtYWl0OVRqUjQ?oc=5\" target=\"_blank\" rel=\"nofollow noopener\">Stryningar vart heidra<\/a>&nbsp;&nbsp;fjordingen.no<\/li>\n<li><a href=\"https:\/\/news.google.com\/rss\/articles\/CBMimAFBVV95cUxNeF9LY2ViNUtmV2JlRVIyQmd2Rml3cnZoV3cxeWFYWVdQalFDTjNGWnhnUWxVM2FfbDhKRVB3Zy04ckFad0ZlcTVKSzNCdTYtUGo2U0hFanVHaE5CTlBnS2dQSDlrcHBVdm00REpINnpIRXp1QmpqWFF2dGRuWldUQ29IVmp5WWlIUDFaaWF4Y3RTS2NIcHBfYQ?oc=5\" target=\"_blank\" rel=\"nofollow noopener\">Hedret idretten med priser og stipend<\/a>&nbsp;&nbsp;Bergen kommune<\/li>\n<li><a href=\"https:\/\/news.google.com\/rss\/articles\/CBMipwFBVV95cUxNUUJJeXpBWm91dmNsVFZmMHFWczF3cUlIMG9DNEZhdTUxdXhQS3Jsa0F3ZGFoZllhem9YbG1WQ2d2TnhnWWhzbXEwVlVadkItZHQzWmpJVWNtbFNoQlBNWVc0OEVoUzdrSDdyVUZyY1dScHJzTjJXQU5sUGpla01IM3hxekVCQkg5SGZ5VmNXM3lXaXMyS2oyRUJfX0dRakltdkNiczJJaw?oc=5\" target=\"_blank\" rel=\"nofollow noopener\">Idrettsstipend, Silje Rongev\u00e6r Slyngstadli | Pengedryss til \u00c5sane-ut\u00f8vere: Stjernesv\u00f8mmer fikk toppstipend<\/a>&nbsp;&nbsp;\u00c5sane Tidende<\/li>\n<li><a href=\"https:\/\/news.google.com\/rss\/articles\/CBMiigFBVV95cUxOWnM1UkY5WlpobHR2Q3N0bG5wQUdHdURoRFgtcEphQnowVzZqelJod05aZEZPSTgyY1dobzFHcXVPUXZLcFVIWmhoTDhKZXFmV2VoQ01BNXpKLTRTYWsxS0hiOEZYdVRpakQwTWhHeUdvVTB2cmRFQV9uQWRaQ1RtZWxfSjBid3pFS0E?oc=5\" target=\"_blank\" rel=\"nofollow noopener\">Idrettspriser og -stipend, Fana | Sm\u00f8r\u00e5s IL og Fana IL ble \u00e5rets idrettslag<\/a>&nbsp;&nbsp;Fanaposten<\/li>\n<li><a href=\"https:\/\/news.google.com\/rss\/articles\/CBMikAFBVV95cUxPYmE0M25kM3JUQ1RCdzNfMHJUcXpBcldNVGNYU2FreDl0VmJuYlhLUEdWci1yMzhPLUNRYmo5SFFDR2xGOHFTNDRZRl9hcU1iSTFoQzRPclMwckkxRVlYSnlkNXNyTkl0Rk9EcG1yMlFLQTJVTkJCMlcyd2xsRmhuQ2VrOWVhRTJqVmdHNDhpNDQ?oc=5\" target=\"_blank\" rel=\"nofollow noopener\">Annbj\u00f8rg Sunnarvik er \u00c5rets eldsjel i Vestland<\/a>&nbsp;&nbsp;Firdaposten<\/li>\n<\/ol>\n","protected":false},"excerpt":{"rendered":"Stryningar vart heidra&nbsp;&nbsp;fjordingen.no Hedret idretten med priser og stipend&nbsp;&nbsp;Bergen kommune Idrettsstipend, Silje Rongev\u00e6r Slyngstadli | Pengedryss til \u00c5sane-ut\u00f8vere:&hellip;\n","protected":false},"author":2,"featured_media":118476,"comment_status":"","ping_status":"","sticky":false,"template":"","format":"standard","meta":{"footnotes":""},"categories":[59],"tags":[30,28,29,83,82],"class_list":{"0":"post-118475","1":"post","2":"type-post","3":"status-publish","4":"format-standard","5":"has-post-thumbnail","7":"category-sport","8":"tag-no","9":"tag-norge","10":"tag-norway","11":"tag-sport","12":"tag-sports"},"share_on_mastodon":{"url":"","error":""},"_links":{"self":[{"href":"https:\/\/www.europesays.com\/no\/wp-json\/wp\/v2\/posts\/118475","targetHints":{"allow":["GET"]}}],"collection":[{"href":"https:\/\/www.europesays.com\/no\/wp-json\/wp\/v2\/posts"}],"about":[{"href":"https:\/\/www.europesays.com\/no\/wp-json\/wp\/v2\/types\/post"}],"author":[{"embeddable":true,"href":"https:\/\/www.europesays.com\/no\/wp-json\/wp\/v2\/users\/2"}],"replies":[{"embeddable":true,"href":"https:\/\/www.europesays.com\/no\/wp-json\/wp\/v2\/comments?post=118475"}],"version-history":[{"count":0,"href":"https:\/\/www.europesays.com\/no\/wp-json\/wp\/v2\/posts\/118475\/revisions"}],"wp:featuredmedia":[{"embeddable":true,"href":"https:\/\/www.europesays.com\/no\/wp-json\/wp\/v2\/media\/118476"}],"wp:attachment":[{"href":"https:\/\/www.europesays.com\/no\/wp-json\/wp\/v2\/media?parent=118475"}],"wp:term":[{"taxonomy":"category","embeddable":true,"href":"https:\/\/www.europesays.com\/no\/wp-json\/wp\/v2\/categories?post=118475"},{"taxonomy":"post_tag","embeddable":true,"href":"https:\/\/www.europesays.com\/no\/wp-json\/wp\/v2\/tags?post=118475"}],"curies":[{"name":"wp","href":"https:\/\/api.w.org\/{rel}","templated":true}]}}