{"id":118486,"date":"2025-12-20T21:10:19","date_gmt":"2025-12-20T21:10:19","guid":{"rendered":"https:\/\/www.europesays.com\/no\/118486\/"},"modified":"2025-12-20T21:10:19","modified_gmt":"2025-12-20T21:10:19","slug":"det-hagler-10-ere-i-finalen-2","status":"publish","type":"post","link":"https:\/\/www.europesays.com\/no\/118486\/","title":{"rendered":"Det hagler 10-ere i finalen"},"content":{"rendered":"<p>Finalen i \u00abSkal vi danse\u00bb er i full gang. L\u00f8rdag kveld er det duket for en nervepirrende kamp n\u00e5r hele tre finalister inntar parketten i h\u00e5p om \u00e5 l\u00f8fte den gjeve pokalen.<\/p>\n<p>Influenser og skuespiller Tale Torjussen (20), komiker Viggo Venn (36) og tidligere skiskytter Tiril Eckhoff (35) har alle lagt ned utallige treningstimer for dette \u00f8yeblikket \u2013 og n\u00e5 skal alt avgj\u00f8res.<\/p>\n<p class=\"italic m-italic\" data-lab-italic=\"italic\">Saken oppdateres fortl\u00f8pende.<\/p>\n<p>Full pott i kveldens f\u00f8rste dans\u00a0<\/p>\n<p>Kvelden er allerede godt i gang, og samtlige finalister har gjennomf\u00f8rt sin f\u00f8rste dans \u2013 med hvert sitt gjensyn med et tidligere nummer.\u00a0<\/p>\n<p>Venn \u00e5pnet ballet p\u00e5 imponerende vis med en quickstep som ga full pott og 40 poeng.\u00a0<\/p>\n<p>\u2013 Dette setter standarden for kvelden! Det er bare \u00e5 grue seg, dere bak. Dette er min all time favoritt-Viggo-\u00f8yeblikk. Levende og s\u00e5 elegant, sier dommer Merete Lindgj\u00e6rde etter dansen.\u00a0<\/p>\n<p>        <img class=\"image__img lazyload\" itemprop=\"image\" title=\"Foto: Ingvild Gjerdsj\u00f8 \/ TV 2\" alt=\"\u00c5PNET BALLET: Viggo Venn og dansepartner Rikke Lund \u00e5pnet finalen med kveldens f\u00f8rste dans. Foto: Ingvild Gjerdsj\u00f8 \/ TV 2\" width=\"675\" height=\"480\" bad-src=\"https:\/\/www.europesays.com\/no\/wp-content\/uploads\/2025\/12\/1766265011_494_18404159.webp\" fetchpriority=\"auto\" \/><\/p>\n<p>      \u00c5PNET BALLET: Viggo Venn og dansepartner Rikke Lund \u00e5pnet finalen med kveldens f\u00f8rste dans.<br \/>\n         Foto: Ingvild Gjerdsj\u00f8 \/ TV 2<\/p>\n<p>Venn var str\u00e5lende forn\u00f8yd med poengfangsten:\u00a0<\/p>\n<p>\u2013\u00a0Dette er \u00e5pningen vi h\u00e5pet p\u00e5!\u00a0<\/p>\n<p>Hver av finalistene skal gjennom tre danser f\u00f8r to skal videre til en gullduell, og vinneren av \u00abSkal vi danse\u00bb 2025 til slutt k\u00e5res.<\/p>\n<p>      <img class=\"image__img lazyload\" itemprop=\"image\" title=\"Foto: Ingvild Gjerdsj\u00f8 \/ TV 2\" alt=\"SVDFin\" width=\"978\" height=\"652\" bad-src=\"https:\/\/www.europesays.com\/no\/wp-content\/uploads\/2025\/12\/1766265012_708_18404173.webp\" fetchpriority=\"auto\" \/><\/p>\n<p>      GJENSYN: Dansen var et gjensyn med et tidligere nummer, og resulterte i 37 poeng.<br \/>\n         Foto: Ingvild Gjerdsj\u00f8 \/ TV 2<\/p>\n<p>      <img class=\"image__img lazyload\" itemprop=\"image\" title=\"Foto: Ingvild Gjerdsj\u00f8 \/ TV 2\" alt=\"SVDFin\" width=\"978\" height=\"652\" bad-src=\"https:\/\/www.europesays.com\/no\/wp-content\/uploads\/2025\/12\/1766265013_969_18404172.webp\" fetchpriority=\"auto\" \/><\/p>\n<p>      FRA TAKET: Tiril Eckhoff starten dansen i lufta.<br \/>\n         Foto: Ingvild Gjerdsj\u00f8 \/ TV 2<\/p>\n<p>      <img class=\"image__img lazyload\" itemprop=\"image\" title=\"Foto: Ingvild Gjerdsj\u00f8 \/ TV 2\" alt=\"SVDFin\" width=\"978\" height=\"652\" bad-src=\"https:\/\/www.europesays.com\/no\/wp-content\/uploads\/2025\/12\/1766265014_348_18404175.webp\" fetchpriority=\"auto\" \/><\/p>\n<p>      IMPONERENDE L\u00d8FT: Tiril Eckhoff og Santino Mirenna hadde flere imponerende l\u00f8ft i dansen.<br \/>\n         Foto: Ingvild Gjerdsj\u00f8 \/ TV 2<\/p>\n<p>      <img class=\"image__img lazyload\" itemprop=\"image\" title=\"Foto: Ingvild Gjerdsj\u00f8 \/ TV 2\" alt=\"SVDFin\" width=\"978\" height=\"652\" bad-src=\"https:\/\/www.europesays.com\/no\/wp-content\/uploads\/2025\/12\/1766265015_729_18404174.webp\" fetchpriority=\"auto\" \/><\/p>\n<p>      LADY GAGA: Danseparet danset til \u00abAbracadabra\u00bb.<br \/>\n         Foto: Ingvild Gjerdsj\u00f8 \/ TV 2<\/p>\n<p>Som neste finalist p\u00e5 parketten serverte Eckhoff og dansepartner Santino Mirenna et<br \/>\ngjensyn med en tango til Lady Gagas \u00abAbracadabra\u00bb. <\/p>\n<p>\u2013 Jeg elsker Gaga, men jeg elsker deg mer, Tiril! I dag<br \/>\nleverer du \u2013 s\u00e5nn gj\u00f8r du<br \/>\nGaga, jublet dommer Jan Thomas.<\/p>\n<p>\u00a0Dansen ga 37 poeng fra dommerne.\u00a0<\/p>\n<p>\u2013 Jeg har jobbet mye og begynt \u00e5 trives mer og mer p\u00e5 scenen. Takket v\u00e6re<br \/>\nSantino st\u00e5r jeg der med langt mer tr\u00f8kk i beina, sier Eckhoff.<\/p>\n<p>        <img class=\"image__img lazyload\" itemprop=\"image\" title=\"Foto: Ingvild Gjersj\u00f8 \/ TV 2\" alt=\"GJENSYN: Tale Torjussen og Antonio Careri fremf\u00f8rte en moderne dans til \u00abWhat Was I Made For?\u00bb. Foto: Ingvild Gjersj\u00f8 \/ TV 2\" width=\"978\" height=\"551\" bad-src=\"https:\/\/www.europesays.com\/no\/wp-content\/uploads\/2025\/12\/1766265015_559_18404227.webp\" fetchpriority=\"auto\" \/><\/p>\n<p>      GJENSYN: Tale Torjussen og Antonio Careri fremf\u00f8rte en moderne dans til \u00abWhat Was I Made For?\u00bb.<br \/>\n         Foto: Ingvild Gjersj\u00f8 \/ TV 2<\/p>\n<p>Det var ikke bare Venn som fikk en dr\u00f8mmestart i finalen.\u00a0Kveldens yngste finalist, Torjussen, fikk ogs\u00e5 full pott etter sin f\u00f8rste dans.<\/p>\n<p>\u2013 Du bretter sjelen din ut og det treffer meg midt i hjertet, sier dommer Nadya Khamitskaya Andersen om dansen.\u00a0<\/p>\n<p>Jan Thomas var ikke mindre imponert:\u00a0<\/p>\n<p>\u2013 Historiene du forteller og det du formidler er helt perfekt. Du er et forbilde unge mennesker trenger.\u00a0<\/p>\n<p>Finalisten var selv tydelig r\u00f8rt etter dansen:<\/p>\n<p>\u2013 Det var helt fantastisk, jeg f\u00f8ler at jeg har gitt hele meg til \u00abSkal vi danse\u00bb, alle mine sider, gode og vonde, alt av meg som elsker dans, musikk og det \u00e5 st\u00e5 p\u00e5 en scene!\u00a0<\/p>\n<p>Utfordret av dommerne<\/p>\n<p>I finalens andre runde valgte finalistene en dansestil de hadde danset f\u00f8r, som de \u00f8nsket \u00e5 forbedre \u2013 etter en utfordring fra dommerne.<\/p>\n<p>Venn gikk for tango, en dans som tidligere har gitt ham 27 poeng. Denne gangen gikk det langt bedre, og publikum var i fyr og flamme etter opptredenen:\u00a0<\/p>\n<p>\u2013 Det ryker! Det jeg elsker med deg, er n\u00e5r publikum hyler! Du st\u00e5r der, tar det til deg, og er i \u00f8yeblikket igjen og igjen. N\u00e5r du kom med alle de guttene bak deg\u2026 jeg hadde lyst til \u00e5 si noe, men det kan man ikke si p\u00e5 TV, sa Jan Thomas.<\/p>\n<p>Dansen ga ham 38 poeng.<\/p>\n<p>        <img class=\"image__img lazyload\" itemprop=\"image\" title=\"Foto: Ingvild Gjerdsj\u00f8 \/ TV 2\" alt=\"TANGO: Viggo Venn danset en forrykende tango. Foto: Ingvild Gjerdsj\u00f8 \/ TV 2\" width=\"675\" height=\"453\" bad-src=\"https:\/\/www.europesays.com\/no\/wp-content\/uploads\/2025\/12\/1766265016_103_18404268.webp\" fetchpriority=\"auto\" \/><\/p>\n<p>      TANGO: Viggo Venn danset en forrykende tango.<br \/>\n         Foto: Ingvild Gjerdsj\u00f8 \/ TV 2<\/p>\n<p>Eckhoff fikk p\u00e5 sin side hennes aller f\u00f8rste fulle pott, med en imponerende wienervals. Dommerne \u00f8nsket p\u00e5 forh\u00e5nd mer bevegelse i overkroppen og utstrakte armer \u2013 noe hun leverte til de grader.<\/p>\n<p>\u2013 Du kommer bare ut n\u00e5r det gjelder. Du sjarmerer meg i senk! Ikke bare med smilet ditt, men med alt! Alts\u00e5, Tiril!!!! roper en tydelig begeistret Khamitskaya.<\/p>\n<p>\u2013 Du bruker overkroppen og puster med armene \u2013 dette var veldig, veldig vakkert, legger Lindgj\u00e6rde til.\u00a0<\/p>\n<p class=\"italic m-italic\" data-lab-italic=\"italic\">Se dansen som ga 40 poeng her:\u00a0<\/p>\n<p>Torjussen sikret seg hennes andre fulle pott for kvelden, som eneste finalist s\u00e5 langt, med en quickstep som imponerte dommerne stort:\u00a0<\/p>\n<p>\u2013 N\u00e5 er du en danser, Tale! sier dommer Cengiz Al etter dansen.\u00a0<\/p>\n<p>\u2013\u00a0\u00a0Dette kan gj\u00f8re at du lukter p\u00e5 denne kulen. Dette vil jeg kalle en audition til musikalscenen, legger Lindgj\u00e6rde til.<\/p>\n<p>        <img class=\"image__img lazyload\" itemprop=\"image\" title=\"Foto: Ingvild Gjerdsj\u00f8 \/ TV 2\" alt=\"GLAD: Tale Torjussen hoppet av glede av dommerpoengene. Foto: Ingvild Gjerdsj\u00f8 \/ TV 2\" width=\"675\" height=\"432\" bad-src=\"https:\/\/www.europesays.com\/no\/wp-content\/uploads\/2025\/12\/18404357.webp\" fetchpriority=\"auto\" \/><\/p>\n<p>      GLAD: Tale Torjussen hoppet av glede av dommerpoengene.<br \/>\n         Foto: Ingvild Gjerdsj\u00f8 \/ TV 2<\/p>\n<p>\u2013\u00a0Jeg er veldig stolt! Jeg har det s\u00e5 g\u00f8y, sier Torjussen.\u00a0<\/p>\n<p>P\u00e5 plass i salen\u00a0<\/p>\n<p>Blant publikum sitter influenser og tidligere \u00abLove Island\u00bb-vinner Elisabeth Henriksen Reither (30).<\/p>\n<p>Reither legger ikke skjul p\u00e5 hvem hun heier p\u00e5 under kveldens finale \u2013 med b\u00e5de Viggo-skilt og den velkjente refleksvesten.\u00a0<\/p>\n<p>        <img class=\"image__img lazyload\" itemprop=\"image\" title=\"Foto: Ingvild Gjerdsj\u00f8\/ TV 2\" alt=\"REFLEKSVEST: 30-\u00e5ringen ikler seg den ikoniske refleksvesten som har blitt Viggo Venns varemerke. Foto: Ingvild Gjerdsj\u00f8\/ TV 2\" width=\"978\" height=\"551\" bad-src=\"https:\/\/www.europesays.com\/no\/wp-content\/uploads\/2025\/12\/1766265018_458_18404049.webp\" fetchpriority=\"auto\" \/><\/p>\n<p>      REFLEKSVEST: 30-\u00e5ringen ikler seg den ikoniske refleksvesten som har blitt Viggo Venns varemerke.<br \/>\n         Foto: Ingvild Gjerdsj\u00f8\/ TV 2<\/p>\n<p>        <img class=\"image__img lazyload\" itemprop=\"image\" title=\"Foto: Ingvild Gjerdsj\u00f8 \/ TV 2\" alt=\"HEIER: Elisabeth Henriksen Reither holder opp ett Viggo-skilt. Foto: Ingvild Gjerdsj\u00f8 \/ TV 2\" width=\"978\" height=\"551\" bad-src=\"https:\/\/www.europesays.com\/no\/wp-content\/uploads\/2025\/12\/1766265019_885_18404043.webp\" fetchpriority=\"auto\" \/><\/p>\n<p>      HEIER: Elisabeth Henriksen Reither holder opp ett Viggo-skilt.<br \/>\n         Foto: Ingvild Gjerdsj\u00f8 \/ TV 2<\/p>\n","protected":false},"excerpt":{"rendered":"Finalen i \u00abSkal vi danse\u00bb er i full gang. L\u00f8rdag kveld er det duket for en nervepirrende kamp&hellip;\n","protected":false},"author":2,"featured_media":118458,"comment_status":"","ping_status":"","sticky":false,"template":"","format":"standard","meta":{"footnotes":""},"categories":[5],"tags":[20,21,24,25,15,19,22,23,17,18,13,30,28,29,14,16,26,27],"class_list":{"0":"post-118486","1":"post","2":"type-post","3":"status-publish","4":"format-standard","5":"has-post-thumbnail","7":"category-overskrifter","8":"tag-breaking-news","9":"tag-breakingnews","10":"tag-featured-news","11":"tag-featurednews","12":"tag-headlines","13":"tag-hovedoppslag","14":"tag-latest-news","15":"tag-latestnews","16":"tag-main-news","17":"tag-mainnews","18":"tag-news","19":"tag-no","20":"tag-norge","21":"tag-norway","22":"tag-nyheter","23":"tag-overskrifter","24":"tag-top-stories","25":"tag-topstories"},"share_on_mastodon":{"url":"https:\/\/pubeurope.com\/@no\/115753951104635598","error":""},"_links":{"self":[{"href":"https:\/\/www.europesays.com\/no\/wp-json\/wp\/v2\/posts\/118486","targetHints":{"allow":["GET"]}}],"collection":[{"href":"https:\/\/www.europesays.com\/no\/wp-json\/wp\/v2\/posts"}],"about":[{"href":"https:\/\/www.europesays.com\/no\/wp-json\/wp\/v2\/types\/post"}],"author":[{"embeddable":true,"href":"https:\/\/www.europesays.com\/no\/wp-json\/wp\/v2\/users\/2"}],"replies":[{"embeddable":true,"href":"https:\/\/www.europesays.com\/no\/wp-json\/wp\/v2\/comments?post=118486"}],"version-history":[{"count":0,"href":"https:\/\/www.europesays.com\/no\/wp-json\/wp\/v2\/posts\/118486\/revisions"}],"wp:featuredmedia":[{"embeddable":true,"href":"https:\/\/www.europesays.com\/no\/wp-json\/wp\/v2\/media\/118458"}],"wp:attachment":[{"href":"https:\/\/www.europesays.com\/no\/wp-json\/wp\/v2\/media?parent=118486"}],"wp:term":[{"taxonomy":"category","embeddable":true,"href":"https:\/\/www.europesays.com\/no\/wp-json\/wp\/v2\/categories?post=118486"},{"taxonomy":"post_tag","embeddable":true,"href":"https:\/\/www.europesays.com\/no\/wp-json\/wp\/v2\/tags?post=118486"}],"curies":[{"name":"wp","href":"https:\/\/api.w.org\/{rel}","templated":true}]}}